{"id":70490,"date":"2024-09-10T00:37:54","date_gmt":"2024-09-10T06:37:54","guid":{"rendered":"https:\/\/porlalibreedomex.com\/?p=70490"},"modified":"2024-09-11T00:38:39","modified_gmt":"2024-09-11T06:38:39","slug":"aberraciones-presidenciales-maullidos-urbanos","status":"publish","type":"post","link":"https:\/\/www.porlalibreedomex.com\/?p=70490","title":{"rendered":"Aberraciones presidenciales \/ Maullidos Urbanos"},"content":{"rendered":"<p>&nbsp;<\/p>\n<p><strong>Gato de Barrio \/<\/strong><\/p>\n<p align=\"right\"><strong><i><u><a href=\"mailto:gatodebarrio@yahoo.com.mx\" target=\"_blank\" rel=\"noopener\">gatodebarrio@yahoo.com.mx \/<\/a><\/u><\/i><\/strong><\/p>\n<p>En su conferencia ma\u00f1anera del pasado viernes, el presidente Andr\u00e9s Manuel L\u00f3pez Obrador calific\u00f3 de \u201caberraci\u00f3n y arbitrario\u201d el que la Suprema Corte de Justicia de la Naci\u00f3n (SCJN) detenga el proceso legislativo para la discusi\u00f3n y, en su caso, aprobaci\u00f3n de la reforma al Poder Judicial, pues seg\u00fan \u00e9l, de acuerdo con la Constituci\u00f3n el procedimiento corresponde a los poderes Ejecutivo y al Legislativo.<\/p>\n<p>Lamentablemente<strong> lo que s\u00ed resulta aberrante es que el presidente haya encabezado un gobierno basado en ocurrencias, donde sin atender observaciones de sus colaboradores, ya fueran integrantes de su gabinete o asesores especializados, impuls\u00f3 obras y acciones que carec\u00edan de fundamentos t\u00e9cnicos y econ\u00f3micos.<\/strong><\/p>\n<p>Porque con ocurrencias, entre otras cosas, elimin\u00f3 el Seguro Popular para crear un fallido<em><strong> Instituto de Salud para el Bienestar<\/strong><\/em> y, tras su fracaso lo supli\u00f3 con el llamado IMSS-Bienestar, adem\u00e1s de la mentira de que al final de la presente administraci\u00f3n el sector salud operar\u00eda eficientemente, \u201csiendo el mejor del mundo\u201d, seg\u00fan \u00e9l.<\/p>\n<p>Otra ocurrencia es haber intentado la descentralizaci\u00f3n de las dependencias federales, cuando lo implant\u00f3 sin considerar el traslado de personal administrativo y operativo, y\u00a0\u00a0solo se concreto la mudanza de algunos titulares y personal cercano, pero no el resto de los servidores p\u00fablicos, por lo cual este proyecto fue un fracaso total.<\/p>\n<p>Ocurrencia es el haber alentado un Sistema Aeroportuario Metropolitano, donde se cancel\u00f3 el nuevo aeropuerto en Texcoco, mantener activo el obsoleto Aeropuerto de la Ciudad de M\u00e9xico, otorgar todo el apoyo al Aeropuerto Felipe \u00c1ngeles, que funciona a medias e ignorar las instalaciones del Aeropuerto Internacional de Toluca.<\/p>\n<p>De igual forma se pueden considerar de ocurrencias la explotaci\u00f3n del litio, la creaci\u00f3n del Gas Bienestar, el impulso a la Nueva Mexicana de Aviaci\u00f3n, la creaci\u00f3n de la vacuna Patria contra el covid-19, que nunca funcion\u00f3, establecer el Banco del Bienestar sin ofrecer servicios bancarios ni financieros, entre otros temas.<\/p>\n<p>En resumen, es m\u00e1s una aberraci\u00f3n que sin saber de Derecho, L\u00f3pez Obrador ataque a la Suprema Corte de Justicia de la Naci\u00f3n, llamarla lanz\u00e1ndole ofensas al llamarla <em><strong>corrupta y podrida<\/strong><\/em> \u2013pero no as\u00ed cuando la presidia Arturo Zald\u00edvar Lelo de Larrea\u2013, para desacreditarla a fin exigir que jueces, magistrados y ministros sean electos por voto popular, cuando la realidad es que la 4-T intenta cooptar al Poder Judicial, al igual que ya lo hizo con el legislativo, para crear una tiran\u00eda legal\u2026<\/p>\n","protected":false},"excerpt":{"rendered":"<p>&nbsp; Gato de Barrio \/ gatodebarrio@yahoo.com.mx \/ En su conferencia ma\u00f1anera del pasado viernes, el presidente Andr\u00e9s Manuel L\u00f3pez Obrador calific\u00f3 de \u201caberraci\u00f3n y arbitrario\u201d el que la Suprema Corte de Justicia de la Naci\u00f3n (SCJN) detenga el proceso legislativo para la discusi\u00f3n y, en su caso, aprobaci\u00f3n de la reforma al Poder Judicial, pues [&hellip;]<\/p>\n","protected":false},"author":3,"featured_media":70491,"comment_status":"open","ping_status":"open","sticky":false,"template":"","format":"standard","meta":{"footnotes":""},"categories":[16,9149,9150],"tags":[32949,32948,6315,11389],"class_list":{"0":"post-70490","1":"post","2":"type-post","3":"status-publish","4":"format-standard","5":"has-post-thumbnail","7":"category-foto","8":"category-policiaca","9":"category-politica","10":"tag-amlo-un-ignorante-destructor","11":"tag-don-lopez-don-ocurrencias","12":"tag-gato-de-barrio","13":"tag-maullidos-urbanos"},"wps_subtitle":"Por eso, entre otros apodos, DON L\u00f3pez Obrador es conocido como \"DON Ocurrencias\" ","_links":{"self":[{"href":"https:\/\/www.porlalibreedomex.com\/index.php?rest_route=\/wp\/v2\/posts\/70490","targetHints":{"allow":["GET"]}}],"collection":[{"href":"https:\/\/www.porlalibreedomex.com\/index.php?rest_route=\/wp\/v2\/posts"}],"about":[{"href":"https:\/\/www.porlalibreedomex.com\/index.php?rest_route=\/wp\/v2\/types\/post"}],"author":[{"embeddable":true,"href":"https:\/\/www.porlalibreedomex.com\/index.php?rest_route=\/wp\/v2\/users\/3"}],"replies":[{"embeddable":true,"href":"https:\/\/www.porlalibreedomex.com\/index.php?rest_route=%2Fwp%2Fv2%2Fcomments&post=70490"}],"version-history":[{"count":2,"href":"https:\/\/www.porlalibreedomex.com\/index.php?rest_route=\/wp\/v2\/posts\/70490\/revisions"}],"predecessor-version":[{"id":70493,"href":"https:\/\/www.porlalibreedomex.com\/index.php?rest_route=\/wp\/v2\/posts\/70490\/revisions\/70493"}],"wp:featuredmedia":[{"embeddable":true,"href":"https:\/\/www.porlalibreedomex.com\/index.php?rest_route=\/wp\/v2\/media\/70491"}],"wp:attachment":[{"href":"https:\/\/www.porlalibreedomex.com\/index.php?rest_route=%2Fwp%2Fv2%2Fmedia&parent=70490"}],"wp:term":[{"taxonomy":"category","embeddable":true,"href":"https:\/\/www.porlalibreedomex.com\/index.php?rest_route=%2Fwp%2Fv2%2Fcategories&post=70490"},{"taxonomy":"post_tag","embeddable":true,"href":"https:\/\/www.porlalibreedomex.com\/index.php?rest_route=%2Fwp%2Fv2%2Ftags&post=70490"}],"curies":[{"name":"wp","href":"https:\/\/api.w.org\/{rel}","templated":true}]}}