{"id":70442,"date":"2024-09-05T23:44:25","date_gmt":"2024-09-06T05:44:25","guid":{"rendered":"https:\/\/porlalibreedomex.com\/?p=70442"},"modified":"2024-09-05T23:44:25","modified_gmt":"2024-09-06T05:44:25","slug":"prepararnos-para-el-frio-maullidos-urbanos","status":"publish","type":"post","link":"https:\/\/www.porlalibreedomex.com\/?p=70442","title":{"rendered":"Prepararnos para el fr\u00edo \/ Maullidos Urbanos"},"content":{"rendered":"<p>&nbsp;<\/p>\n<p><strong>Gato de Barrio \/\u00a0<\/strong><\/p>\n<p align=\"right\"><strong><i><u><a href=\"mailto:gatodebarrio@yahoo.com.mx\" target=\"_blank\" rel=\"noopener\">gatodebarrio@yahoo.com.mx\/\u00a0<\/a><\/u><\/i><\/strong><\/p>\n<p align=\"right\">\n<p><strong>S<\/strong>i bien este a\u00f1o tuvimos una inusual temporada de altas temperaturas, presuntamente la de bajas temperaturas no tendr\u00e1 muchos cambios y de acuerdo al pron\u00f3stico del Servicio Meteorol\u00f3gico Nacional (SMN), de septiembre a mayo <strong>se espera el ingreso al territorio nacional de un total de 48 frentes fr\u00edos, siendo los meses de diciembre y enero<\/strong> donde habr\u00eda m\u00e1s.<\/p>\n<p>No es solamente el n\u00famero de esos fen\u00f3menos lo que deber\u00edan preocupar \u2013dos menos a los sucedidos en el presente a\u00f1o\u2013. sino la intensidad con la que se presentar\u00e1n, al ser factible que se puedan romper algunos r\u00e9cords en bajas temperaturas en estados norte\u00f1os como Chihuahua, y aunque se espera que la temporada invernal sea normal, \u201cno se habla de un invierno muy fuerte\u201d.<\/p>\n<p>Se puntualiz\u00f3 que el inicio de la temporada de frentes fr\u00edos sucede en el periodo de transici\u00f3n del verano al oto\u00f1o, raz\u00f3n por lo cual resulta muy probable que a\u00fan se presenten ciclones tropicales. Para los frentes fr\u00edos, por meses se espera en septiembre el ingreso de tres, en octubre cuatro, en noviembre seis, en diciembre ocho, en enero de 2025 otros ocho, en febrero siete, en marzo seis, en abril cuatro y, finalmente, en mayo los dos \u00faltimos.<\/p>\n<p>Sin embargo, el SMN recomend\u00f3 a las personas a extremar a\u00fan m\u00e1s las precauciones, ya que los sistemas frontales pueden interactuar con los ciclones tropicales modificando su trayectoria y, en ocasiones, oblig\u00e1ndolas a estacionarse cerca de las poblaciones, lo que puede generar da\u00f1os severos por lluvias intensas, fuertes rachas de viento, inundaciones y deslaves y se record\u00f3 que los estados donde existen mayores bajas de temperatura son Chihuahua, Durango, Tlaxcala, Zacatecas, Estado de M\u00e9xico, Aguascalientes, Coahuila e Hidalgo.<\/p>\n<p>Igualmente, el SMN pronostic\u00f3 siete tormentas invernales relacionadas con el fen\u00f3meno de \u201cLa Ni\u00f1a\u201d, que se presentar\u00e1n a partir de este mes, mientras el a\u00f1o pasado fueron nueve tormentas por el fen\u00f3meno de \u201cEl Ni\u00f1o\u201d, lo cual provoc\u00f3 m\u00e1s humedad en el norte del pa\u00eds.<\/p>\n<p>Por \u00faltimo, se detall\u00f3 que en estos meses tambi\u00e9n se presentar\u00e1n nieblas y neblinas, que reducen la visibilidad en caminos, carreteras, ciudades y aeropuertos, por lo cual se aconseja atenden los avisos de la Comisi\u00f3n Nacional del Agua, el SMN y Protecci\u00f3n Civil.<\/p>\n<p>Sin duda, tanto las temperaturas extremas como los inusuales aguaceros de los \u00faltimos a\u00f1os tienen su origen en el controvertido cambio clim\u00e1tico provocado, entre otras cosas, por el uso de combustibles de origen f\u00f3sil. Entonces para corregir estos problemas se debe acelerar el consumo de energ\u00edas renovables lo cual, ojal\u00e1, suceda pronto.<\/p>\n","protected":false},"excerpt":{"rendered":"<p>&nbsp; Gato de Barrio \/\u00a0 gatodebarrio@yahoo.com.mx\/\u00a0 Si bien este a\u00f1o tuvimos una inusual temporada de altas temperaturas, presuntamente la de bajas temperaturas no tendr\u00e1 muchos cambios y de acuerdo al pron\u00f3stico del Servicio Meteorol\u00f3gico Nacional (SMN), de septiembre a mayo se espera el ingreso al territorio nacional de un total de 48 frentes fr\u00edos, siendo [&hellip;]<\/p>\n","protected":false},"author":3,"featured_media":70443,"comment_status":"open","ping_status":"open","sticky":false,"template":"","format":"standard","meta":{"footnotes":""},"categories":[23,16],"tags":[32922,6315,11389,32923],"class_list":{"0":"post-70442","1":"post","2":"type-post","3":"status-publish","4":"format-standard","5":"has-post-thumbnail","7":"category-columna","8":"category-foto","9":"tag-48-frentes-frios","10":"tag-gato-de-barrio","11":"tag-maullidos-urbanos","12":"tag-prepararse-para-el-frio"},"wps_subtitle":"","_links":{"self":[{"href":"https:\/\/www.porlalibreedomex.com\/index.php?rest_route=\/wp\/v2\/posts\/70442","targetHints":{"allow":["GET"]}}],"collection":[{"href":"https:\/\/www.porlalibreedomex.com\/index.php?rest_route=\/wp\/v2\/posts"}],"about":[{"href":"https:\/\/www.porlalibreedomex.com\/index.php?rest_route=\/wp\/v2\/types\/post"}],"author":[{"embeddable":true,"href":"https:\/\/www.porlalibreedomex.com\/index.php?rest_route=\/wp\/v2\/users\/3"}],"replies":[{"embeddable":true,"href":"https:\/\/www.porlalibreedomex.com\/index.php?rest_route=%2Fwp%2Fv2%2Fcomments&post=70442"}],"version-history":[{"count":1,"href":"https:\/\/www.porlalibreedomex.com\/index.php?rest_route=\/wp\/v2\/posts\/70442\/revisions"}],"predecessor-version":[{"id":70444,"href":"https:\/\/www.porlalibreedomex.com\/index.php?rest_route=\/wp\/v2\/posts\/70442\/revisions\/70444"}],"wp:featuredmedia":[{"embeddable":true,"href":"https:\/\/www.porlalibreedomex.com\/index.php?rest_route=\/wp\/v2\/media\/70443"}],"wp:attachment":[{"href":"https:\/\/www.porlalibreedomex.com\/index.php?rest_route=%2Fwp%2Fv2%2Fmedia&parent=70442"}],"wp:term":[{"taxonomy":"category","embeddable":true,"href":"https:\/\/www.porlalibreedomex.com\/index.php?rest_route=%2Fwp%2Fv2%2Fcategories&post=70442"},{"taxonomy":"post_tag","embeddable":true,"href":"https:\/\/www.porlalibreedomex.com\/index.php?rest_route=%2Fwp%2Fv2%2Ftags&post=70442"}],"curies":[{"name":"wp","href":"https:\/\/api.w.org\/{rel}","templated":true}]}}