{"id":70166,"date":"2024-08-14T01:34:17","date_gmt":"2024-08-14T07:34:17","guid":{"rendered":"https:\/\/porlalibreedomex.com\/?p=70166"},"modified":"2024-08-15T01:35:40","modified_gmt":"2024-08-15T07:35:40","slug":"la-uaemex-participa-con-los-gobiernos-estatal-y-federal-para-el-fortalecimiento-del-desarrollo-sostenible","status":"publish","type":"post","link":"https:\/\/www.porlalibreedomex.com\/?p=70166","title":{"rendered":"La UAEM\u00e9x participa con los gobiernos estatal y federal para el fortalecimiento del desarrollo sostenible"},"content":{"rendered":"<div><\/div>\n<ul>\n<li><strong><i>La Secretar\u00eda de Desarrollo Agrario, Territorial y Urbano del Gobierno de M\u00e9xico, la Secretar\u00eda de Desarrollo Urbano e Infraestructura de la entidad mexiquense y la Universidad Aut\u00f3noma del Estado de M\u00e9xico, encabezaron el 2\u00ba Foro \u201cEstrategia General para la Planeaci\u00f3n del Territorio. Retos para el desarrollo sostenible\u201d<\/i><\/strong><\/li>\n<\/ul>\n<div><\/div>\n<div><b>Toluca, M\u00e9xico, 14 de agosto de 2024.<\/b>\u00a0Con el objetivo de generar acciones encaminadas hacia el desarrollo sostenible del territorio mexicano, as\u00ed como fortalecer el conocimiento con sentido social, la Secretar\u00eda de Desarrollo Agrario, Territorial y Urbano (SEDATU) del Gobierno de M\u00e9xico, la Secretar\u00eda de Desarrollo Urbano e Infraestructura (SEDUI) de la entidad mexiquense y la Universidad Aut\u00f3noma del Estado de M\u00e9xico (UAEM\u00e9x) encabezaron el 2\u00ba Foro \u201cEstrategia General para la Planeaci\u00f3n del Territorio. Retos para el desarrollo sostenible\u201d.<\/div>\n<div>Acompa\u00f1ado del titular de la SEDATU, Rom\u00e1n Meyer Falc\u00f3n, quien inaugur\u00f3 este acto, el rector de la UAEM\u00e9x, Carlos Eduardo Barrera D\u00edaz, coment\u00f3 que la planeaci\u00f3n territorial es imprescindible para el desarrollo equilibrado y sostenible de las ciudades y comunidades, por lo que es necesario que el gobierno, la academia y el sector privado colaboren de manera coordinada en la b\u00fasqueda de soluciones innovadoras.<\/div>\n<div><\/div>\n<div><a href=\"http:\/\/porlalibreedomex.com\/wp-content\/uploads\/2024\/08\/Participaron-en-el-2o.-Foro-autoridades-de-Desarrollo-Urbano-de-la-federacion-del-Edomex-y-la-Universidad-Autonoma-del-Estado-de-Mexico.jpeg\"><img loading=\"lazy\" decoding=\"async\" class=\"aligncenter size-full wp-image-70169\" src=\"http:\/\/porlalibreedomex.com\/wp-content\/uploads\/2024\/08\/Participaron-en-el-2o.-Foro-autoridades-de-Desarrollo-Urbano-de-la-federacion-del-Edomex-y-la-Universidad-Autonoma-del-Estado-de-Mexico.jpeg\" alt=\"\" width=\"1024\" height=\"682\" srcset=\"https:\/\/www.porlalibreedomex.com\/wp-content\/uploads\/2024\/08\/Participaron-en-el-2o.-Foro-autoridades-de-Desarrollo-Urbano-de-la-federacion-del-Edomex-y-la-Universidad-Autonoma-del-Estado-de-Mexico.jpeg 1024w, https:\/\/www.porlalibreedomex.com\/wp-content\/uploads\/2024\/08\/Participaron-en-el-2o.-Foro-autoridades-de-Desarrollo-Urbano-de-la-federacion-del-Edomex-y-la-Universidad-Autonoma-del-Estado-de-Mexico-300x200.jpeg 300w, https:\/\/www.porlalibreedomex.com\/wp-content\/uploads\/2024\/08\/Participaron-en-el-2o.-Foro-autoridades-de-Desarrollo-Urbano-de-la-federacion-del-Edomex-y-la-Universidad-Autonoma-del-Estado-de-Mexico-768x512.jpeg 768w\" sizes=\"auto, (max-width: 1024px) 100vw, 1024px\" \/><\/a><\/div>\n<div>En el Auditorio \u201cIng. Jos\u00e9 Yurrieta Vald\u00e9s\u201d del Edificio Administrativo de la Aut\u00f3noma mexiquense, Barrera D\u00edaz destac\u00f3 que, a trav\u00e9s de sus actividades programadas, este foro permitir\u00e1 el intercambio de ideas que fortalecer\u00e1n las perspectivas universitarias y sus capacidades para enfrentar los retos actuales y futuros del desarrollo territorial.<\/div>\n<div>En su intervenci\u00f3n, el titular de la SEDUI, Carlos Maza Lara, asever\u00f3 que este foro estrat\u00e9gico dar\u00e1 la oportunidad de revisar, compartir e impulsar conocimientos encaminados hacia la creaci\u00f3n de un desarrollo sustentable e integral que atienda las necesidades de movilidad, servicios y urbanizaci\u00f3n que requiere la poblaci\u00f3n mexicana.<\/div>\n<div>Maza Lara detall\u00f3 que este esfuerzo conjunto con la Asociaci\u00f3n Nacional de Instituciones de la Ense\u00f1anza de la Planeaci\u00f3n Territorial, el Urbanismo y el Dise\u00f1o Urbano (ANPUD) generar\u00e1 alianzas entre los \u00f3rdenes de gobierno y la ciudadan\u00eda, con el objetivo de sentar las bases de un futuro urbano sostenible, cumpliendo as\u00ed con las iniciativas encabezadas por la gobernadora de la entidad mexiquense, Delfina G\u00f3mez \u00c1lvarez, donde la ciudadan\u00eda y su entorno son el centro de sus pol\u00edticas p\u00fablicas.<\/div>\n<div><a href=\"http:\/\/porlalibreedomex.com\/wp-content\/uploads\/2024\/08\/En-el-Foro-sobre-Desarrollo-Sustentable.-en-la-UAEMex.jpeg\"><img loading=\"lazy\" decoding=\"async\" class=\"aligncenter size-full wp-image-70168\" src=\"http:\/\/porlalibreedomex.com\/wp-content\/uploads\/2024\/08\/En-el-Foro-sobre-Desarrollo-Sustentable.-en-la-UAEMex.jpeg\" alt=\"\" width=\"1024\" height=\"682\" srcset=\"https:\/\/www.porlalibreedomex.com\/wp-content\/uploads\/2024\/08\/En-el-Foro-sobre-Desarrollo-Sustentable.-en-la-UAEMex.jpeg 1024w, https:\/\/www.porlalibreedomex.com\/wp-content\/uploads\/2024\/08\/En-el-Foro-sobre-Desarrollo-Sustentable.-en-la-UAEMex-300x200.jpeg 300w, https:\/\/www.porlalibreedomex.com\/wp-content\/uploads\/2024\/08\/En-el-Foro-sobre-Desarrollo-Sustentable.-en-la-UAEMex-768x512.jpeg 768w\" sizes=\"auto, (max-width: 1024px) 100vw, 1024px\" \/><\/a><\/div>\n<div>Como parte de esta inauguraci\u00f3n se hizo entrega de cuatro preseas \u201cIgnacio Manuel Altamirano Basilio\u201d 2024, que distinguen a estudiantes con la mejor trayectoria acad\u00e9mica, adem\u00e1s, la SEDATU reconoci\u00f3 a quienes participaron en el Programa de Fomento a la Planeaci\u00f3n Urbana, Metropolitana y Ordenamiento Territorial (PUMOT).<\/div>\n<div>En el inicio de los trabajos del 2\u00ba Foro \u201cEstrategia General para la Planeaci\u00f3n del Territorio. Retos para el desarrollo sostenible\u201d, el titular de la SEDATU, Rom\u00e1n Meyer Falc\u00f3n, dict\u00f3 la conferencia magistral \u201cPlaneaci\u00f3n y Mejoramiento Urbano\u201d.<\/div>\n<div>Al acto asistieron el coordinador general de Desarrollo Metropolitano y Movilidad de la SEDATU, \u00c1lvaro Lomel\u00ed Covarrubias; la titular de la Unidad de Planeaci\u00f3n y Desarrollo Institucional, Cipactlic Casas Cruz; el secretario de Desarrollo Urbano y Ecolog\u00eda del Gobierno del Estado de Chihuahua, Gabriel Mart\u00edn Vald\u00e9z Su\u00e1rez; la secretaria de Comunicaciones y Obras P\u00fablicas del Gobierno del Estado de Durango, Ana Rosa Hern\u00e1ndez Renter\u00eda; el presidente municipal de Toluca, Juan Maccise Naime; la vicepresidenta acad\u00e9mica de ANPUD, Claudia L\u00f3pez Salgado; el director de la Facultad de Arquitectura y Dise\u00f1o de la UAEM\u00e9x, Xavier Gayt\u00e1n Zepeda; integrantes del Gabinete Universitario y del Colegio de Directores, as\u00ed como la comunidad universitaria.<\/div>\n","protected":false},"excerpt":{"rendered":"<p>La Secretar\u00eda de Desarrollo Agrario, Territorial y Urbano del Gobierno de M\u00e9xico, la Secretar\u00eda de Desarrollo Urbano e Infraestructura de la entidad mexiquense y la Universidad Aut\u00f3noma del Estado de M\u00e9xico, encabezaron el 2\u00ba Foro \u201cEstrategia General para la Planeaci\u00f3n del Territorio. Retos para el desarrollo sostenible\u201d Toluca, M\u00e9xico, 14 de agosto de 2024.\u00a0Con el [&hellip;]<\/p>\n","protected":false},"author":3,"featured_media":70167,"comment_status":"open","ping_status":"open","sticky":false,"template":"","format":"standard","meta":{"footnotes":""},"categories":[9157,16,9207],"tags":[5961,7324,32773,5148,23301,13584,10035],"class_list":{"0":"post-70166","1":"post","2":"type-post","3":"status-publish","4":"format-standard","5":"has-post-thumbnail","7":"category-edomex","8":"category-foto","9":"category-medio-ambiente","10":"tag-sedatu","11":"tag-acciones-por-el-medio-ambiente","12":"tag-carlos-maza-lara","13":"tag-desarrollo-sostenible","14":"tag-rector-carlos-eduardo-barrera-diaz","15":"tag-roman-meyer-falcon","16":"tag-secretaria-de-desarrollo-urbano"},"wps_subtitle":"","_links":{"self":[{"href":"https:\/\/www.porlalibreedomex.com\/index.php?rest_route=\/wp\/v2\/posts\/70166","targetHints":{"allow":["GET"]}}],"collection":[{"href":"https:\/\/www.porlalibreedomex.com\/index.php?rest_route=\/wp\/v2\/posts"}],"about":[{"href":"https:\/\/www.porlalibreedomex.com\/index.php?rest_route=\/wp\/v2\/types\/post"}],"author":[{"embeddable":true,"href":"https:\/\/www.porlalibreedomex.com\/index.php?rest_route=\/wp\/v2\/users\/3"}],"replies":[{"embeddable":true,"href":"https:\/\/www.porlalibreedomex.com\/index.php?rest_route=%2Fwp%2Fv2%2Fcomments&post=70166"}],"version-history":[{"count":1,"href":"https:\/\/www.porlalibreedomex.com\/index.php?rest_route=\/wp\/v2\/posts\/70166\/revisions"}],"predecessor-version":[{"id":70170,"href":"https:\/\/www.porlalibreedomex.com\/index.php?rest_route=\/wp\/v2\/posts\/70166\/revisions\/70170"}],"wp:featuredmedia":[{"embeddable":true,"href":"https:\/\/www.porlalibreedomex.com\/index.php?rest_route=\/wp\/v2\/media\/70167"}],"wp:attachment":[{"href":"https:\/\/www.porlalibreedomex.com\/index.php?rest_route=%2Fwp%2Fv2%2Fmedia&parent=70166"}],"wp:term":[{"taxonomy":"category","embeddable":true,"href":"https:\/\/www.porlalibreedomex.com\/index.php?rest_route=%2Fwp%2Fv2%2Fcategories&post=70166"},{"taxonomy":"post_tag","embeddable":true,"href":"https:\/\/www.porlalibreedomex.com\/index.php?rest_route=%2Fwp%2Fv2%2Ftags&post=70166"}],"curies":[{"name":"wp","href":"https:\/\/api.w.org\/{rel}","templated":true}]}}