{"id":69542,"date":"2024-06-12T02:33:32","date_gmt":"2024-06-12T08:33:32","guid":{"rendered":"https:\/\/porlalibreedomex.com\/?p=69542"},"modified":"2024-06-14T02:43:57","modified_gmt":"2024-06-14T08:43:57","slug":"oficial-recibe-fernando-flores-constancia-como-presidente-de-metepec","status":"publish","type":"post","link":"https:\/\/www.porlalibreedomex.com\/?p=69542","title":{"rendered":"Oficial: Recibe Fernando Flores constancia como presidente de Metepec."},"content":{"rendered":"<p>&nbsp;<\/p>\n<p><strong>Toluca, M\u00e9x., 12 de junio de 2024.<\/strong> El Instituto Electoral del Estado de M\u00e9xico entrego la noche de este mi\u00e9rcoles, la Constancia de Mayor\u00eda a Fernando Flores Fern\u00e1ndez como presidente municipal electo de Metepec, para el periodo 2025-2027.<\/p>\n<figure id=\"attachment_69544\" aria-describedby=\"caption-attachment-69544\" style=\"width: 800px\" class=\"wp-caption aligncenter\"><a href=\"http:\/\/porlalibreedomex.com\/wp-content\/uploads\/2024\/06\/Autoridades-del-IEEM-entregan-el-documento-que-oficialmente-declara-vencedor-de-las-elecciones-municipales-de-Metepec-a-Fernando-Flores-scaled.jpg\"><img loading=\"lazy\" decoding=\"async\" class=\"size-large wp-image-69544\" src=\"http:\/\/porlalibreedomex.com\/wp-content\/uploads\/2024\/06\/Autoridades-del-IEEM-entregan-el-documento-que-oficialmente-declara-vencedor-de-las-elecciones-municipales-de-Metepec-a-Fernando-Flores-1024x683.jpg\" alt=\"\" width=\"800\" height=\"534\" srcset=\"https:\/\/www.porlalibreedomex.com\/wp-content\/uploads\/2024\/06\/Autoridades-del-IEEM-entregan-el-documento-que-oficialmente-declara-vencedor-de-las-elecciones-municipales-de-Metepec-a-Fernando-Flores-1024x683.jpg 1024w, https:\/\/www.porlalibreedomex.com\/wp-content\/uploads\/2024\/06\/Autoridades-del-IEEM-entregan-el-documento-que-oficialmente-declara-vencedor-de-las-elecciones-municipales-de-Metepec-a-Fernando-Flores-300x200.jpg 300w, https:\/\/www.porlalibreedomex.com\/wp-content\/uploads\/2024\/06\/Autoridades-del-IEEM-entregan-el-documento-que-oficialmente-declara-vencedor-de-las-elecciones-municipales-de-Metepec-a-Fernando-Flores-768x512.jpg 768w, https:\/\/www.porlalibreedomex.com\/wp-content\/uploads\/2024\/06\/Autoridades-del-IEEM-entregan-el-documento-que-oficialmente-declara-vencedor-de-las-elecciones-municipales-de-Metepec-a-Fernando-Flores-1536x1024.jpg 1536w, https:\/\/www.porlalibreedomex.com\/wp-content\/uploads\/2024\/06\/Autoridades-del-IEEM-entregan-el-documento-que-oficialmente-declara-vencedor-de-las-elecciones-municipales-de-Metepec-a-Fernando-Flores-2048x1366.jpg 2048w\" sizes=\"auto, (max-width: 800px) 100vw, 800px\" \/><\/a><figcaption id=\"caption-attachment-69544\" class=\"wp-caption-text\">Autoridades del IEEM entregan el documento que oficialmente declara vencedor de las elecciones municipales de Metepec a Fernando Flores.<\/figcaption><\/figure>\n<p>En la Junta Distrital del Instituto, el alcalde con licencia, reiter\u00f3 su compromiso de hacer de Metepec el municipio m\u00e1s seguro del pa\u00eds y con los mejores servicios p\u00fablicos.<\/p>\n<p>Su compromiso ser\u00e1 trabajar sin distingos de color, dijo, cumpliendo las promesas a cada uno de los ciudadanos y resalt\u00f3 que ha recorrido y conoce todo el municipio y que trabaja con amor, con lealtad y empe\u00f1o todos d\u00edas de su mandato.<\/p>\n<div id='gallery-1' class='gallery galleryid-69542 gallery-columns-3 gallery-size-large'><figure class='gallery-item'>\n\t\t\t<div class='gallery-icon landscape'>\n\t\t\t\t<a href='https:\/\/www.porlalibreedomex.com\/?attachment_id=69546'><img loading=\"lazy\" decoding=\"async\" width=\"696\" height=\"464\" src=\"https:\/\/www.porlalibreedomex.com\/wp-content\/uploads\/2024\/06\/Con-su-esposa-y-Presidenta-Honoraria-del-DIF-de-Metepec-Irai-Albarran-Segura-Fernando-Flores-Fernandez-hizo-su-campana-triunfadora-1024x683.jpg\" class=\"attachment-large size-large\" alt=\"\" srcset=\"https:\/\/www.porlalibreedomex.com\/wp-content\/uploads\/2024\/06\/Con-su-esposa-y-Presidenta-Honoraria-del-DIF-de-Metepec-Irai-Albarran-Segura-Fernando-Flores-Fernandez-hizo-su-campana-triunfadora-1024x683.jpg 1024w, https:\/\/www.porlalibreedomex.com\/wp-content\/uploads\/2024\/06\/Con-su-esposa-y-Presidenta-Honoraria-del-DIF-de-Metepec-Irai-Albarran-Segura-Fernando-Flores-Fernandez-hizo-su-campana-triunfadora-300x200.jpg 300w, https:\/\/www.porlalibreedomex.com\/wp-content\/uploads\/2024\/06\/Con-su-esposa-y-Presidenta-Honoraria-del-DIF-de-Metepec-Irai-Albarran-Segura-Fernando-Flores-Fernandez-hizo-su-campana-triunfadora-768x512.jpg 768w, https:\/\/www.porlalibreedomex.com\/wp-content\/uploads\/2024\/06\/Con-su-esposa-y-Presidenta-Honoraria-del-DIF-de-Metepec-Irai-Albarran-Segura-Fernando-Flores-Fernandez-hizo-su-campana-triunfadora-1536x1024.jpg 1536w, https:\/\/www.porlalibreedomex.com\/wp-content\/uploads\/2024\/06\/Con-su-esposa-y-Presidenta-Honoraria-del-DIF-de-Metepec-Irai-Albarran-Segura-Fernando-Flores-Fernandez-hizo-su-campana-triunfadora-2048x1366.jpg 2048w\" sizes=\"auto, (max-width: 696px) 100vw, 696px\" \/><\/a>\n\t\t\t<\/div><\/figure><figure class='gallery-item'>\n\t\t\t<div class='gallery-icon landscape'>\n\t\t\t\t<a href='https:\/\/www.porlalibreedomex.com\/?attachment_id=69547'><img loading=\"lazy\" decoding=\"async\" width=\"696\" height=\"464\" src=\"https:\/\/www.porlalibreedomex.com\/wp-content\/uploads\/2024\/06\/Constancia-de-Mayoria-a-Fernando-Flores-Fernandez-1024x683.jpg\" class=\"attachment-large size-large\" alt=\"\" srcset=\"https:\/\/www.porlalibreedomex.com\/wp-content\/uploads\/2024\/06\/Constancia-de-Mayoria-a-Fernando-Flores-Fernandez-1024x683.jpg 1024w, https:\/\/www.porlalibreedomex.com\/wp-content\/uploads\/2024\/06\/Constancia-de-Mayoria-a-Fernando-Flores-Fernandez-300x200.jpg 300w, https:\/\/www.porlalibreedomex.com\/wp-content\/uploads\/2024\/06\/Constancia-de-Mayoria-a-Fernando-Flores-Fernandez-768x512.jpg 768w, https:\/\/www.porlalibreedomex.com\/wp-content\/uploads\/2024\/06\/Constancia-de-Mayoria-a-Fernando-Flores-Fernandez-1536x1024.jpg 1536w, https:\/\/www.porlalibreedomex.com\/wp-content\/uploads\/2024\/06\/Constancia-de-Mayoria-a-Fernando-Flores-Fernandez-2048x1366.jpg 2048w\" sizes=\"auto, (max-width: 696px) 100vw, 696px\" \/><\/a>\n\t\t\t<\/div><\/figure><figure class='gallery-item'>\n\t\t\t<div class='gallery-icon landscape'>\n\t\t\t\t<a href='https:\/\/www.porlalibreedomex.com\/?attachment_id=69544'><img loading=\"lazy\" decoding=\"async\" width=\"696\" height=\"464\" src=\"https:\/\/www.porlalibreedomex.com\/wp-content\/uploads\/2024\/06\/Autoridades-del-IEEM-entregan-el-documento-que-oficialmente-declara-vencedor-de-las-elecciones-municipales-de-Metepec-a-Fernando-Flores-1024x683.jpg\" class=\"attachment-large size-large\" alt=\"\" aria-describedby=\"gallery-1-69544\" srcset=\"https:\/\/www.porlalibreedomex.com\/wp-content\/uploads\/2024\/06\/Autoridades-del-IEEM-entregan-el-documento-que-oficialmente-declara-vencedor-de-las-elecciones-municipales-de-Metepec-a-Fernando-Flores-1024x683.jpg 1024w, https:\/\/www.porlalibreedomex.com\/wp-content\/uploads\/2024\/06\/Autoridades-del-IEEM-entregan-el-documento-que-oficialmente-declara-vencedor-de-las-elecciones-municipales-de-Metepec-a-Fernando-Flores-300x200.jpg 300w, https:\/\/www.porlalibreedomex.com\/wp-content\/uploads\/2024\/06\/Autoridades-del-IEEM-entregan-el-documento-que-oficialmente-declara-vencedor-de-las-elecciones-municipales-de-Metepec-a-Fernando-Flores-768x512.jpg 768w, https:\/\/www.porlalibreedomex.com\/wp-content\/uploads\/2024\/06\/Autoridades-del-IEEM-entregan-el-documento-que-oficialmente-declara-vencedor-de-las-elecciones-municipales-de-Metepec-a-Fernando-Flores-1536x1024.jpg 1536w, https:\/\/www.porlalibreedomex.com\/wp-content\/uploads\/2024\/06\/Autoridades-del-IEEM-entregan-el-documento-que-oficialmente-declara-vencedor-de-las-elecciones-municipales-de-Metepec-a-Fernando-Flores-2048x1366.jpg 2048w\" sizes=\"auto, (max-width: 696px) 100vw, 696px\" \/><\/a>\n\t\t\t<\/div>\n\t\t\t\t<figcaption class='wp-caption-text gallery-caption' id='gallery-1-69544'>\n\t\t\t\tAutoridades del IEEM entregan el documento que oficialmente declara vencedor de las elecciones municipales de Metepec a Fernando Flores.\n\t\t\t\t<\/figcaption><\/figure>\n\t\t<\/div>\n\n<p>Con este acto, oficialmente se confirma y reconoce el triunfo de Fernando Flores, en las elecciones del pasado 2 de junio.<\/p>\n","protected":false},"excerpt":{"rendered":"<p>&nbsp; Toluca, M\u00e9x., 12 de junio de 2024. El Instituto Electoral del Estado de M\u00e9xico entrego la noche de este mi\u00e9rcoles, la Constancia de Mayor\u00eda a Fernando Flores Fern\u00e1ndez como presidente municipal electo de Metepec, para el periodo 2025-2027. En la Junta Distrital del Instituto, el alcalde con licencia, reiter\u00f3 su compromiso de hacer de [&hellip;]<\/p>\n","protected":false},"author":3,"featured_media":69548,"comment_status":"open","ping_status":"open","sticky":false,"template":"","format":"standard","meta":{"footnotes":""},"categories":[16,9150],"tags":[32448,32449,32450],"class_list":{"0":"post-69542","1":"post","2":"type-post","3":"status-publish","4":"format-standard","5":"has-post-thumbnail","7":"category-foto","8":"category-politica","9":"tag-constancia-de-mayoria-fernando-flores","10":"tag-entrega-el-ieem-constancia-de-mayoria","11":"tag-se-oficializa-triunfo-de-fernando-flores"},"wps_subtitle":"","_links":{"self":[{"href":"https:\/\/www.porlalibreedomex.com\/index.php?rest_route=\/wp\/v2\/posts\/69542","targetHints":{"allow":["GET"]}}],"collection":[{"href":"https:\/\/www.porlalibreedomex.com\/index.php?rest_route=\/wp\/v2\/posts"}],"about":[{"href":"https:\/\/www.porlalibreedomex.com\/index.php?rest_route=\/wp\/v2\/types\/post"}],"author":[{"embeddable":true,"href":"https:\/\/www.porlalibreedomex.com\/index.php?rest_route=\/wp\/v2\/users\/3"}],"replies":[{"embeddable":true,"href":"https:\/\/www.porlalibreedomex.com\/index.php?rest_route=%2Fwp%2Fv2%2Fcomments&post=69542"}],"version-history":[{"count":1,"href":"https:\/\/www.porlalibreedomex.com\/index.php?rest_route=\/wp\/v2\/posts\/69542\/revisions"}],"predecessor-version":[{"id":69549,"href":"https:\/\/www.porlalibreedomex.com\/index.php?rest_route=\/wp\/v2\/posts\/69542\/revisions\/69549"}],"wp:featuredmedia":[{"embeddable":true,"href":"https:\/\/www.porlalibreedomex.com\/index.php?rest_route=\/wp\/v2\/media\/69548"}],"wp:attachment":[{"href":"https:\/\/www.porlalibreedomex.com\/index.php?rest_route=%2Fwp%2Fv2%2Fmedia&parent=69542"}],"wp:term":[{"taxonomy":"category","embeddable":true,"href":"https:\/\/www.porlalibreedomex.com\/index.php?rest_route=%2Fwp%2Fv2%2Fcategories&post=69542"},{"taxonomy":"post_tag","embeddable":true,"href":"https:\/\/www.porlalibreedomex.com\/index.php?rest_route=%2Fwp%2Fv2%2Ftags&post=69542"}],"curies":[{"name":"wp","href":"https:\/\/api.w.org\/{rel}","templated":true}]}}