{"id":69528,"date":"2024-06-12T04:05:43","date_gmt":"2024-06-12T10:05:43","guid":{"rendered":"https:\/\/porlalibreedomex.com\/?p=69528"},"modified":"2024-06-13T04:07:23","modified_gmt":"2024-06-13T10:07:23","slug":"vamos-a-seguir-luchando-hasta-el-final-oscar-sanchez-garcia","status":"publish","type":"post","link":"https:\/\/www.porlalibreedomex.com\/?p=69528","title":{"rendered":"VAMOS A SEGUIR LUCHANDO HASTA EL FINAL: OSCAR S\u00c1NCHEZ GARC\u00cdA"},"content":{"rendered":"<ul>\n<li><em><strong>Seguiremos en pie de lucha, asent\u00f3.<\/strong><\/em><\/li>\n<li><em><strong>Al final del d\u00eda no hay nada escrito, y seguiremos cumpliendo, se\u00f1al\u00f3 el Presidente Municipal. <\/strong><\/em><\/li>\n<li><em><strong>Retom\u00f3 sus giras de trabajo y recorrer\u00e1 todo el municipio para arrancar obras y servicios en beneficio de las comunidades. <\/strong><\/em><\/li>\n<\/ul>\n<p><strong>Almoloya de Ju\u00e1rez, Estado de M\u00e9xico 12 junio de 2024.<\/strong>\u00a0\u201cHoy vamos para adelante, no hay nada perdido, vamos a luchar hasta el final y lo m\u00e1s importante, con trabajo, con hechos, y vamos a seguir refrendando el compromiso con ustedes\u201d, afirm\u00f3 Oscar S\u00e1nchez Garc\u00eda, Presidente Municipal de Almoloya de Ju\u00e1rez, al retomar sus giras de trabajo para dar el arranque de obras y servicios.<\/p>\n<p>Ante habitantes de 6 comunidades de Almoloya de Ju\u00e1rez, S\u00e1nchez Garc\u00eda expres\u00f3 que \u201cseguiremos de pie, trabajando, reafirmando el compromiso para que las cosas sigan sucediendo\u201d, y agreg\u00f3 que \u201cseguiremos en pie de lucha, al final del d\u00eda no hay nada escrito, seguiremos cumpliendo\u201d.<\/p>\n<figure id=\"attachment_69529\" aria-describedby=\"caption-attachment-69529\" style=\"width: 800px\" class=\"wp-caption aligncenter\"><a href=\"http:\/\/porlalibreedomex.com\/wp-content\/uploads\/2024\/06\/Oscar-Sanchez-Garcia-declaro-que-continuara-la-lucha-contra-el-fraude-electoral.jpg\"><img loading=\"lazy\" decoding=\"async\" class=\"size-large wp-image-69529\" src=\"http:\/\/porlalibreedomex.com\/wp-content\/uploads\/2024\/06\/Oscar-Sanchez-Garcia-declaro-que-continuara-la-lucha-contra-el-fraude-electoral-1024x683.jpg\" alt=\"\" width=\"800\" height=\"534\" srcset=\"https:\/\/www.porlalibreedomex.com\/wp-content\/uploads\/2024\/06\/Oscar-Sanchez-Garcia-declaro-que-continuara-la-lucha-contra-el-fraude-electoral-1024x683.jpg 1024w, https:\/\/www.porlalibreedomex.com\/wp-content\/uploads\/2024\/06\/Oscar-Sanchez-Garcia-declaro-que-continuara-la-lucha-contra-el-fraude-electoral-300x200.jpg 300w, https:\/\/www.porlalibreedomex.com\/wp-content\/uploads\/2024\/06\/Oscar-Sanchez-Garcia-declaro-que-continuara-la-lucha-contra-el-fraude-electoral-768x512.jpg 768w, https:\/\/www.porlalibreedomex.com\/wp-content\/uploads\/2024\/06\/Oscar-Sanchez-Garcia-declaro-que-continuara-la-lucha-contra-el-fraude-electoral.jpg 1280w\" sizes=\"auto, (max-width: 800px) 100vw, 800px\" \/><\/a><figcaption id=\"caption-attachment-69529\" class=\"wp-caption-text\">\u00d3scar S\u00e1nchez Garc\u00eda declar\u00f3 que continuar\u00e1 la lucha contra el fraude electoral.<\/figcaption><\/figure>\n<p>Acompa\u00f1ado por regidores y directores del Ayuntamiento, asever\u00f3 que \u201csin duda no nos vamos a quedar as\u00ed, al contrario seguiremos de aqu\u00ed a terminar el periodo constitucional el 31 de diciembre y antes de estos hechos, ya tambi\u00e9n se estar\u00e1 dando de manera oficial y formal cual ser\u00e1 la condici\u00f3n, pero no hay nada perdido y nadie ha ganado, se sigue peleando en una mesa, en un tribunal, y haremos de valer lo que hoy\u00a0 m\u00e1s de 30 mil personas salieron a dar un voto de confianza y lo vamos a defender\u201d.<\/p>\n<p><a href=\"http:\/\/porlalibreedomex.com\/wp-content\/uploads\/2024\/06\/Almoloya-de-Juarez.-Oscar-Sanchez-Garcia-rtomo-su-actividad-como-prsidnte-municipal-sin-dejar-la-lucha-electoral-scaled.jpg\"><img loading=\"lazy\" decoding=\"async\" class=\"aligncenter size-large wp-image-69530\" src=\"http:\/\/porlalibreedomex.com\/wp-content\/uploads\/2024\/06\/Almoloya-de-Juarez.-Oscar-Sanchez-Garcia-rtomo-su-actividad-como-prsidnte-municipal-sin-dejar-la-lucha-electoral-1024x684.jpg\" alt=\"\" width=\"800\" height=\"534\" srcset=\"https:\/\/www.porlalibreedomex.com\/wp-content\/uploads\/2024\/06\/Almoloya-de-Juarez.-Oscar-Sanchez-Garcia-rtomo-su-actividad-como-prsidnte-municipal-sin-dejar-la-lucha-electoral-1024x684.jpg 1024w, https:\/\/www.porlalibreedomex.com\/wp-content\/uploads\/2024\/06\/Almoloya-de-Juarez.-Oscar-Sanchez-Garcia-rtomo-su-actividad-como-prsidnte-municipal-sin-dejar-la-lucha-electoral-300x200.jpg 300w, https:\/\/www.porlalibreedomex.com\/wp-content\/uploads\/2024\/06\/Almoloya-de-Juarez.-Oscar-Sanchez-Garcia-rtomo-su-actividad-como-prsidnte-municipal-sin-dejar-la-lucha-electoral-768x513.jpg 768w, https:\/\/www.porlalibreedomex.com\/wp-content\/uploads\/2024\/06\/Almoloya-de-Juarez.-Oscar-Sanchez-Garcia-rtomo-su-actividad-como-prsidnte-municipal-sin-dejar-la-lucha-electoral-1536x1025.jpg 1536w, https:\/\/www.porlalibreedomex.com\/wp-content\/uploads\/2024\/06\/Almoloya-de-Juarez.-Oscar-Sanchez-Garcia-rtomo-su-actividad-como-prsidnte-municipal-sin-dejar-la-lucha-electoral-2048x1367.jpg 2048w\" sizes=\"auto, (max-width: 800px) 100vw, 800px\" \/><\/a><\/p>\n<p>El Presidente Municipal realiz\u00f3 una gira de trabajo por las comunidades de Ejido San Pedro, Salitre de Ma\u00f1ones, Ejido San Diego, Pared\u00f3n Ejido, La Gavia y Cieneguillas de Guadalupe, donde dio el arranque a obras de pavimentaci\u00f3n de caminos con concreto hidr\u00e1ulico, colocaci\u00f3n de arco-techos en escuelas y construcci\u00f3n de aulas, entre otros apoyos para los habitantes de esos lugares.<\/p>\n<p>\u201cQue sepan que con trabajo seguiremos demostrando de que estamos hechos y de pie\u201d, apunt\u00f3 S\u00e1nchez Garc\u00eda, tras manifestar que hoy arrancan de nuevos las giras de trabajo y que recorrer\u00e1 todo el municipio donde arrancar\u00e1 obras y servicios y supervisar\u00e1 el avance de las que ya est\u00e1n en construcci\u00f3n.<\/p>\n<figure id=\"attachment_69532\" aria-describedby=\"caption-attachment-69532\" style=\"width: 800px\" class=\"wp-caption aligncenter\"><a href=\"http:\/\/porlalibreedomex.com\/wp-content\/uploads\/2024\/06\/WhatsApp-Image-2024-06-12-at-6.16.52-PM.jpeg\"><img loading=\"lazy\" decoding=\"async\" class=\"size-large wp-image-69532\" src=\"http:\/\/porlalibreedomex.com\/wp-content\/uploads\/2024\/06\/WhatsApp-Image-2024-06-12-at-6.16.52-PM-1024x683.jpeg\" alt=\"\" width=\"800\" height=\"534\" srcset=\"https:\/\/www.porlalibreedomex.com\/wp-content\/uploads\/2024\/06\/WhatsApp-Image-2024-06-12-at-6.16.52-PM-1024x683.jpeg 1024w, https:\/\/www.porlalibreedomex.com\/wp-content\/uploads\/2024\/06\/WhatsApp-Image-2024-06-12-at-6.16.52-PM-300x200.jpeg 300w, https:\/\/www.porlalibreedomex.com\/wp-content\/uploads\/2024\/06\/WhatsApp-Image-2024-06-12-at-6.16.52-PM-768x512.jpeg 768w, https:\/\/www.porlalibreedomex.com\/wp-content\/uploads\/2024\/06\/WhatsApp-Image-2024-06-12-at-6.16.52-PM.jpeg 1280w\" sizes=\"auto, (max-width: 800px) 100vw, 800px\" \/><\/a><figcaption id=\"caption-attachment-69532\" class=\"wp-caption-text\">Los habitantes de Almoloya de Ju\u00e1rez refrendan su apoyo a su presidente municipal \u00d3scar S\u00e1nchez, quien retoma la actividad. 2024-06-12<\/figcaption><\/figure>\n<p>Dijo \u201caqu\u00ed seguir\u00e9 trabajando y cumpliendo para cada uno de ustedes, aqu\u00ed estamos y con la frente en alto y con resultados, entregando obras y seguiremos tambi\u00e9n con esa firme convicci\u00f3n entregando obras y acciones que mejoren las comunidades\u201d, concluy\u00f3.<\/p>\n<p>&nbsp;<\/p>\n","protected":false},"excerpt":{"rendered":"<p>Seguiremos en pie de lucha, asent\u00f3. Al final del d\u00eda no hay nada escrito, y seguiremos cumpliendo, se\u00f1al\u00f3 el Presidente Municipal. Retom\u00f3 sus giras de trabajo y recorrer\u00e1 todo el municipio para arrancar obras y servicios en beneficio de las comunidades. Almoloya de Ju\u00e1rez, Estado de M\u00e9xico 12 junio de 2024.\u00a0\u201cHoy vamos para adelante, no [&hellip;]<\/p>\n","protected":false},"author":3,"featured_media":69532,"comment_status":"open","ping_status":"open","sticky":false,"template":"","format":"standard","meta":{"footnotes":""},"categories":[9157,16],"tags":[32444,32439,32441,32443,32440,32442,32438],"class_list":{"0":"post-69528","1":"post","2":"type-post","3":"status-publish","4":"format-standard","5":"has-post-thumbnail","7":"category-edomex","8":"category-foto","9":"tag-chiquillo-compra-votos-en-elecciones","10":"tag-no-hay-nada-perdido","11":"tag-alcalde-retoma-giras-de-trabajo","12":"tag-almoloya-de-juarez-fraude-electoral","13":"tag-habitantes-refrendan-apoyo-a-oscar","14":"tag-no-dejaremos-de-luchar-dice-oscar","15":"tag-retoma-giras-oscar-sanchez"},"wps_subtitle":"RETOMA EL RITMO DE TRABAJO EL PRESIDENTE MUNICIPAL DE ALMOLOYA DE JU\u00c1REZ Y SIGUE EN LA LUCHA CONTRA EL FRAUDE ELECTORAL","_links":{"self":[{"href":"https:\/\/www.porlalibreedomex.com\/index.php?rest_route=\/wp\/v2\/posts\/69528","targetHints":{"allow":["GET"]}}],"collection":[{"href":"https:\/\/www.porlalibreedomex.com\/index.php?rest_route=\/wp\/v2\/posts"}],"about":[{"href":"https:\/\/www.porlalibreedomex.com\/index.php?rest_route=\/wp\/v2\/types\/post"}],"author":[{"embeddable":true,"href":"https:\/\/www.porlalibreedomex.com\/index.php?rest_route=\/wp\/v2\/users\/3"}],"replies":[{"embeddable":true,"href":"https:\/\/www.porlalibreedomex.com\/index.php?rest_route=%2Fwp%2Fv2%2Fcomments&post=69528"}],"version-history":[{"count":1,"href":"https:\/\/www.porlalibreedomex.com\/index.php?rest_route=\/wp\/v2\/posts\/69528\/revisions"}],"predecessor-version":[{"id":69534,"href":"https:\/\/www.porlalibreedomex.com\/index.php?rest_route=\/wp\/v2\/posts\/69528\/revisions\/69534"}],"wp:featuredmedia":[{"embeddable":true,"href":"https:\/\/www.porlalibreedomex.com\/index.php?rest_route=\/wp\/v2\/media\/69532"}],"wp:attachment":[{"href":"https:\/\/www.porlalibreedomex.com\/index.php?rest_route=%2Fwp%2Fv2%2Fmedia&parent=69528"}],"wp:term":[{"taxonomy":"category","embeddable":true,"href":"https:\/\/www.porlalibreedomex.com\/index.php?rest_route=%2Fwp%2Fv2%2Fcategories&post=69528"},{"taxonomy":"post_tag","embeddable":true,"href":"https:\/\/www.porlalibreedomex.com\/index.php?rest_route=%2Fwp%2Fv2%2Ftags&post=69528"}],"curies":[{"name":"wp","href":"https:\/\/api.w.org\/{rel}","templated":true}]}}