{"id":69445,"date":"2024-06-05T04:09:44","date_gmt":"2024-06-05T10:09:44","guid":{"rendered":"https:\/\/porlalibreedomex.com\/?p=69445"},"modified":"2024-06-06T04:10:33","modified_gmt":"2024-06-06T10:10:33","slug":"par-de-motorratones-capturados-por-la-policia-municipal-de-metepec","status":"publish","type":"post","link":"https:\/\/www.porlalibreedomex.com\/?p=69445","title":{"rendered":"PAR DE \u00abMOTORRATONES\u00bb CAPTURADOS POR LA POLIC\u00cdA MUNICIPAL DE METEPEC"},"content":{"rendered":"<p>Este mi\u00e9rcoles cerca de las 9:30 horas, la polic\u00eda municipal de Metepec, logr\u00f3 la detenci\u00f3n de dos personas, presumiblemente motoratones.<\/p>\n<p>Estos sujetos se transportaban a bordo de una motocicleta, para robar a personas sus tel\u00e9fonos celulares y adem\u00e1s, todo indica que tambi\u00e9n se dedicaban a la venta de marihuana.<\/p>\n<p><strong>SI LOS RECONOCE, DEN\u00daNCIELOS !<\/strong><\/p>\n<p><a href=\"http:\/\/porlalibreedomex.com\/wp-content\/uploads\/2024\/06\/Detenidos-por-la-Policia-Municipal-de-Mtepec-para-de-ladrones-de-telefonos-celulares.jpg\"><img loading=\"lazy\" decoding=\"async\" class=\"aligncenter size-full wp-image-69446\" src=\"http:\/\/porlalibreedomex.com\/wp-content\/uploads\/2024\/06\/Detenidos-por-la-Policia-Municipal-de-Mtepec-para-de-ladrones-de-telefonos-celulares.jpg\" alt=\"\" width=\"599\" height=\"496\" srcset=\"https:\/\/www.porlalibreedomex.com\/wp-content\/uploads\/2024\/06\/Detenidos-por-la-Policia-Municipal-de-Mtepec-para-de-ladrones-de-telefonos-celulares.jpg 599w, https:\/\/www.porlalibreedomex.com\/wp-content\/uploads\/2024\/06\/Detenidos-por-la-Policia-Municipal-de-Mtepec-para-de-ladrones-de-telefonos-celulares-300x248.jpg 300w\" sizes=\"auto, (max-width: 599px) 100vw, 599px\" \/><\/a><\/p>\n<p>La detenci\u00f3n se efectu\u00f3 en las calles Carlos Hank Gonz\u00e1lez y Gustavo Baz Prada en la colonia El H\u00edpico, y<\/p>\n<p>el aseguramiento fue posible tras un seguimiento de inteligencia a trav\u00e9s de c\u00e1maras de videovigilancia.<\/p>\n<p>Se inform\u00f3 que un d\u00eda antes, el martes 4 de junio, los ahora detenidos, fueron responsables del robo a una transe\u00fante, en las inmediaciones de conocido centro comercial en La Providencia.<\/p>\n<div id='gallery-1' class='gallery galleryid-69445 gallery-columns-3 gallery-size-large'><figure class='gallery-item'>\n\t\t\t<div class='gallery-icon portrait'>\n\t\t\t\t<a href='https:\/\/www.porlalibreedomex.com\/?attachment_id=69452'><img loading=\"lazy\" decoding=\"async\" width=\"696\" height=\"928\" src=\"https:\/\/www.porlalibreedomex.com\/wp-content\/uploads\/2024\/06\/Tatuaje-de-uno-de-los-ratero-motorizados-detenidos-por-la-Municipal-de-Metepec-768x1024.jpg\" class=\"attachment-large size-large\" alt=\"\" srcset=\"https:\/\/www.porlalibreedomex.com\/wp-content\/uploads\/2024\/06\/Tatuaje-de-uno-de-los-ratero-motorizados-detenidos-por-la-Municipal-de-Metepec-768x1024.jpg 768w, https:\/\/www.porlalibreedomex.com\/wp-content\/uploads\/2024\/06\/Tatuaje-de-uno-de-los-ratero-motorizados-detenidos-por-la-Municipal-de-Metepec-225x300.jpg 225w, https:\/\/www.porlalibreedomex.com\/wp-content\/uploads\/2024\/06\/Tatuaje-de-uno-de-los-ratero-motorizados-detenidos-por-la-Municipal-de-Metepec-1152x1536.jpg 1152w, https:\/\/www.porlalibreedomex.com\/wp-content\/uploads\/2024\/06\/Tatuaje-de-uno-de-los-ratero-motorizados-detenidos-por-la-Municipal-de-Metepec.jpg 1200w\" sizes=\"auto, (max-width: 696px) 100vw, 696px\" \/><\/a>\n\t\t\t<\/div><\/figure><figure class='gallery-item'>\n\t\t\t<div class='gallery-icon portrait'>\n\t\t\t\t<a href='https:\/\/www.porlalibreedomex.com\/?attachment_id=69451'><img loading=\"lazy\" decoding=\"async\" width=\"588\" height=\"1024\" src=\"https:\/\/www.porlalibreedomex.com\/wp-content\/uploads\/2024\/06\/Eduardo-Maximiliano-y-Emiliano-son-los-nombres-de-los-dos-motorratones-detenidos-por-la-Policia-Municipal-de-Metpec-588x1024.jpeg\" class=\"attachment-large size-large\" alt=\"\" srcset=\"https:\/\/www.porlalibreedomex.com\/wp-content\/uploads\/2024\/06\/Eduardo-Maximiliano-y-Emiliano-son-los-nombres-de-los-dos-motorratones-detenidos-por-la-Policia-Municipal-de-Metpec-588x1024.jpeg 588w, https:\/\/www.porlalibreedomex.com\/wp-content\/uploads\/2024\/06\/Eduardo-Maximiliano-y-Emiliano-son-los-nombres-de-los-dos-motorratones-detenidos-por-la-Policia-Municipal-de-Metpec-172x300.jpeg 172w, https:\/\/www.porlalibreedomex.com\/wp-content\/uploads\/2024\/06\/Eduardo-Maximiliano-y-Emiliano-son-los-nombres-de-los-dos-motorratones-detenidos-por-la-Policia-Municipal-de-Metpec-768x1337.jpeg 768w, https:\/\/www.porlalibreedomex.com\/wp-content\/uploads\/2024\/06\/Eduardo-Maximiliano-y-Emiliano-son-los-nombres-de-los-dos-motorratones-detenidos-por-la-Policia-Municipal-de-Metpec-882x1536.jpeg 882w, https:\/\/www.porlalibreedomex.com\/wp-content\/uploads\/2024\/06\/Eduardo-Maximiliano-y-Emiliano-son-los-nombres-de-los-dos-motorratones-detenidos-por-la-Policia-Municipal-de-Metpec.jpeg 919w\" sizes=\"auto, (max-width: 588px) 100vw, 588px\" \/><\/a>\n\t\t\t<\/div><\/figure><figure class='gallery-item'>\n\t\t\t<div class='gallery-icon portrait'>\n\t\t\t\t<a href='https:\/\/www.porlalibreedomex.com\/?attachment_id=69450'><img loading=\"lazy\" decoding=\"async\" width=\"696\" height=\"928\" src=\"https:\/\/www.porlalibreedomex.com\/wp-content\/uploads\/2024\/06\/Otro-tatuaje-de-uno-de-los-rateros-en-motocicleta-768x1024.jpeg\" class=\"attachment-large size-large\" alt=\"\" srcset=\"https:\/\/www.porlalibreedomex.com\/wp-content\/uploads\/2024\/06\/Otro-tatuaje-de-uno-de-los-rateros-en-motocicleta-768x1024.jpeg 768w, https:\/\/www.porlalibreedomex.com\/wp-content\/uploads\/2024\/06\/Otro-tatuaje-de-uno-de-los-rateros-en-motocicleta-225x300.jpeg 225w, https:\/\/www.porlalibreedomex.com\/wp-content\/uploads\/2024\/06\/Otro-tatuaje-de-uno-de-los-rateros-en-motocicleta-1152x1536.jpeg 1152w, https:\/\/www.porlalibreedomex.com\/wp-content\/uploads\/2024\/06\/Otro-tatuaje-de-uno-de-los-rateros-en-motocicleta.jpeg 1200w\" sizes=\"auto, (max-width: 696px) 100vw, 696px\" \/><\/a>\n\t\t\t<\/div><\/figure><figure class='gallery-item'>\n\t\t\t<div class='gallery-icon landscape'>\n\t\t\t\t<a href='https:\/\/www.porlalibreedomex.com\/?attachment_id=69449'><img loading=\"lazy\" decoding=\"async\" width=\"696\" height=\"291\" src=\"https:\/\/www.porlalibreedomex.com\/wp-content\/uploads\/2024\/06\/Motorratones-detenidos-por-la-Policia-Municipal-de-Metepec.jpeg\" class=\"attachment-large size-large\" alt=\"\" srcset=\"https:\/\/www.porlalibreedomex.com\/wp-content\/uploads\/2024\/06\/Motorratones-detenidos-por-la-Policia-Municipal-de-Metepec.jpeg 837w, https:\/\/www.porlalibreedomex.com\/wp-content\/uploads\/2024\/06\/Motorratones-detenidos-por-la-Policia-Municipal-de-Metepec-300x125.jpeg 300w, https:\/\/www.porlalibreedomex.com\/wp-content\/uploads\/2024\/06\/Motorratones-detenidos-por-la-Policia-Municipal-de-Metepec-768x321.jpeg 768w\" sizes=\"auto, (max-width: 696px) 100vw, 696px\" \/><\/a>\n\t\t\t<\/div><\/figure><figure class='gallery-item'>\n\t\t\t<div class='gallery-icon portrait'>\n\t\t\t\t<a href='https:\/\/www.porlalibreedomex.com\/?attachment_id=69448'><img loading=\"lazy\" decoding=\"async\" width=\"576\" height=\"1024\" src=\"https:\/\/www.porlalibreedomex.com\/wp-content\/uploads\/2024\/06\/Detenido-ladron-de-celulares-en-moto-576x1024.jpg\" class=\"attachment-large size-large\" alt=\"\" srcset=\"https:\/\/www.porlalibreedomex.com\/wp-content\/uploads\/2024\/06\/Detenido-ladron-de-celulares-en-moto-576x1024.jpg 576w, https:\/\/www.porlalibreedomex.com\/wp-content\/uploads\/2024\/06\/Detenido-ladron-de-celulares-en-moto-169x300.jpg 169w, https:\/\/www.porlalibreedomex.com\/wp-content\/uploads\/2024\/06\/Detenido-ladron-de-celulares-en-moto-768x1366.jpg 768w, https:\/\/www.porlalibreedomex.com\/wp-content\/uploads\/2024\/06\/Detenido-ladron-de-celulares-en-moto-864x1536.jpg 864w, https:\/\/www.porlalibreedomex.com\/wp-content\/uploads\/2024\/06\/Detenido-ladron-de-celulares-en-moto.jpg 899w\" sizes=\"auto, (max-width: 576px) 100vw, 576px\" \/><\/a>\n\t\t\t<\/div><\/figure><figure class='gallery-item'>\n\t\t\t<div class='gallery-icon portrait'>\n\t\t\t\t<a href='https:\/\/www.porlalibreedomex.com\/?attachment_id=69447'><img loading=\"lazy\" decoding=\"async\" width=\"696\" height=\"928\" src=\"https:\/\/www.porlalibreedomex.com\/wp-content\/uploads\/2024\/06\/Motorraton-detenido-por-la-Policia-Municipal-de-Metepec-este-miercoles-768x1024.jpg\" class=\"attachment-large size-large\" alt=\"\" srcset=\"https:\/\/www.porlalibreedomex.com\/wp-content\/uploads\/2024\/06\/Motorraton-detenido-por-la-Policia-Municipal-de-Metepec-este-miercoles-768x1024.jpg 768w, https:\/\/www.porlalibreedomex.com\/wp-content\/uploads\/2024\/06\/Motorraton-detenido-por-la-Policia-Municipal-de-Metepec-este-miercoles-225x300.jpg 225w, https:\/\/www.porlalibreedomex.com\/wp-content\/uploads\/2024\/06\/Motorraton-detenido-por-la-Policia-Municipal-de-Metepec-este-miercoles-1152x1536.jpg 1152w, https:\/\/www.porlalibreedomex.com\/wp-content\/uploads\/2024\/06\/Motorraton-detenido-por-la-Policia-Municipal-de-Metepec-este-miercoles.jpg 1200w\" sizes=\"auto, (max-width: 696px) 100vw, 696px\" \/><\/a>\n\t\t\t<\/div><\/figure>\n\t\t<\/div>\n\n<p>Tras la inspecci\u00f3n protocolaria por parte de elementos de seguridad p\u00fablica de Metepec y verificar en plataformas institucionales, se supo de la participaci\u00f3n de uno de los tripulantes en por lo menos 3 actos delictivos.<\/p>\n<p>Los detenidos responden a los nombres de Eduardo Maximiliano \u201cN\u201d \u201cN\u201d de 22 a\u00f1os de edad y Emiliano \u201cN\u201d \u201cN\u201d, de 20 a\u00f1os de edad.<\/p>\n<p>en el caso de Emiliano \u201cN\u201d \u201cN\u201d, arroj\u00f3 registro de participaci\u00f3n en el robo a transe\u00fante en la v\u00eda p\u00fablica en abril del 2022, robo de celular con violencia en diciembre de 2021 y robo de mercanc\u00eda en febrero del presente a\u00f1o.<\/p>\n<p>En el lugar donde se les detuvo, les fue localizada una bolsa con hierba de color verde con caracter\u00edsticas similares a la marihuana.<\/p>\n<p>Las dos personas, la motocicleta marca ITALIKA modelo 2014 e indicios, fueron puestos a disposici\u00f3n del Ministerio P\u00fablico, para determinar su situaci\u00f3n jur\u00eddica.<\/p>\n","protected":false},"excerpt":{"rendered":"<p>Este mi\u00e9rcoles cerca de las 9:30 horas, la polic\u00eda municipal de Metepec, logr\u00f3 la detenci\u00f3n de dos personas, presumiblemente motoratones. Estos sujetos se transportaban a bordo de una motocicleta, para robar a personas sus tel\u00e9fonos celulares y adem\u00e1s, todo indica que tambi\u00e9n se dedicaban a la venta de marihuana. SI LOS RECONOCE, DEN\u00daNCIELOS ! La [&hellip;]<\/p>\n","protected":false},"author":3,"featured_media":69449,"comment_status":"open","ping_status":"open","sticky":false,"template":"","format":"standard","meta":{"footnotes":""},"categories":[16,9149],"tags":[32395,32396,409],"class_list":{"0":"post-69445","1":"post","2":"type-post","3":"status-publish","4":"format-standard","5":"has-post-thumbnail","7":"category-foto","8":"category-policiaca","9":"tag-detienen-a-motorratones","10":"tag-ladrones-de-telefonos-celulares","11":"tag-policia-municipal-de-metepec"},"wps_subtitle":"Su \"especialidad\" era despojar a las personas de sus tel\u00e9fonos celulares","_links":{"self":[{"href":"https:\/\/www.porlalibreedomex.com\/index.php?rest_route=\/wp\/v2\/posts\/69445","targetHints":{"allow":["GET"]}}],"collection":[{"href":"https:\/\/www.porlalibreedomex.com\/index.php?rest_route=\/wp\/v2\/posts"}],"about":[{"href":"https:\/\/www.porlalibreedomex.com\/index.php?rest_route=\/wp\/v2\/types\/post"}],"author":[{"embeddable":true,"href":"https:\/\/www.porlalibreedomex.com\/index.php?rest_route=\/wp\/v2\/users\/3"}],"replies":[{"embeddable":true,"href":"https:\/\/www.porlalibreedomex.com\/index.php?rest_route=%2Fwp%2Fv2%2Fcomments&post=69445"}],"version-history":[{"count":1,"href":"https:\/\/www.porlalibreedomex.com\/index.php?rest_route=\/wp\/v2\/posts\/69445\/revisions"}],"predecessor-version":[{"id":69453,"href":"https:\/\/www.porlalibreedomex.com\/index.php?rest_route=\/wp\/v2\/posts\/69445\/revisions\/69453"}],"wp:featuredmedia":[{"embeddable":true,"href":"https:\/\/www.porlalibreedomex.com\/index.php?rest_route=\/wp\/v2\/media\/69449"}],"wp:attachment":[{"href":"https:\/\/www.porlalibreedomex.com\/index.php?rest_route=%2Fwp%2Fv2%2Fmedia&parent=69445"}],"wp:term":[{"taxonomy":"category","embeddable":true,"href":"https:\/\/www.porlalibreedomex.com\/index.php?rest_route=%2Fwp%2Fv2%2Fcategories&post=69445"},{"taxonomy":"post_tag","embeddable":true,"href":"https:\/\/www.porlalibreedomex.com\/index.php?rest_route=%2Fwp%2Fv2%2Ftags&post=69445"}],"curies":[{"name":"wp","href":"https:\/\/api.w.org\/{rel}","templated":true}]}}