{"id":69368,"date":"2024-05-29T03:45:38","date_gmt":"2024-05-29T09:45:38","guid":{"rendered":"https:\/\/porlalibreedomex.com\/?p=69368"},"modified":"2024-05-30T03:48:50","modified_gmt":"2024-05-30T09:48:50","slug":"defendere-a-almoloya-de-juarez-con-la-fuerza-de-la-ley-de-la-razon-y-de-la-gente-oscar-sanchez-garcia","status":"publish","type":"post","link":"https:\/\/www.porlalibreedomex.com\/?p=69368","title":{"rendered":"DEFENDER\u00c9 A ALMOLOYA DE JU\u00c1REZ CON LA FUERZA DE LA LEY,  DE LA RAZ\u00d3N Y DE LA GENTE: OSCAR S\u00c1NCHEZ GARC\u00cdA."},"content":{"rendered":"<p>Fotos Humberto Gabriel Ju\u00e1rez<\/p>\n<ul>\n<li><em><strong>Tambi\u00e9n de las tentaciones de quienes pretenden entregarlo a intereses ajenos a nuestra sociedad, agreg\u00f3.<\/strong><\/em><\/li>\n<li><em><strong>Estoy listo para gobernar y llegar m\u00e1s lejos a\u00fan, afirm\u00f3 el candidato del PRI.<\/strong><\/em><\/li>\n<li><em><strong>En 33 d\u00edas de campa\u00f1a recorri\u00f3 las 85 comunidades, los 5 fraccionamientos, 1 conjunto, 2 unidades habitacionales y dialog\u00f3 con m\u00e1s 20 mil personas.<\/strong><\/em><\/li>\n<li><em><strong>Almoloya de Ju\u00e1rez requiere de un hombre cabal, no de chiquillos berrinchudos: Eduardo Zarzosa S\u00e1nchez.<\/strong><\/em><\/li>\n<\/ul>\n<p><strong>Almoloya de Ju\u00e1rez, Estado de M\u00e9xico, 29 de mayo de 2024.\u00a0<\/strong>Tras 33 d\u00edas de campa\u00f1a en busca de la reelecci\u00f3n de Almoloya de Ju\u00e1rez, Oscar S\u00e1nchez Garc\u00eda, candidato del Partido Revolucionario Institucional, afirm\u00f3 que defender\u00e1 con valor y coraje a su municipio y las familias que en \u00e9l viven, y \u201clo har\u00e9 con la fuerza la ley, de la raz\u00f3n y con el apoyo de todos ustedes\u201d.<\/p>\n<p><strong>\u00a0<\/strong>Con una ligera lluvia y ante m\u00e1s de 10 mil personas reunidas en los campos de f\u00fatbol de la cabecera municipal, expres\u00f3 que la campa\u00f1a fue hist\u00f3rica, y lo coloca ahora \u201cen la f\u00e9rrea tarea de defender a nuestro municipio y a su gente de las tentaciones de quienes pretenden entregarlo a intereses ajenos a los de nuestra sociedad\u201d.<\/p>\n<figure id=\"attachment_69370\" aria-describedby=\"caption-attachment-69370\" style=\"width: 800px\" class=\"wp-caption aligncenter\"><a href=\"http:\/\/porlalibreedomex.com\/wp-content\/uploads\/2024\/05\/Almoloya-de-Juarez-Mexico.-El-Diputado-Eduardo-Zarzosa-en-primer-plano-asistio-como-representante-de-Ana-Lilia-Herrera-Anzaldo-presidenta-del-PRI-Mexiquense.jpg\"><img loading=\"lazy\" decoding=\"async\" class=\"size-large wp-image-69370\" src=\"http:\/\/porlalibreedomex.com\/wp-content\/uploads\/2024\/05\/Almoloya-de-Juarez-Mexico.-El-Diputado-Eduardo-Zarzosa-en-primer-plano-asistio-como-representante-de-Ana-Lilia-Herrera-Anzaldo-presidenta-del-PRI-Mexiquense-1024x683.jpg\" alt=\"\" width=\"800\" height=\"534\" srcset=\"https:\/\/www.porlalibreedomex.com\/wp-content\/uploads\/2024\/05\/Almoloya-de-Juarez-Mexico.-El-Diputado-Eduardo-Zarzosa-en-primer-plano-asistio-como-representante-de-Ana-Lilia-Herrera-Anzaldo-presidenta-del-PRI-Mexiquense-1024x683.jpg 1024w, https:\/\/www.porlalibreedomex.com\/wp-content\/uploads\/2024\/05\/Almoloya-de-Juarez-Mexico.-El-Diputado-Eduardo-Zarzosa-en-primer-plano-asistio-como-representante-de-Ana-Lilia-Herrera-Anzaldo-presidenta-del-PRI-Mexiquense-300x200.jpg 300w, https:\/\/www.porlalibreedomex.com\/wp-content\/uploads\/2024\/05\/Almoloya-de-Juarez-Mexico.-El-Diputado-Eduardo-Zarzosa-en-primer-plano-asistio-como-representante-de-Ana-Lilia-Herrera-Anzaldo-presidenta-del-PRI-Mexiquense-768x512.jpg 768w, https:\/\/www.porlalibreedomex.com\/wp-content\/uploads\/2024\/05\/Almoloya-de-Juarez-Mexico.-El-Diputado-Eduardo-Zarzosa-en-primer-plano-asistio-como-representante-de-Ana-Lilia-Herrera-Anzaldo-presidenta-del-PRI-Mexiquense.jpg 1280w\" sizes=\"auto, (max-width: 800px) 100vw, 800px\" \/><\/a><figcaption id=\"caption-attachment-69370\" class=\"wp-caption-text\">Almoloya de Ju\u00e1rez, M\u00e9xico. El Diputado Eduardo Zarzosa -en primer plano- asisti\u00f3 como representante de Ana Lilia Herrera Anzaldo, presidenta del PRI Mexiquense.<\/figcaption><\/figure>\n<p>En presencia del diputado Eduardo Zarzosa S\u00e1nchez, quien acudi\u00f3 con la representaci\u00f3n de la Presidenta del PRI en el Estado de M\u00e9xico, Ana Lilia Herrera Anzaldo, S\u00e1nchez Garc\u00eda, se\u00f1al\u00f3: \u201c\u00a1estoy listo para gobernar y llegar m\u00e1s lejos a\u00fan, vamos a darle continuidad para que a nuestro municipio le vaya mejor!\u201d.<\/p>\n<p><strong>\u00d3scar inform\u00f3 que en los 33 d\u00edas de campa\u00f1a recorri\u00f3 las 85 comunidades, los 5 fraccionamientos, 1 conjunto y 2 unidades habitacionales, mencion\u00f3 que dialog\u00f3 con m\u00e1s 20 mil personas, y sostuvo que \u201cen este proyecto de continuidad todos estamos llamados a participar y todas las voces cuentan; sigamos siendo el asombro de muchos y la referencia para todos\u201d.<\/strong><\/p>\n<p><a href=\"http:\/\/porlalibreedomex.com\/wp-content\/uploads\/2024\/05\/Almoloya-de-Juarez.-Cierra-campana-Oscar-Sanchez-su-campana.-Con-todo-el-respaldo-de-su-esposa.jpg\"><img loading=\"lazy\" decoding=\"async\" class=\"aligncenter size-large wp-image-69375\" src=\"http:\/\/porlalibreedomex.com\/wp-content\/uploads\/2024\/05\/Almoloya-de-Juarez.-Cierra-campana-Oscar-Sanchez-su-campana.-Con-todo-el-respaldo-de-su-esposa-1024x726.jpg\" alt=\"\" width=\"800\" height=\"567\" srcset=\"https:\/\/www.porlalibreedomex.com\/wp-content\/uploads\/2024\/05\/Almoloya-de-Juarez.-Cierra-campana-Oscar-Sanchez-su-campana.-Con-todo-el-respaldo-de-su-esposa-1024x726.jpg 1024w, https:\/\/www.porlalibreedomex.com\/wp-content\/uploads\/2024\/05\/Almoloya-de-Juarez.-Cierra-campana-Oscar-Sanchez-su-campana.-Con-todo-el-respaldo-de-su-esposa-300x213.jpg 300w, https:\/\/www.porlalibreedomex.com\/wp-content\/uploads\/2024\/05\/Almoloya-de-Juarez.-Cierra-campana-Oscar-Sanchez-su-campana.-Con-todo-el-respaldo-de-su-esposa-768x545.jpg 768w, https:\/\/www.porlalibreedomex.com\/wp-content\/uploads\/2024\/05\/Almoloya-de-Juarez.-Cierra-campana-Oscar-Sanchez-su-campana.-Con-todo-el-respaldo-de-su-esposa.jpg 1280w\" sizes=\"auto, (max-width: 800px) 100vw, 800px\" \/><\/a><\/p>\n<p><strong>Acompa\u00f1ado por su esposa, la se\u00f1ora Perla Garc\u00eda Baz\u00e1n y por su mama, la se\u00f1ora Mar\u00eda de los \u00c1ngeles Garc\u00eda Castillo, el candidato del PRI exhort\u00f3 a su militancia a no distraerse con ataques, descalificaciones y calumnias, y que gracias al di\u00e1logo con la gente, ya se trabaja en la elaboraci\u00f3n de un Plan de Desarrollo Municipal viable, ordenado y congruente con las posibilidades.<\/strong><\/p>\n<p>\u201cHe cumplido al pie de la letra esas ense\u00f1anzas y sigo actuando con integridad y un profundo amor por nuestro municipio\u201d, se\u00f1al\u00f3 al recordar la herencia de su padre, \u201chombre recio, de una sola palabra\u201d: el compromiso de entregar cuentas claras; y al recordar a su mama, que se lo ense\u00f1\u00f3 con principios, con convicci\u00f3n y mirando siempre por los que menos tienen.<\/p>\n<p>&nbsp;<\/p>\n<p>Dijo que es un hombre que cuenta con la experiencia suficiente en el servicio p\u00fablico,\u00bbmi actuar en la presidencia municipal me permite caminar con la frente en alto\u201d, y agreg\u00f3: \u201cnuestra lucha es aqu\u00ed y ahora. Es por ustedes, es con ustedes y para beneficio de todos\u201d.<\/p>\n<figure id=\"attachment_69369\" aria-describedby=\"caption-attachment-69369\" style=\"width: 800px\" class=\"wp-caption aligncenter\"><a href=\"http:\/\/porlalibreedomex.com\/wp-content\/uploads\/2024\/05\/Almoloya-de-Juarez-Mexico.-Los-Pueblos-Indigenas-del-municipio-brindaron-su-apoyo-y-reconocieron-a-Oscar-Sanchez-Garcia-candidato-a-Presidente-Municipal.jpg\"><img loading=\"lazy\" decoding=\"async\" class=\"size-large wp-image-69369\" src=\"http:\/\/porlalibreedomex.com\/wp-content\/uploads\/2024\/05\/Almoloya-de-Juarez-Mexico.-Los-Pueblos-Indigenas-del-municipio-brindaron-su-apoyo-y-reconocieron-a-Oscar-Sanchez-Garcia-candidato-a-Presidente-Municipal-1024x683.jpg\" alt=\"\" width=\"800\" height=\"534\" srcset=\"https:\/\/www.porlalibreedomex.com\/wp-content\/uploads\/2024\/05\/Almoloya-de-Juarez-Mexico.-Los-Pueblos-Indigenas-del-municipio-brindaron-su-apoyo-y-reconocieron-a-Oscar-Sanchez-Garcia-candidato-a-Presidente-Municipal-1024x683.jpg 1024w, https:\/\/www.porlalibreedomex.com\/wp-content\/uploads\/2024\/05\/Almoloya-de-Juarez-Mexico.-Los-Pueblos-Indigenas-del-municipio-brindaron-su-apoyo-y-reconocieron-a-Oscar-Sanchez-Garcia-candidato-a-Presidente-Municipal-300x200.jpg 300w, https:\/\/www.porlalibreedomex.com\/wp-content\/uploads\/2024\/05\/Almoloya-de-Juarez-Mexico.-Los-Pueblos-Indigenas-del-municipio-brindaron-su-apoyo-y-reconocieron-a-Oscar-Sanchez-Garcia-candidato-a-Presidente-Municipal-768x512.jpg 768w, https:\/\/www.porlalibreedomex.com\/wp-content\/uploads\/2024\/05\/Almoloya-de-Juarez-Mexico.-Los-Pueblos-Indigenas-del-municipio-brindaron-su-apoyo-y-reconocieron-a-Oscar-Sanchez-Garcia-candidato-a-Presidente-Municipal.jpg 1280w\" sizes=\"auto, (max-width: 800px) 100vw, 800px\" \/><\/a><figcaption id=\"caption-attachment-69369\" class=\"wp-caption-text\">Almoloya de Ju\u00e1rez, M\u00e9xico. Los Pueblos Ind\u00edgenas del municipio, brindaron su apoyo y reconocieron a \u00d3scar S\u00e1nchez Garc\u00eda, candidato a Presidente Municipal.<\/figcaption><\/figure>\n<p>\u201cUstedes ya me conocen y seguir\u00e9 cumpli\u00e9ndoles\u201d, manifest\u00f3 luego de recordar que el PRI y Oscar S\u00e1nchez, tienen las mejores propuestas para j\u00f3venes, mujeres, productores, artesanos pirot\u00e9cnicos, discapacitados, adultos mayores, ind\u00edgenas y para la sociedad en general.<\/p>\n<figure id=\"attachment_69372\" aria-describedby=\"caption-attachment-69372\" style=\"width: 1280px\" class=\"wp-caption aligncenter\"><a href=\"http:\/\/porlalibreedomex.com\/wp-content\/uploads\/2024\/05\/Almoloya-de-Juarez.-Los-jovenes-del-municipio-dieron-su-apoyo-a-Oscar-SanchezGarcia-para-un-segundo-periodo.jpg\"><img loading=\"lazy\" decoding=\"async\" class=\"size-full wp-image-69372\" src=\"http:\/\/porlalibreedomex.com\/wp-content\/uploads\/2024\/05\/Almoloya-de-Juarez.-Los-jovenes-del-municipio-dieron-su-apoyo-a-Oscar-SanchezGarcia-para-un-segundo-periodo.jpg\" alt=\"\" width=\"1280\" height=\"854\" srcset=\"https:\/\/www.porlalibreedomex.com\/wp-content\/uploads\/2024\/05\/Almoloya-de-Juarez.-Los-jovenes-del-municipio-dieron-su-apoyo-a-Oscar-SanchezGarcia-para-un-segundo-periodo.jpg 1280w, https:\/\/www.porlalibreedomex.com\/wp-content\/uploads\/2024\/05\/Almoloya-de-Juarez.-Los-jovenes-del-municipio-dieron-su-apoyo-a-Oscar-SanchezGarcia-para-un-segundo-periodo-300x200.jpg 300w, https:\/\/www.porlalibreedomex.com\/wp-content\/uploads\/2024\/05\/Almoloya-de-Juarez.-Los-jovenes-del-municipio-dieron-su-apoyo-a-Oscar-SanchezGarcia-para-un-segundo-periodo-1024x683.jpg 1024w, https:\/\/www.porlalibreedomex.com\/wp-content\/uploads\/2024\/05\/Almoloya-de-Juarez.-Los-jovenes-del-municipio-dieron-su-apoyo-a-Oscar-SanchezGarcia-para-un-segundo-periodo-768x512.jpg 768w\" sizes=\"auto, (max-width: 1280px) 100vw, 1280px\" \/><\/a><figcaption id=\"caption-attachment-69372\" class=\"wp-caption-text\">Almoloya de Ju\u00e1rez. Los j\u00f3venes del municipio dieron su apoyo a \u00d3scar S\u00e1nchezGarc\u00eda para un segundo per\u00edodo.<\/figcaption><\/figure>\n<p>En su intervenci\u00f3n, Eduardo Zarzosa, dijo que Almoloya de Ju\u00e1rez requiere de un hombre cabal, \u201cno requiere de chiquillos berrinchudos\u201d, y agreg\u00f3 que tienen a un gran candidato y a un gran presidente, \u201chombre de resultados, de palabra, que dar\u00e1 progreso y prosperidad a Almoloya de Ju\u00e1rez\u201d.<\/p>\n<p>\u201cNuevamente entregar\u00e9 mi vida entera a este proyecto\u201d, concluy\u00f3 \u00d3scar en su cierre de campa\u00f1a.<\/p>\n<figure id=\"attachment_69378\" aria-describedby=\"caption-attachment-69378\" style=\"width: 800px\" class=\"wp-caption aligncenter\"><a href=\"http:\/\/porlalibreedomex.com\/wp-content\/uploads\/2024\/05\/Almoloya-de-Juarez-tiene-mas-tradicion-en-pirotecnia-que-Tultepec-y-lo-demostraron-en-el-cierre-de-campana-de-Oscar-Sanchez-Garcia-candidato-a-Presidente-Municipal.jpg\"><img loading=\"lazy\" decoding=\"async\" class=\"size-large wp-image-69378\" src=\"http:\/\/porlalibreedomex.com\/wp-content\/uploads\/2024\/05\/Almoloya-de-Juarez-tiene-mas-tradicion-en-pirotecnia-que-Tultepec-y-lo-demostraron-en-el-cierre-de-campana-de-Oscar-Sanchez-Garcia-candidato-a-Presidente-Municipal-1024x683.jpg\" alt=\"\" width=\"800\" height=\"534\" srcset=\"https:\/\/www.porlalibreedomex.com\/wp-content\/uploads\/2024\/05\/Almoloya-de-Juarez-tiene-mas-tradicion-en-pirotecnia-que-Tultepec-y-lo-demostraron-en-el-cierre-de-campana-de-Oscar-Sanchez-Garcia-candidato-a-Presidente-Municipal-1024x683.jpg 1024w, https:\/\/www.porlalibreedomex.com\/wp-content\/uploads\/2024\/05\/Almoloya-de-Juarez-tiene-mas-tradicion-en-pirotecnia-que-Tultepec-y-lo-demostraron-en-el-cierre-de-campana-de-Oscar-Sanchez-Garcia-candidato-a-Presidente-Municipal-300x200.jpg 300w, https:\/\/www.porlalibreedomex.com\/wp-content\/uploads\/2024\/05\/Almoloya-de-Juarez-tiene-mas-tradicion-en-pirotecnia-que-Tultepec-y-lo-demostraron-en-el-cierre-de-campana-de-Oscar-Sanchez-Garcia-candidato-a-Presidente-Municipal-768x512.jpg 768w, https:\/\/www.porlalibreedomex.com\/wp-content\/uploads\/2024\/05\/Almoloya-de-Juarez-tiene-mas-tradicion-en-pirotecnia-que-Tultepec-y-lo-demostraron-en-el-cierre-de-campana-de-Oscar-Sanchez-Garcia-candidato-a-Presidente-Municipal.jpg 1280w\" sizes=\"auto, (max-width: 800px) 100vw, 800px\" \/><\/a><figcaption id=\"caption-attachment-69378\" class=\"wp-caption-text\">Almoloya de Ju\u00e1rez tiene m\u00e1s tradici\u00f3n en pirotecnia que Tultepec, y lo demostraron en el cierre de campa\u00f1a de \u00d3scar S\u00e1nchez Garc\u00eda, candidato a Presidente Municipal.<\/figcaption><\/figure>\n<p>Al t\u00e9rmino del evento, los artesanos de San Mateo Tlalchichilpan ofrecieron al candidato y a los espectadores un espect\u00e1culo de juegos pirot\u00e9cnicos.<\/p>\n","protected":false},"excerpt":{"rendered":"<p>Fotos Humberto Gabriel Ju\u00e1rez Tambi\u00e9n de las tentaciones de quienes pretenden entregarlo a intereses ajenos a nuestra sociedad, agreg\u00f3. Estoy listo para gobernar y llegar m\u00e1s lejos a\u00fan, afirm\u00f3 el candidato del PRI. En 33 d\u00edas de campa\u00f1a recorri\u00f3 las 85 comunidades, los 5 fraccionamientos, 1 conjunto, 2 unidades habitacionales y dialog\u00f3 con m\u00e1s 20 [&hellip;]<\/p>\n","protected":false},"author":3,"featured_media":69371,"comment_status":"open","ping_status":"open","sticky":false,"template":"","format":"standard","meta":{"footnotes":""},"categories":[16,9150],"tags":[32365,32364,32360,32362,32361,32363],"class_list":{"0":"post-69368","1":"post","2":"type-post","3":"status-publish","4":"format-standard","5":"has-post-thumbnail","7":"category-foto","8":"category-politica","9":"tag-almoloya-necesita-un-hombre-cabal-no-un-chiquillo","10":"tag-appyo-de-tosos-los-sectores-para-oscar-sanchez","11":"tag-cierra-campana-oscar-sanchez-garcia","12":"tag-el-dip-eduardo-zarzosa-representante-de-ana-lilia","13":"tag-miles-de-almoloyenses-en-el-cierre-de-campana","14":"tag-pirotecnicos-de-de-san-mateo-tlalchichilpan"},"wps_subtitle":"Cerr\u00f3 campa\u00f1a \u00d3scar S\u00e1nchez Garc\u00eda, candidato a Presidente Municipal.","_links":{"self":[{"href":"https:\/\/www.porlalibreedomex.com\/index.php?rest_route=\/wp\/v2\/posts\/69368","targetHints":{"allow":["GET"]}}],"collection":[{"href":"https:\/\/www.porlalibreedomex.com\/index.php?rest_route=\/wp\/v2\/posts"}],"about":[{"href":"https:\/\/www.porlalibreedomex.com\/index.php?rest_route=\/wp\/v2\/types\/post"}],"author":[{"embeddable":true,"href":"https:\/\/www.porlalibreedomex.com\/index.php?rest_route=\/wp\/v2\/users\/3"}],"replies":[{"embeddable":true,"href":"https:\/\/www.porlalibreedomex.com\/index.php?rest_route=%2Fwp%2Fv2%2Fcomments&post=69368"}],"version-history":[{"count":3,"href":"https:\/\/www.porlalibreedomex.com\/index.php?rest_route=\/wp\/v2\/posts\/69368\/revisions"}],"predecessor-version":[{"id":69381,"href":"https:\/\/www.porlalibreedomex.com\/index.php?rest_route=\/wp\/v2\/posts\/69368\/revisions\/69381"}],"wp:featuredmedia":[{"embeddable":true,"href":"https:\/\/www.porlalibreedomex.com\/index.php?rest_route=\/wp\/v2\/media\/69371"}],"wp:attachment":[{"href":"https:\/\/www.porlalibreedomex.com\/index.php?rest_route=%2Fwp%2Fv2%2Fmedia&parent=69368"}],"wp:term":[{"taxonomy":"category","embeddable":true,"href":"https:\/\/www.porlalibreedomex.com\/index.php?rest_route=%2Fwp%2Fv2%2Fcategories&post=69368"},{"taxonomy":"post_tag","embeddable":true,"href":"https:\/\/www.porlalibreedomex.com\/index.php?rest_route=%2Fwp%2Fv2%2Ftags&post=69368"}],"curies":[{"name":"wp","href":"https:\/\/api.w.org\/{rel}","templated":true}]}}