{"id":69331,"date":"2024-05-24T00:27:32","date_gmt":"2024-05-24T06:27:32","guid":{"rendered":"https:\/\/porlalibreedomex.com\/?p=69331"},"modified":"2024-05-25T00:28:29","modified_gmt":"2024-05-25T06:28:29","slug":"no-se-vale-no-ir-a-votar-maullidos-urbanos","status":"publish","type":"post","link":"https:\/\/www.porlalibreedomex.com\/?p=69331","title":{"rendered":"\u00a1NO SE VALE NO IR A VOTAR ! \/ MAULLIDOS URBANOS"},"content":{"rendered":"<ul>\n<li><strong><em>NO HAY NADIE QUE NO SEPA QUE LAS ELECCIONES SON EL DOMINGO 2 DE JUNIO \/ MAULLIDOS URBANOS<\/em><\/strong><\/li>\n<\/ul>\n<p><strong>Gato de Barrio \/<\/strong><\/p>\n<p align=\"right\"><strong><i><u><a href=\"mailto:gatodebarrio@yahoo.com.mx\" target=\"_blank\" rel=\"noopener\">gatodebarrio@yahoo.com.mx \/<\/a><\/u><\/i><\/strong><\/p>\n<p><strong>S<\/strong>inceramente, ante el bombardeo propagand\u00edstico en medios impresos y electr\u00f3nicos, redes sociales y las actividades proselitistas en sitios p\u00fablicos, dudo existan personas\u00a0 que desconozcan que <strong>el primer domingo de junio se efectuar\u00e1, a nivel nacional la jornada para elegir al siguiente titular del Poder Ejecutivo Federal, a quienes integrar\u00e1n las C\u00e1maras de Diputados y Senadores y, en varios estados, gobernadores, legislaturas locales y presidencias municipales.<\/strong><\/p>\n<p>Por lo tanto, quienes decidan no acudir a las urnas, es decir los abstencionistas de otras elecciones <strong>no podr\u00e1n argumentar que ignoran de la fecha ciudadana para acudir a emitir su sufragio por quien consideren el mejor candidato a los diferentes cargos de elecci\u00f3n popular.<\/strong><\/p>\n<p>Para alentar m\u00e1s a los ciudadanos a acudir a votar, diversos comercios y servicioa se han organizado para ofrecer alg\u00fan tipo de aliciente, no solo para el 2 de junio, ya que algunas podr\u00e1n beneficirse de las promociones\u00a0 d\u00edas despu\u00e9s.<\/p>\n<p>De esta forma, quienes presentan su dedo pulgar marcado con tinta indeleble, como prueba de hacer votado y gracias a un acuerdo con el Instituto Nacional Electoral (INE) con FEMSA \u2013propietaria de las tiendas de conveniencia<strong> Oxxo\u2013, quienes demuestren haber sufragado y acudan a una sucursal de esas tiendas de conveniencia podr\u00e1n disfrutar de un caf\u00e9 americano Andatti Mediano gratis, mientras la Asociaci\u00f3n Mexicana de Gimnasios y Clubes se comprometi\u00f3 a otorgar un d\u00eda de acceso gratuito, junto con una rutina personalizada a los ciudadanos cumplidos.<\/strong><\/p>\n<p>Si es cin\u00e9filo, entonces podr\u00e1 a alguna sala de la cadena <strong>Cinemex la cual recompensar\u00e1 a los votantes con una promoci\u00f3n especial de tres boletos por el precio de uno<\/strong>, al mostrar el pulgar marcado con tinta electoral junto con la credencial del INE, oferta v\u00e1lida del 2 al 4 de junio y solo se podr\u00e1 canjear una vez.<\/p>\n<p>En el caso de las salas Cin\u00e9polis, <strong>se ofrecer\u00e1n cuatro entradas por cien pesos, m\u00e1s palomitas chicas gratis, con la salvedad de que esta promoci\u00f3n no aplica en salas IMAX, VIP, 4DX y Screen X, donde la oferta ser\u00e1 adquirir cuatro entradas por 200 pesos.<\/strong><\/p>\n<p>Si bien en los pr\u00f3ximos d\u00edas podr\u00e1n sumarse m\u00e1s comercios con otras promociones, se debe estar pendientes de los l\u00edmites de cada promoci\u00f3n para evitar abusos de encajosos.<\/p>\n<p><strong>\u00a0Indudablemente, este es un esfuerzo que si bien, no terminar\u00e1 con al abstencionismo, servir\u00e1 para que m\u00e1s ciudadanos acudan a expresar su opini\u00f3n en las urnas, en lo que ser\u00e1 la elecci\u00f3n m\u00e1s importante en la historia de M\u00e9xico.<\/strong><\/p>\n","protected":false},"excerpt":{"rendered":"<p>NO HAY NADIE QUE NO SEPA QUE LAS ELECCIONES SON EL DOMINGO 2 DE JUNIO \/ MAULLIDOS URBANOS Gato de Barrio \/ gatodebarrio@yahoo.com.mx \/ Sinceramente, ante el bombardeo propagand\u00edstico en medios impresos y electr\u00f3nicos, redes sociales y las actividades proselitistas en sitios p\u00fablicos, dudo existan personas\u00a0 que desconozcan que el primer domingo de junio se [&hellip;]<\/p>\n","protected":false},"author":3,"featured_media":69332,"comment_status":"open","ping_status":"open","sticky":false,"template":"","format":"standard","meta":{"footnotes":""},"categories":[23,16],"tags":[32334,32335,6315,11389,32333,23215],"class_list":{"0":"post-69331","1":"post","2":"type-post","3":"status-publish","4":"format-standard","5":"has-post-thumbnail","7":"category-columna","8":"category-foto","9":"tag-abstencionistas","10":"tag-abstenganse","11":"tag-gato-de-barrio","12":"tag-maullidos-urbanos","13":"tag-no-se-vale-no-ir-a-votar","14":"tag-todos-a-votar"},"wps_subtitle":"Premios a ciudadanos con el dedo entintado. ABSTENCIONISTAS, Abst\u00e9nganse !!!","_links":{"self":[{"href":"https:\/\/www.porlalibreedomex.com\/index.php?rest_route=\/wp\/v2\/posts\/69331","targetHints":{"allow":["GET"]}}],"collection":[{"href":"https:\/\/www.porlalibreedomex.com\/index.php?rest_route=\/wp\/v2\/posts"}],"about":[{"href":"https:\/\/www.porlalibreedomex.com\/index.php?rest_route=\/wp\/v2\/types\/post"}],"author":[{"embeddable":true,"href":"https:\/\/www.porlalibreedomex.com\/index.php?rest_route=\/wp\/v2\/users\/3"}],"replies":[{"embeddable":true,"href":"https:\/\/www.porlalibreedomex.com\/index.php?rest_route=%2Fwp%2Fv2%2Fcomments&post=69331"}],"version-history":[{"count":2,"href":"https:\/\/www.porlalibreedomex.com\/index.php?rest_route=\/wp\/v2\/posts\/69331\/revisions"}],"predecessor-version":[{"id":69334,"href":"https:\/\/www.porlalibreedomex.com\/index.php?rest_route=\/wp\/v2\/posts\/69331\/revisions\/69334"}],"wp:featuredmedia":[{"embeddable":true,"href":"https:\/\/www.porlalibreedomex.com\/index.php?rest_route=\/wp\/v2\/media\/69332"}],"wp:attachment":[{"href":"https:\/\/www.porlalibreedomex.com\/index.php?rest_route=%2Fwp%2Fv2%2Fmedia&parent=69331"}],"wp:term":[{"taxonomy":"category","embeddable":true,"href":"https:\/\/www.porlalibreedomex.com\/index.php?rest_route=%2Fwp%2Fv2%2Fcategories&post=69331"},{"taxonomy":"post_tag","embeddable":true,"href":"https:\/\/www.porlalibreedomex.com\/index.php?rest_route=%2Fwp%2Fv2%2Ftags&post=69331"}],"curies":[{"name":"wp","href":"https:\/\/api.w.org\/{rel}","templated":true}]}}