{"id":69286,"date":"2024-05-21T03:01:40","date_gmt":"2024-05-21T09:01:40","guid":{"rendered":"https:\/\/porlalibreedomex.com\/?p=69286"},"modified":"2024-05-22T03:02:11","modified_gmt":"2024-05-22T09:02:11","slug":"ensucia-y-pretende-politizar-morena-el-tradicional-paseo-de-la-agricultura-de-metepec","status":"publish","type":"post","link":"https:\/\/www.porlalibreedomex.com\/?p=69286","title":{"rendered":"Ensucia y pretende Politizar MORENA el tradicional Paseo de la Agricultura de Metepec"},"content":{"rendered":"<p>&nbsp;<\/p>\n<p><strong>Metepec, M\u00e9xico, 21 de mayo de 2024. <\/strong>El bajo nivel y la desesperaci\u00f3n del partido Morena ante su inminente derrota en la pr\u00f3ximas eleccions, qued\u00f3 de manifiesto con las acciones de sus simpatizantes que pretendieron politizar y ensuciaron una de las fiestas tradicionales m\u00e1s importantes de este Pueblo M\u00e1gico, que es el Paseo de la Agricultura, motivado por la festividad de San Isidro Labrador.<\/p>\n<p>Totalmente ajenos al esp\u00edritu de la clebraci\u00f3n, los morenistas se pusieron a repartir \u00a0a algunas cuadrillas del Paseo, propaganda con mensajes en contra del candidato de la Coalici\u00f3n \u00abFuerza y Coraz\u00f3n por M\u00e9xico\u00bb, que lleva una norme ventaja, y a dos semanas de las eleciones, a juzgar por lo que dicen los expertos, esa ventaja ya es irreversible, por lo que habr\u00e1 tres a\u00f1os m\u00e1s de \u00abCiudadanos Gobernando\u00bb, porque el pueblo ha decidido que \u00abLo Bueno se Queda\u00bb.<\/p>\n<div id='gallery-1' class='gallery galleryid-69286 gallery-columns-3 gallery-size-large'><figure class='gallery-item'>\n\t\t\t<div class='gallery-icon portrait'>\n\t\t\t\t<a href='https:\/\/www.porlalibreedomex.com\/?attachment_id=69295'><img loading=\"lazy\" decoding=\"async\" width=\"683\" height=\"1024\" src=\"https:\/\/www.porlalibreedomex.com\/wp-content\/uploads\/2024\/05\/En-Metepec-se-conserva-viva-la-tradicion-del-Paseo-de-San-Isidro-Labrador-o-Paseo-de-la-Agricultura-1-683x1024.jpeg\" class=\"attachment-large size-large\" alt=\"\" srcset=\"https:\/\/www.porlalibreedomex.com\/wp-content\/uploads\/2024\/05\/En-Metepec-se-conserva-viva-la-tradicion-del-Paseo-de-San-Isidro-Labrador-o-Paseo-de-la-Agricultura-1-683x1024.jpeg 683w, https:\/\/www.porlalibreedomex.com\/wp-content\/uploads\/2024\/05\/En-Metepec-se-conserva-viva-la-tradicion-del-Paseo-de-San-Isidro-Labrador-o-Paseo-de-la-Agricultura-1-200x300.jpeg 200w, https:\/\/www.porlalibreedomex.com\/wp-content\/uploads\/2024\/05\/En-Metepec-se-conserva-viva-la-tradicion-del-Paseo-de-San-Isidro-Labrador-o-Paseo-de-la-Agricultura-1-768x1152.jpeg 768w, https:\/\/www.porlalibreedomex.com\/wp-content\/uploads\/2024\/05\/En-Metepec-se-conserva-viva-la-tradicion-del-Paseo-de-San-Isidro-Labrador-o-Paseo-de-la-Agricultura-1-1024x1536.jpeg 1024w, https:\/\/www.porlalibreedomex.com\/wp-content\/uploads\/2024\/05\/En-Metepec-se-conserva-viva-la-tradicion-del-Paseo-de-San-Isidro-Labrador-o-Paseo-de-la-Agricultura-1.jpeg 1066w\" sizes=\"auto, (max-width: 683px) 100vw, 683px\" \/><\/a>\n\t\t\t<\/div><\/figure><figure class='gallery-item'>\n\t\t\t<div class='gallery-icon landscape'>\n\t\t\t\t<a href='https:\/\/www.porlalibreedomex.com\/?attachment_id=69289'><img loading=\"lazy\" decoding=\"async\" width=\"696\" height=\"464\" src=\"https:\/\/www.porlalibreedomex.com\/wp-content\/uploads\/2024\/05\/Paseo-de-la-Agricultura-en-Metepec-Mex-1024x683.jpeg\" class=\"attachment-large size-large\" alt=\"\" aria-describedby=\"gallery-1-69289\" srcset=\"https:\/\/www.porlalibreedomex.com\/wp-content\/uploads\/2024\/05\/Paseo-de-la-Agricultura-en-Metepec-Mex-1024x683.jpeg 1024w, https:\/\/www.porlalibreedomex.com\/wp-content\/uploads\/2024\/05\/Paseo-de-la-Agricultura-en-Metepec-Mex-300x200.jpeg 300w, https:\/\/www.porlalibreedomex.com\/wp-content\/uploads\/2024\/05\/Paseo-de-la-Agricultura-en-Metepec-Mex-768x512.jpeg 768w, https:\/\/www.porlalibreedomex.com\/wp-content\/uploads\/2024\/05\/Paseo-de-la-Agricultura-en-Metepec-Mex-1536x1024.jpeg 1536w, https:\/\/www.porlalibreedomex.com\/wp-content\/uploads\/2024\/05\/Paseo-de-la-Agricultura-en-Metepec-Mex.jpeg 1599w\" sizes=\"auto, (max-width: 696px) 100vw, 696px\" \/><\/a>\n\t\t\t<\/div>\n\t\t\t\t<figcaption class='wp-caption-text gallery-caption' id='gallery-1-69289'>\n\t\t\t\tPaseo de la Agricultura en Metepec, M\u00e9x.\n\t\t\t\t<\/figcaption><\/figure>\n\t\t<\/div>\n\n<p>&nbsp;<\/p>\n<p>Deplorable y vil la artima\u00f1a utilizada por seguidores de MORENA quienes colocaron vinilonas ofensivas en algunas casas y en algunos veh\u00edculos, e incluso. con presiones involucraron a algunos integrantes de la mayordom\u00eda que por razones desconocidas se prestaron a esta pr\u00e1ctica ensuciando la tradici\u00f3n.<\/p>\n<figure id=\"attachment_69293\" aria-describedby=\"caption-attachment-69293\" style=\"width: 768px\" class=\"wp-caption aligncenter\"><a href=\"http:\/\/porlalibreedomex.com\/wp-content\/uploads\/2024\/05\/Ahora-si-que-de-risa-algunas-vinilonas-que-colocaron-los-morenistas-que-pretendieron-aprovecharse-del-Paseo-de-la-Agricultura-para-intentar-jalar-simpatias-1.jpeg\"><img loading=\"lazy\" decoding=\"async\" class=\"size-large wp-image-69293\" src=\"http:\/\/porlalibreedomex.com\/wp-content\/uploads\/2024\/05\/Ahora-si-que-de-risa-algunas-vinilonas-que-colocaron-los-morenistas-que-pretendieron-aprovecharse-del-Paseo-de-la-Agricultura-para-intentar-jalar-simpatias-1-768x1024.jpeg\" alt=\"\" width=\"768\" height=\"1024\" srcset=\"https:\/\/www.porlalibreedomex.com\/wp-content\/uploads\/2024\/05\/Ahora-si-que-de-risa-algunas-vinilonas-que-colocaron-los-morenistas-que-pretendieron-aprovecharse-del-Paseo-de-la-Agricultura-para-intentar-jalar-simpatias-1-768x1024.jpeg 768w, https:\/\/www.porlalibreedomex.com\/wp-content\/uploads\/2024\/05\/Ahora-si-que-de-risa-algunas-vinilonas-que-colocaron-los-morenistas-que-pretendieron-aprovecharse-del-Paseo-de-la-Agricultura-para-intentar-jalar-simpatias-1-225x300.jpeg 225w, https:\/\/www.porlalibreedomex.com\/wp-content\/uploads\/2024\/05\/Ahora-si-que-de-risa-algunas-vinilonas-que-colocaron-los-morenistas-que-pretendieron-aprovecharse-del-Paseo-de-la-Agricultura-para-intentar-jalar-simpatias-1-1152x1536.jpeg 1152w, https:\/\/www.porlalibreedomex.com\/wp-content\/uploads\/2024\/05\/Ahora-si-que-de-risa-algunas-vinilonas-que-colocaron-los-morenistas-que-pretendieron-aprovecharse-del-Paseo-de-la-Agricultura-para-intentar-jalar-simpatias-1.jpeg 1536w\" sizes=\"auto, (max-width: 768px) 100vw, 768px\" \/><\/a><figcaption id=\"caption-attachment-69293\" class=\"wp-caption-text\">Ahora s\u00ed que de risa, algunas vinilonas que coloc\u00e1ron los morenistas, que pretendieron aprovecharse del Paseo de la Agricultura para intentar jalar simpat\u00edas.<\/figcaption><\/figure>\n<p>Adem\u00e1s, refieren cuadrillas tradicionales, que en algunos casos, los obligaron a portar en veh\u00edculos la imagen del candidato de Morena-PT-PVEM, que de hecho, nadie conoce en Metepec.<\/p>\n<figure id=\"attachment_69287\" aria-describedby=\"caption-attachment-69287\" style=\"width: 800px\" class=\"wp-caption aligncenter\"><a href=\"http:\/\/porlalibreedomex.com\/wp-content\/uploads\/2024\/05\/Pretendio-Morena-politizar-el-Paseo-de-la-Agricultura-en-honor-a-San-Isidro-Labrador-colocando-propaganda-negra.jpeg\"><img loading=\"lazy\" decoding=\"async\" class=\"size-large wp-image-69287\" src=\"http:\/\/porlalibreedomex.com\/wp-content\/uploads\/2024\/05\/Pretendio-Morena-politizar-el-Paseo-de-la-Agricultura-en-honor-a-San-Isidro-Labrador-colocando-propaganda-negra-1024x768.jpeg\" alt=\"\" width=\"800\" height=\"600\" srcset=\"https:\/\/www.porlalibreedomex.com\/wp-content\/uploads\/2024\/05\/Pretendio-Morena-politizar-el-Paseo-de-la-Agricultura-en-honor-a-San-Isidro-Labrador-colocando-propaganda-negra-1024x768.jpeg 1024w, https:\/\/www.porlalibreedomex.com\/wp-content\/uploads\/2024\/05\/Pretendio-Morena-politizar-el-Paseo-de-la-Agricultura-en-honor-a-San-Isidro-Labrador-colocando-propaganda-negra-300x225.jpeg 300w, https:\/\/www.porlalibreedomex.com\/wp-content\/uploads\/2024\/05\/Pretendio-Morena-politizar-el-Paseo-de-la-Agricultura-en-honor-a-San-Isidro-Labrador-colocando-propaganda-negra-768x576.jpeg 768w, https:\/\/www.porlalibreedomex.com\/wp-content\/uploads\/2024\/05\/Pretendio-Morena-politizar-el-Paseo-de-la-Agricultura-en-honor-a-San-Isidro-Labrador-colocando-propaganda-negra-1536x1152.jpeg 1536w, https:\/\/www.porlalibreedomex.com\/wp-content\/uploads\/2024\/05\/Pretendio-Morena-politizar-el-Paseo-de-la-Agricultura-en-honor-a-San-Isidro-Labrador-colocando-propaganda-negra.jpeg 1600w\" sizes=\"auto, (max-width: 800px) 100vw, 800px\" \/><\/a><figcaption id=\"caption-attachment-69287\" class=\"wp-caption-text\">Pretendi\u00f3 Morena politizar el Paseo de la Agricultura en honor a San Isidro Labrador, colocando propaganda negra.<\/figcaption><\/figure>\n","protected":false},"excerpt":{"rendered":"<p>&nbsp; Metepec, M\u00e9xico, 21 de mayo de 2024. El bajo nivel y la desesperaci\u00f3n del partido Morena ante su inminente derrota en la pr\u00f3ximas eleccions, qued\u00f3 de manifiesto con las acciones de sus simpatizantes que pretendieron politizar y ensuciaron una de las fiestas tradicionales m\u00e1s importantes de este Pueblo M\u00e1gico, que es el Paseo de [&hellip;]<\/p>\n","protected":false},"author":3,"featured_media":69294,"comment_status":"open","ping_status":"open","sticky":false,"template":"","format":"standard","meta":{"footnotes":""},"categories":[9157,16],"tags":[],"class_list":{"0":"post-69286","1":"post","2":"type-post","3":"status-publish","4":"format-standard","5":"has-post-thumbnail","7":"category-edomex","8":"category-foto"},"wps_subtitle":"","_links":{"self":[{"href":"https:\/\/www.porlalibreedomex.com\/index.php?rest_route=\/wp\/v2\/posts\/69286","targetHints":{"allow":["GET"]}}],"collection":[{"href":"https:\/\/www.porlalibreedomex.com\/index.php?rest_route=\/wp\/v2\/posts"}],"about":[{"href":"https:\/\/www.porlalibreedomex.com\/index.php?rest_route=\/wp\/v2\/types\/post"}],"author":[{"embeddable":true,"href":"https:\/\/www.porlalibreedomex.com\/index.php?rest_route=\/wp\/v2\/users\/3"}],"replies":[{"embeddable":true,"href":"https:\/\/www.porlalibreedomex.com\/index.php?rest_route=%2Fwp%2Fv2%2Fcomments&post=69286"}],"version-history":[{"count":2,"href":"https:\/\/www.porlalibreedomex.com\/index.php?rest_route=\/wp\/v2\/posts\/69286\/revisions"}],"predecessor-version":[{"id":69304,"href":"https:\/\/www.porlalibreedomex.com\/index.php?rest_route=\/wp\/v2\/posts\/69286\/revisions\/69304"}],"wp:featuredmedia":[{"embeddable":true,"href":"https:\/\/www.porlalibreedomex.com\/index.php?rest_route=\/wp\/v2\/media\/69294"}],"wp:attachment":[{"href":"https:\/\/www.porlalibreedomex.com\/index.php?rest_route=%2Fwp%2Fv2%2Fmedia&parent=69286"}],"wp:term":[{"taxonomy":"category","embeddable":true,"href":"https:\/\/www.porlalibreedomex.com\/index.php?rest_route=%2Fwp%2Fv2%2Fcategories&post=69286"},{"taxonomy":"post_tag","embeddable":true,"href":"https:\/\/www.porlalibreedomex.com\/index.php?rest_route=%2Fwp%2Fv2%2Ftags&post=69286"}],"curies":[{"name":"wp","href":"https:\/\/api.w.org\/{rel}","templated":true}]}}