{"id":69281,"date":"2024-05-21T01:31:36","date_gmt":"2024-05-21T07:31:36","guid":{"rendered":"https:\/\/porlalibreedomex.com\/?p=69281"},"modified":"2024-05-22T01:33:05","modified_gmt":"2024-05-22T07:33:05","slug":"maullidos-urbanos-dias-politicos","status":"publish","type":"post","link":"https:\/\/www.porlalibreedomex.com\/?p=69281","title":{"rendered":"Maullidos Urbanos \/ D\u00edas pol\u00edticos"},"content":{"rendered":"<p>&nbsp;<\/p>\n<p><strong>Por Gato de Barrio \/<\/strong><\/p>\n<p align=\"right\"><strong><i><u><a href=\"mailto:gatodebarrio@yahoo.com.mx\" target=\"_blank\" rel=\"noopener\">gatodebarrio@yahoo.com.mx \/<\/a><\/u><\/i><\/strong><\/p>\n<p><strong>A<\/strong> poco m\u00e1s de una semana de la conclusi\u00f3n de las campa\u00f1as proselitistas presidenciales para la jornada electoral del domingo 2 de junio, los \u00faltimos d\u00edas no han sido de lo mejor para Claudia Sheinbaum, candidata de Morena y los partidos Verde y del Trabajo, adem\u00e1s de contar con el apoyo \u2013ilegal e incondicional\u2013, del inquilino de Palacio Nacional.<\/p>\n<p>El domingo por la ma\u00f1ana se realiz\u00f3 la Marcha Rosa, donde ciudadanos que antes marcharon en favor de la independencia y autonom\u00eda del Instituto Nacional Electoral, ahora decidieron sumarse en respaldo de X\u00f3chitl G\u00e1lvez y Santiago Taboada, candidatos a la presidencia y del gobierno de la Ciudad de M\u00e9xico por la alianza opositora.<\/p>\n<p>Aunque la cifra oficial de las autoridades capitalinas fue de 90 mil asistentes, la realidad es que fueron muchos miles m\u00e1s quienes acudieron al Z\u00f3calo capitalino, as\u00ed como otros miles que realizaron marchas en diferentes ciudades del interior del pa\u00eds y en el extranjero.<\/p>\n<p>Por la noche, aunque los tres participantes en el tercer y \u00faltimo debate presidencial se declararon ganadores, la verdad es que no hubo un claro vencedor, incluso Sheinbaum no pudo dar respuestas concretas y repiti\u00f3 su guion de que el pa\u00eds funciona muy bien con la autollamada cuarta transformaci\u00f3n, aunque evidentemente la realidad la desmiente.<\/p>\n<p>Este lunes X\u00f3chitl G\u00e1lvez se reuni\u00f3 en el Palacio de Miner\u00eda de la UNAM con cerca de 300 integrantes de la comunidad cultural nacional, quienes llamaron a votar en su favor para responder \u201ca la enorme urgencia de defender la democracia amenazada\u201d. Posteriormente tanto los asistentes al evento como otros m\u00e1s firmaron un desplegado difundido en redes sociales.<\/p>\n<p>A nombre de asistentes, entre ellos Enrique Krauze, H\u00e9ctor Aguilar Cam\u00edn, Rafael P\u00e9rez Gay, Joel Ortega Ju\u00e1rez, Enrique Serna, Federico Reyes Heroles, Jorge Casta\u00f1eda, Jos\u00e9 Sarukh\u00e1n, entre otros, Roger Bartra indic\u00f3 que no votar por G\u00e1lvez implicar\u00eda la continuidad de la corrupci\u00f3n pol\u00edtica y la creciente inseguridad surgida en el gobierno del L\u00f3pez Obrador.<\/p>\n<p>Se\u00f1al\u00f3: \u201cVivimos en una coyuntura muy peligrosa. Las elecciones del pr\u00f3ximo junio ser\u00e1n una confrontaci\u00f3n entre el autoritarismo y la democracia. Creemos que la opci\u00f3n democr\u00e1tica est\u00e1 representada por X\u00f3chitl G\u00e1lvez. Nuestro llamado a votar por ella responde a la enorme urgencia de defender la democracia amenazada\u201d.<\/p>\n<p>De aqu\u00ed al mi\u00e9rcoles 29 de mayo, cuando terminen todas las campa\u00f1as pol\u00edticas, ser\u00e1n d\u00edas para que los ciudadanos, en especial los indecisos, mediten por qui\u00e9n emitir\u00e1n su sufragio el primer domingo de junio. Esperemos que su voto sea para tener un mejor M\u00e9xico.<\/p>\n","protected":false},"excerpt":{"rendered":"<p>&nbsp; Por Gato de Barrio \/ gatodebarrio@yahoo.com.mx \/ A poco m\u00e1s de una semana de la conclusi\u00f3n de las campa\u00f1as proselitistas presidenciales para la jornada electoral del domingo 2 de junio, los \u00faltimos d\u00edas no han sido de lo mejor para Claudia Sheinbaum, candidata de Morena y los partidos Verde y del Trabajo, adem\u00e1s de [&hellip;]<\/p>\n","protected":false},"author":3,"featured_media":69282,"comment_status":"open","ping_status":"open","sticky":false,"template":"","format":"standard","meta":{"footnotes":""},"categories":[23,16],"tags":[32323,32322,32320,6315,32321,11389],"class_list":{"0":"post-69281","1":"post","2":"type-post","3":"status-publish","4":"format-standard","5":"has-post-thumbnail","7":"category-columna","8":"category-foto","9":"tag-apoyo-a-santiago-taboada","10":"tag-apoyo-a-xochitl","11":"tag-dias-de-politica","12":"tag-gato-de-barrio","13":"tag-marea-rosa","14":"tag-maullidos-urbanos"},"wps_subtitle":"","_links":{"self":[{"href":"https:\/\/www.porlalibreedomex.com\/index.php?rest_route=\/wp\/v2\/posts\/69281","targetHints":{"allow":["GET"]}}],"collection":[{"href":"https:\/\/www.porlalibreedomex.com\/index.php?rest_route=\/wp\/v2\/posts"}],"about":[{"href":"https:\/\/www.porlalibreedomex.com\/index.php?rest_route=\/wp\/v2\/types\/post"}],"author":[{"embeddable":true,"href":"https:\/\/www.porlalibreedomex.com\/index.php?rest_route=\/wp\/v2\/users\/3"}],"replies":[{"embeddable":true,"href":"https:\/\/www.porlalibreedomex.com\/index.php?rest_route=%2Fwp%2Fv2%2Fcomments&post=69281"}],"version-history":[{"count":3,"href":"https:\/\/www.porlalibreedomex.com\/index.php?rest_route=\/wp\/v2\/posts\/69281\/revisions"}],"predecessor-version":[{"id":69285,"href":"https:\/\/www.porlalibreedomex.com\/index.php?rest_route=\/wp\/v2\/posts\/69281\/revisions\/69285"}],"wp:featuredmedia":[{"embeddable":true,"href":"https:\/\/www.porlalibreedomex.com\/index.php?rest_route=\/wp\/v2\/media\/69282"}],"wp:attachment":[{"href":"https:\/\/www.porlalibreedomex.com\/index.php?rest_route=%2Fwp%2Fv2%2Fmedia&parent=69281"}],"wp:term":[{"taxonomy":"category","embeddable":true,"href":"https:\/\/www.porlalibreedomex.com\/index.php?rest_route=%2Fwp%2Fv2%2Fcategories&post=69281"},{"taxonomy":"post_tag","embeddable":true,"href":"https:\/\/www.porlalibreedomex.com\/index.php?rest_route=%2Fwp%2Fv2%2Ftags&post=69281"}],"curies":[{"name":"wp","href":"https:\/\/api.w.org\/{rel}","templated":true}]}}