{"id":6909,"date":"2015-03-31T20:27:35","date_gmt":"2015-04-01T05:27:35","guid":{"rendered":"http:\/\/porlalibre.info\/?p=6909"},"modified":"2015-03-31T20:27:35","modified_gmt":"2015-04-01T05:27:35","slug":"solicitan-procedimiento-de-investigacion-por-traslado-de-fuselaje-de-avion-airbus-a-320","status":"publish","type":"post","link":"https:\/\/www.porlalibreedomex.com\/?p=6909","title":{"rendered":"SOLICITAN PROCEDIMIENTO DE INVESTIGACI\u00d3N POR TRASLADO DE FUSELAJE DE AVI\u00d3N AIRBUS A-320"},"content":{"rendered":"<ul>\n<li><em>Una acci\u00f3n de esta naturaleza debe estar coordinada con autoridades y administraci\u00f3n aeroportuaria.<\/em><\/li>\n<\/ul>\n<p style=\"text-align: justify;\"><strong>Toluca, M\u00e9xico, 31 de marzo de 2015<\/strong>.- Este d\u00eda la aerol\u00ednea Interjet inici\u00f3 a las 8:30 am un operativo para sacar un fuselaje de un avi\u00f3n Airbus A-320 con vida \u00fatil de 20 a\u00f1os, desde sus instalaciones de mantenimiento del Aeropuerto Internacional de Toluca.<\/p>\n<p style=\"text-align: justify;\">El operativo se realiz\u00f3 hacia Boulevard Miguel Alem\u00e1n (aeropuerto) y ocasion\u00f3 un congestionamiento vial en donde se produjo un accidente en el que estuvieron involucrados tres veh\u00edculos, dos particulares y un taxi con da\u00f1os materiales sin lesionados de gravedad.<\/p>\n<p style=\"text-align: justify;\">Cabe destacar que la administraci\u00f3n del aeropuerto realiz\u00f3 un reporte inmediato a la Comandancia de la Direcci\u00f3n General de Aeron\u00e1utica Civil, asentada en dichas instalaciones y dentro del Comit\u00e9 Coordinador de Autoridades Federales solicit\u00f3 el inicio de un procedimiento de investigaci\u00f3n toda vez que una acci\u00f3n de esta naturaleza debe estar coordinada con autoridades y administraci\u00f3n aeroportuaria.<\/p>\n<p style=\"text-align: justify;\">En un primer informe verbal, Interjet dio a conocer que la maniobra est\u00e1 relacionada con una donaci\u00f3n a una instituci\u00f3n educativa.<\/p>\n","protected":false},"excerpt":{"rendered":"<p>Una acci\u00f3n de esta naturaleza debe estar coordinada con autoridades y administraci\u00f3n aeroportuaria. Toluca, M\u00e9xico, 31 de marzo de 2015.- Este d\u00eda la aerol\u00ednea Interjet inici\u00f3 a las 8:30 am un operativo para sacar un fuselaje de un avi\u00f3n Airbus A-320 con vida \u00fatil de 20 a\u00f1os, desde sus instalaciones de mantenimiento del Aeropuerto Internacional [&hellip;]<\/p>\n","protected":false},"author":2,"featured_media":0,"comment_status":"open","ping_status":"open","sticky":false,"template":"","format":"standard","meta":{"footnotes":""},"categories":[5,1],"tags":[4176,4177,4178,4179],"class_list":{"0":"post-6909","1":"post","2":"type-post","3":"status-publish","4":"format-standard","6":"category-nota-informativa","7":"category-uncategorized","8":"tag-accidente","9":"tag-avion-airbus","10":"tag-boulevar-aeropuerto","11":"tag-investigacion"},"wps_subtitle":"","_links":{"self":[{"href":"https:\/\/www.porlalibreedomex.com\/index.php?rest_route=\/wp\/v2\/posts\/6909","targetHints":{"allow":["GET"]}}],"collection":[{"href":"https:\/\/www.porlalibreedomex.com\/index.php?rest_route=\/wp\/v2\/posts"}],"about":[{"href":"https:\/\/www.porlalibreedomex.com\/index.php?rest_route=\/wp\/v2\/types\/post"}],"author":[{"embeddable":true,"href":"https:\/\/www.porlalibreedomex.com\/index.php?rest_route=\/wp\/v2\/users\/2"}],"replies":[{"embeddable":true,"href":"https:\/\/www.porlalibreedomex.com\/index.php?rest_route=%2Fwp%2Fv2%2Fcomments&post=6909"}],"version-history":[{"count":0,"href":"https:\/\/www.porlalibreedomex.com\/index.php?rest_route=\/wp\/v2\/posts\/6909\/revisions"}],"wp:attachment":[{"href":"https:\/\/www.porlalibreedomex.com\/index.php?rest_route=%2Fwp%2Fv2%2Fmedia&parent=6909"}],"wp:term":[{"taxonomy":"category","embeddable":true,"href":"https:\/\/www.porlalibreedomex.com\/index.php?rest_route=%2Fwp%2Fv2%2Fcategories&post=6909"},{"taxonomy":"post_tag","embeddable":true,"href":"https:\/\/www.porlalibreedomex.com\/index.php?rest_route=%2Fwp%2Fv2%2Ftags&post=6909"}],"curies":[{"name":"wp","href":"https:\/\/api.w.org\/{rel}","templated":true}]}}