{"id":68970,"date":"2024-04-30T20:36:59","date_gmt":"2024-05-01T02:36:59","guid":{"rendered":"https:\/\/porlalibreedomex.com\/?p=68970"},"modified":"2024-04-30T20:36:59","modified_gmt":"2024-05-01T02:36:59","slug":"oscar-sanchez-garcia-en-campana-lo-que-nos-avala-son-las-obras","status":"publish","type":"post","link":"https:\/\/www.porlalibreedomex.com\/?p=68970","title":{"rendered":"OSCAR S\u00c1NCHEZ GARC\u00cdA EN CAMPA\u00d1A: \u00abLO QUE NOS AVALA SON LAS OBRAS\u00bb"},"content":{"rendered":"<p><em><strong>\u2022 M\u00e1s all\u00e1 de hablar de reelecci\u00f3n, hay que hablar de continuidad, apunta en su<\/strong><\/em><br \/>\n<em><strong>cuarto d\u00eda de campa\u00f1a.<\/strong><\/em><br \/>\n<em><strong>\u2022 Poco a poco vamos avanzando; peor ser\u00eda quedarnos inm\u00f3viles, advierte.<\/strong><\/em><br \/>\n<em><strong>\u2022 Dialog\u00f3 con habitantes de 5 comunidades del municipio.<\/strong><\/em><\/p>\n<p>&nbsp;<\/p>\n<p><strong>Almoloya de Ju\u00e1rez, Estado de M\u00e9xico, 30 de abril de 2024<\/strong>\u201cLo que hoy nos avala, son las obras, que se ven, que se sienten, por eso es que le apostamos a la continuidad\u201d, puntualiz\u00f3 Oscar S\u00e1nchez Garc\u00eda,<br \/>\ncandidato del Partido Revolucionario Institucional a la Presidencia Municipal de Almoloya<br \/>\nde Ju\u00e1rez.<br \/>\nEl candidato pri\u00edsta contin\u00faa su campa\u00f1a proselitista, y ante colonos de cinco<br \/>\ncomunidades, coment\u00f3 que \u201cseguiremos con la firma convicci\u00f3n de mejorar, de trabajar<br \/>\nen m\u00e1s obras y acciones durante los pr\u00f3ximo tres a\u00f1os\u201d.<\/p>\n<figure id=\"attachment_68976\" aria-describedby=\"caption-attachment-68976\" style=\"width: 800px\" class=\"wp-caption aligncenter\"><a href=\"http:\/\/porlalibreedomex.com\/wp-content\/uploads\/2024\/04\/PHOTO-2024-04-30-14-25-49-scaled.jpg\"><img loading=\"lazy\" decoding=\"async\" class=\"size-large wp-image-68976\" src=\"http:\/\/porlalibreedomex.com\/wp-content\/uploads\/2024\/04\/PHOTO-2024-04-30-14-25-49-1024x684.jpg\" alt=\"\" width=\"800\" height=\"534\" srcset=\"https:\/\/www.porlalibreedomex.com\/wp-content\/uploads\/2024\/04\/PHOTO-2024-04-30-14-25-49-1024x684.jpg 1024w, https:\/\/www.porlalibreedomex.com\/wp-content\/uploads\/2024\/04\/PHOTO-2024-04-30-14-25-49-300x200.jpg 300w, https:\/\/www.porlalibreedomex.com\/wp-content\/uploads\/2024\/04\/PHOTO-2024-04-30-14-25-49-768x513.jpg 768w, https:\/\/www.porlalibreedomex.com\/wp-content\/uploads\/2024\/04\/PHOTO-2024-04-30-14-25-49-1536x1026.jpg 1536w, https:\/\/www.porlalibreedomex.com\/wp-content\/uploads\/2024\/04\/PHOTO-2024-04-30-14-25-49-2048x1368.jpg 2048w\" sizes=\"auto, (max-width: 800px) 100vw, 800px\" \/><\/a><figcaption id=\"caption-attachment-68976\" class=\"wp-caption-text\">Campa\u00f1a de \u00d3scar S\u00e1nchez, quien busca continuidad, m\u00e1s que reelecci\u00f3n.<\/figcaption><\/figure>\n<p>Desde la Loma del Gigante de San Agust\u00edn Potej\u00e9 Centro, pregunt\u00f3: \u201c\u00bfQu\u00e9 queremos<br \/>\npara Almoloya de Ju\u00e1rez?\u201d, y exhort\u00f3 a los habitantes a defender con convicci\u00f3n su voto,<br \/>\nsobre todo, por la continuidad porque <strong>\u201csomos la mejor opci\u00f3n, porque hemos entregado<\/strong><br \/>\n<strong>resultados\u201d.<\/strong><\/p>\n<figure id=\"attachment_68974\" aria-describedby=\"caption-attachment-68974\" style=\"width: 800px\" class=\"wp-caption aligncenter\"><a href=\"http:\/\/porlalibreedomex.com\/wp-content\/uploads\/2024\/04\/PHOTO-2024-04-30-14-25-52-scaled.jpg\"><img loading=\"lazy\" decoding=\"async\" class=\"size-large wp-image-68974\" src=\"http:\/\/porlalibreedomex.com\/wp-content\/uploads\/2024\/04\/PHOTO-2024-04-30-14-25-52-1024x642.jpg\" alt=\"\" width=\"800\" height=\"502\" srcset=\"https:\/\/www.porlalibreedomex.com\/wp-content\/uploads\/2024\/04\/PHOTO-2024-04-30-14-25-52-1024x642.jpg 1024w, https:\/\/www.porlalibreedomex.com\/wp-content\/uploads\/2024\/04\/PHOTO-2024-04-30-14-25-52-300x188.jpg 300w, https:\/\/www.porlalibreedomex.com\/wp-content\/uploads\/2024\/04\/PHOTO-2024-04-30-14-25-52-768x482.jpg 768w, https:\/\/www.porlalibreedomex.com\/wp-content\/uploads\/2024\/04\/PHOTO-2024-04-30-14-25-52-1536x964.jpg 1536w, https:\/\/www.porlalibreedomex.com\/wp-content\/uploads\/2024\/04\/PHOTO-2024-04-30-14-25-52-2048x1285.jpg 2048w\" sizes=\"auto, (max-width: 800px) 100vw, 800px\" \/><\/a><figcaption id=\"caption-attachment-68974\" class=\"wp-caption-text\">Exhorta \u00d3scar S\u00e1nchez a defender el voto PHOTO-2024-04-30<\/figcaption><\/figure>\n<p><strong>En la Colonia Ejido Santa Mar\u00eda Nativitas les dijo que \u201cnecesitamos su voto de<\/strong><br \/>\n<strong>confianza\u201d, y record\u00f3 que ahora su compromiso va al doble y por eso pondr\u00e1 en<\/strong><br \/>\n<strong>operaci\u00f3n el 4 x 4, es decir, construir\u00e1 cuatro obras y realizar\u00e1 m\u00ednimo cuatro acciones,<\/strong><br \/>\n<strong>como el rastreo de caminos, alumbrado p\u00fablico, ampliaci\u00f3n de la cobertura de<\/strong><br \/>\n<strong>recolecci\u00f3n de basura, entre otras.<\/strong><br \/>\nInform\u00f3 que habr\u00e1 cobertura permanente en el servicio de alumbrado p\u00fablico, a trav\u00e9s<br \/>\ndel incremento del parque vehicular con 3 nuevas unidades que atender\u00e1n la reparaci\u00f3n,<br \/>\nel mantenimiento y la colaci\u00f3n de nuevas luminarias. As\u00ed, dijo, se brindar\u00e1 una mayor<br \/>\nseguridad al contar con m\u00e1s caminos iluminados para los habitantes de las comunidades.<br \/>\n\u201cAsumo con un gran compromiso ser de nueva cuenta el candidato y estar aqu\u00ed pidiendo<br \/>\nun voto de confianza, un voto para la continuidad y, principalmente, hacer que este 2 de<br \/>\njunio el Partido Revolucionario Institucional gane y gane su amigo Oscar S\u00e1nchez<br \/>\nGarc\u00eda\u201d, asever\u00f3 el candidato ante colonos del Ejido 3 barrancas del Ejido de Santa<br \/>\nMar\u00eda Nativitas.<\/p>\n<div id='gallery-1' class='gallery galleryid-68970 gallery-columns-3 gallery-size-large'><figure class='gallery-item'>\n\t\t\t<div class='gallery-icon landscape'>\n\t\t\t\t<a href='https:\/\/www.porlalibreedomex.com\/?attachment_id=68978'><img loading=\"lazy\" decoding=\"async\" width=\"696\" height=\"402\" src=\"https:\/\/www.porlalibreedomex.com\/wp-content\/uploads\/2024\/04\/fcc3930f-a504-41fb-890f-82318c607c01-1024x592.jpg\" class=\"attachment-large size-large\" alt=\"\" srcset=\"https:\/\/www.porlalibreedomex.com\/wp-content\/uploads\/2024\/04\/fcc3930f-a504-41fb-890f-82318c607c01-1024x592.jpg 1024w, https:\/\/www.porlalibreedomex.com\/wp-content\/uploads\/2024\/04\/fcc3930f-a504-41fb-890f-82318c607c01-300x174.jpg 300w, https:\/\/www.porlalibreedomex.com\/wp-content\/uploads\/2024\/04\/fcc3930f-a504-41fb-890f-82318c607c01-768x444.jpg 768w, https:\/\/www.porlalibreedomex.com\/wp-content\/uploads\/2024\/04\/fcc3930f-a504-41fb-890f-82318c607c01-1536x888.jpg 1536w, https:\/\/www.porlalibreedomex.com\/wp-content\/uploads\/2024\/04\/fcc3930f-a504-41fb-890f-82318c607c01-2048x1184.jpg 2048w\" sizes=\"auto, (max-width: 696px) 100vw, 696px\" \/><\/a>\n\t\t\t<\/div><\/figure><figure class='gallery-item'>\n\t\t\t<div class='gallery-icon landscape'>\n\t\t\t\t<a href='https:\/\/www.porlalibreedomex.com\/?attachment_id=68973'><img loading=\"lazy\" decoding=\"async\" width=\"696\" height=\"444\" src=\"https:\/\/www.porlalibreedomex.com\/wp-content\/uploads\/2024\/04\/PHOTO-2024-04-30-14-25-50-1024x653.jpg\" class=\"attachment-large size-large\" alt=\"\" srcset=\"https:\/\/www.porlalibreedomex.com\/wp-content\/uploads\/2024\/04\/PHOTO-2024-04-30-14-25-50-1024x653.jpg 1024w, https:\/\/www.porlalibreedomex.com\/wp-content\/uploads\/2024\/04\/PHOTO-2024-04-30-14-25-50-300x191.jpg 300w, https:\/\/www.porlalibreedomex.com\/wp-content\/uploads\/2024\/04\/PHOTO-2024-04-30-14-25-50-768x490.jpg 768w, https:\/\/www.porlalibreedomex.com\/wp-content\/uploads\/2024\/04\/PHOTO-2024-04-30-14-25-50-1536x980.jpg 1536w, https:\/\/www.porlalibreedomex.com\/wp-content\/uploads\/2024\/04\/PHOTO-2024-04-30-14-25-50-2048x1307.jpg 2048w\" sizes=\"auto, (max-width: 696px) 100vw, 696px\" \/><\/a>\n\t\t\t<\/div><\/figure><figure class='gallery-item'>\n\t\t\t<div class='gallery-icon landscape'>\n\t\t\t\t<a href='https:\/\/www.porlalibreedomex.com\/?attachment_id=68972'><img loading=\"lazy\" decoding=\"async\" width=\"696\" height=\"650\" src=\"https:\/\/www.porlalibreedomex.com\/wp-content\/uploads\/2024\/04\/771dd0b0-a801-46ed-8e94-ea49960a515d-1024x957.jpg\" class=\"attachment-large size-large\" alt=\"\" srcset=\"https:\/\/www.porlalibreedomex.com\/wp-content\/uploads\/2024\/04\/771dd0b0-a801-46ed-8e94-ea49960a515d-1024x957.jpg 1024w, https:\/\/www.porlalibreedomex.com\/wp-content\/uploads\/2024\/04\/771dd0b0-a801-46ed-8e94-ea49960a515d-300x280.jpg 300w, https:\/\/www.porlalibreedomex.com\/wp-content\/uploads\/2024\/04\/771dd0b0-a801-46ed-8e94-ea49960a515d-768x718.jpg 768w, https:\/\/www.porlalibreedomex.com\/wp-content\/uploads\/2024\/04\/771dd0b0-a801-46ed-8e94-ea49960a515d-1536x1435.jpg 1536w, https:\/\/www.porlalibreedomex.com\/wp-content\/uploads\/2024\/04\/771dd0b0-a801-46ed-8e94-ea49960a515d-2048x1914.jpg 2048w\" sizes=\"auto, (max-width: 696px) 100vw, 696px\" \/><\/a>\n\t\t\t<\/div><\/figure>\n\t\t<\/div>\n\n<p><strong>Refiri\u00f3 que m\u00e1s all\u00e1 de hablar de reelecci\u00f3n, hay que hablar de continuidad de las obras<\/strong>,<br \/>\n<strong>\u201cporque hemos demostrado que se ha cumplido con lo que se prometi\u00f3 hace tres a\u00f1os;<\/strong><br \/>\n<strong>ahora mi compromiso es al doble\u201d, enfatiz\u00f3.<\/strong><br \/>\nEn la comunidad de el Tepetatal, Oscar S\u00e1nchez destac\u00f3 que entre las acciones a<br \/>\ndesarrollar en todo el municipio, est\u00e1 la atenci\u00f3n prioritaria a los centros escolares.<br \/>\n\u201cSeguiremos trabajando en las escuelas del municipio, en la poda de \u00e1reas verdes, en<br \/>\nla pinta de aulas, reparaci\u00f3n de ba\u00f1os, letreros escolares\u201d, agreg\u00f3 el candidato.<br \/>\n\u201cSeguiremos dando resultados\u201d, subray\u00f3 el candidato del PRI en otro de sus di\u00e1logos<br \/>\ncon la comunidad de Santa Mar\u00eda Nativitas, y afirm\u00f3: \u201cPoco a poco vamos avanzando;<br \/>\npeor ser\u00eda no hacer nada\u201d.<br \/>\n&#8212;<\/p>\n","protected":false},"excerpt":{"rendered":"<p>\u2022 M\u00e1s all\u00e1 de hablar de reelecci\u00f3n, hay que hablar de continuidad, apunta en su cuarto d\u00eda de campa\u00f1a. \u2022 Poco a poco vamos avanzando; peor ser\u00eda quedarnos inm\u00f3viles, advierte. \u2022 Dialog\u00f3 con habitantes de 5 comunidades del municipio. &nbsp; Almoloya de Ju\u00e1rez, Estado de M\u00e9xico, 30 de abril de 2024\u201cLo que hoy nos avala, [&hellip;]<\/p>\n","protected":false},"author":3,"featured_media":68975,"comment_status":"open","ping_status":"open","sticky":false,"template":"","format":"standard","meta":{"footnotes":""},"categories":[9157,16],"tags":[32169,32171,32166,32167,32168,32170],"class_list":{"0":"post-68970","1":"post","2":"type-post","3":"status-publish","4":"format-standard","5":"has-post-thumbnail","7":"category-edomex","8":"category-foto","9":"tag-comunidades-de-almoloya-de-juarez","10":"tag-construir-4-obras-y-hacer-4-acciones","11":"tag-ejido-santa-maria-nativitas","12":"tag-los-hechos-nos-avalan-dice-oscar","13":"tag-oscar-sanchez-en-campana","14":"tag-pondra-en-operacion-el-4-x-4"},"wps_subtitle":"","_links":{"self":[{"href":"https:\/\/www.porlalibreedomex.com\/index.php?rest_route=\/wp\/v2\/posts\/68970","targetHints":{"allow":["GET"]}}],"collection":[{"href":"https:\/\/www.porlalibreedomex.com\/index.php?rest_route=\/wp\/v2\/posts"}],"about":[{"href":"https:\/\/www.porlalibreedomex.com\/index.php?rest_route=\/wp\/v2\/types\/post"}],"author":[{"embeddable":true,"href":"https:\/\/www.porlalibreedomex.com\/index.php?rest_route=\/wp\/v2\/users\/3"}],"replies":[{"embeddable":true,"href":"https:\/\/www.porlalibreedomex.com\/index.php?rest_route=%2Fwp%2Fv2%2Fcomments&post=68970"}],"version-history":[{"count":1,"href":"https:\/\/www.porlalibreedomex.com\/index.php?rest_route=\/wp\/v2\/posts\/68970\/revisions"}],"predecessor-version":[{"id":68979,"href":"https:\/\/www.porlalibreedomex.com\/index.php?rest_route=\/wp\/v2\/posts\/68970\/revisions\/68979"}],"wp:featuredmedia":[{"embeddable":true,"href":"https:\/\/www.porlalibreedomex.com\/index.php?rest_route=\/wp\/v2\/media\/68975"}],"wp:attachment":[{"href":"https:\/\/www.porlalibreedomex.com\/index.php?rest_route=%2Fwp%2Fv2%2Fmedia&parent=68970"}],"wp:term":[{"taxonomy":"category","embeddable":true,"href":"https:\/\/www.porlalibreedomex.com\/index.php?rest_route=%2Fwp%2Fv2%2Fcategories&post=68970"},{"taxonomy":"post_tag","embeddable":true,"href":"https:\/\/www.porlalibreedomex.com\/index.php?rest_route=%2Fwp%2Fv2%2Ftags&post=68970"}],"curies":[{"name":"wp","href":"https:\/\/api.w.org\/{rel}","templated":true}]}}