{"id":68967,"date":"2024-04-30T23:56:56","date_gmt":"2024-05-01T05:56:56","guid":{"rendered":"https:\/\/porlalibreedomex.com\/?p=68967"},"modified":"2024-05-01T00:34:10","modified_gmt":"2024-05-01T06:34:10","slug":"conservatorio-de-musica-del-estado-de-mexico-prepara-el-festival-de-jazz-2024","status":"publish","type":"post","link":"https:\/\/www.porlalibreedomex.com\/?p=68967","title":{"rendered":"Conservatorio de M\u00fasica del Estado de M\u00e9xico prepara el Festival de Jazz 2024"},"content":{"rendered":"<ul>\n<li><em><strong>Tendr\u00e1 lugar en el COMEM, del 13 al 15 de mayo.<\/strong><\/em><\/li>\n<li><em><strong> La programaci\u00f3n se dar\u00e1 a conocer en Facebook: @CulturaEdomex y @OficialCOMEM.<\/strong><\/em><\/li>\n<\/ul>\n<p><strong>TOLUCA, Estado de M\u00e9xico, 30 de abril de 2024.-<\/strong> En noviembre de 2011, durante la Conferencia General de la UNESCO, la comunidad internacional proclam\u00f3 el 30 de abril como el D\u00eda Internacional del Jazz, ritmos que han reforzado la lucha contra todas las formas de discriminaci\u00f3n y de racismo.<\/p>\n<p>En este contexto, la Secretar\u00eda de Cultura y Turismo del Estado de M\u00e9xico se suma a la iniciativa de organizaciones de la sociedad civil, instituciones educativas y ciudadanos particulares involucrados en la promoci\u00f3n de la m\u00fasica de jazz.<\/p>\n<p><a href=\"http:\/\/porlalibreedomex.com\/wp-content\/uploads\/2024\/04\/Ademas-de-ser-el-Dia-del-Nino-es-el-Dia-Internacional-del-Jazz-e1714542775952.jpeg\"><img loading=\"lazy\" decoding=\"async\" class=\"aligncenter size-large wp-image-68983\" src=\"http:\/\/porlalibreedomex.com\/wp-content\/uploads\/2024\/04\/Ademas-de-ser-el-Dia-del-Nino-es-el-Dia-Internacional-del-Jazz-e1714542775952-1024x516.jpeg\" alt=\"\" width=\"800\" height=\"403\" srcset=\"https:\/\/www.porlalibreedomex.com\/wp-content\/uploads\/2024\/04\/Ademas-de-ser-el-Dia-del-Nino-es-el-Dia-Internacional-del-Jazz-e1714542775952-1024x516.jpeg 1024w, https:\/\/www.porlalibreedomex.com\/wp-content\/uploads\/2024\/04\/Ademas-de-ser-el-Dia-del-Nino-es-el-Dia-Internacional-del-Jazz-e1714542775952-300x151.jpeg 300w, https:\/\/www.porlalibreedomex.com\/wp-content\/uploads\/2024\/04\/Ademas-de-ser-el-Dia-del-Nino-es-el-Dia-Internacional-del-Jazz-e1714542775952-768x387.jpeg 768w, https:\/\/www.porlalibreedomex.com\/wp-content\/uploads\/2024\/04\/Ademas-de-ser-el-Dia-del-Nino-es-el-Dia-Internacional-del-Jazz-e1714542775952.jpeg 1349w\" sizes=\"auto, (max-width: 800px) 100vw, 800px\" \/><\/a><\/p>\n<p>De manera permanente, el COMEM ofrece conciertos de jazz; y como cada a\u00f1o, ser\u00e1 sede del Festival de Jazz, del 13 al 15 de mayo, con una propuesta musical que se dar\u00e1 a conocer en Facebook en la p\u00e1gina @CulturaEdomex y @OficialCOMEM.<\/p>\n<p>El Conservatorio de M\u00fasica del Estado de M\u00e9xico (COMEM) es una instituci\u00f3n educativa que cuenta entre su oferta, con la carrera t\u00e9cnica en Jazz, con duraci\u00f3n de seis semestres y en la que se consideran los instrumentos como piano, saxof\u00f3n, bater\u00eda, guitarra el\u00e9ctrica y bajo el\u00e9ctrico.<\/p>\n<p>Entre su plantilla de docentes para esta carrera, en el instrumento de guitarra el\u00e9ctrica, se encuentra el m\u00fasico, compositor y arreglista, Vladimir Alfonseca, quien se\u00f1al\u00f3 que el D\u00eda Internacional del Jazz es importante porque se est\u00e1 festejando un movimiento conceptual.<\/p>\n<p>Actualmente, en esta especialidad hay alumnos de diferentes estados de la Rep\u00fablica como Guerrero, Puebla, Nuevo Le\u00f3n y Ciudad de M\u00e9xico, as\u00ed como municipios mexiquenses como El Oro, Metepec y Toluca.<\/p>\n<p><a href=\"http:\/\/porlalibreedomex.com\/wp-content\/uploads\/2024\/04\/Conservatorio-de-Musica-dl-Estado-de-Mexico-e1714542877257.jpeg\"><img loading=\"lazy\" decoding=\"async\" class=\"aligncenter size-large wp-image-68982\" src=\"http:\/\/porlalibreedomex.com\/wp-content\/uploads\/2024\/04\/Conservatorio-de-Musica-dl-Estado-de-Mexico-e1714542877257-1024x356.jpeg\" alt=\"\" width=\"800\" height=\"278\" srcset=\"https:\/\/www.porlalibreedomex.com\/wp-content\/uploads\/2024\/04\/Conservatorio-de-Musica-dl-Estado-de-Mexico-e1714542877257-1024x356.jpeg 1024w, https:\/\/www.porlalibreedomex.com\/wp-content\/uploads\/2024\/04\/Conservatorio-de-Musica-dl-Estado-de-Mexico-e1714542877257-300x104.jpeg 300w, https:\/\/www.porlalibreedomex.com\/wp-content\/uploads\/2024\/04\/Conservatorio-de-Musica-dl-Estado-de-Mexico-e1714542877257-768x267.jpeg 768w, https:\/\/www.porlalibreedomex.com\/wp-content\/uploads\/2024\/04\/Conservatorio-de-Musica-dl-Estado-de-Mexico-e1714542877257.jpeg 1509w\" sizes=\"auto, (max-width: 800px) 100vw, 800px\" \/><\/a><\/p>\n<p>\u201cLa mayor\u00eda de los chicos no conocen mucho del jazz, hay que entender que el jazz no es nuestra primera lengua; la labor es ardua porque es como ense\u00f1arles una lengua que no es suya, y que la tienen que aprender porque les va a ense\u00f1ar a desarrollarse como m\u00fasicos. S\u00ed es dif\u00edcil ense\u00f1arles algo que no es natural, pero es algo que hacen muy bien\u201d, expres\u00f3 Valdimir Alfonseca.<\/p>\n<p>Tras una evaluaci\u00f3n de calidad y eficiencia comparativa entre instituciones de educaci\u00f3n musical a nivel internacional, el COMEM ha recibido el reconocimiento \u201cExcelsis International Platinum\u201d, de manos de la organizaci\u00f3n internacional Global Quality Foundation, con sede en la ciudad de Nueva York.<\/p>\n","protected":false},"excerpt":{"rendered":"<p>Tendr\u00e1 lugar en el COMEM, del 13 al 15 de mayo. La programaci\u00f3n se dar\u00e1 a conocer en Facebook: @CulturaEdomex y @OficialCOMEM. TOLUCA, Estado de M\u00e9xico, 30 de abril de 2024.- En noviembre de 2011, durante la Conferencia General de la UNESCO, la comunidad internacional proclam\u00f3 el 30 de abril como el D\u00eda Internacional del [&hellip;]<\/p>\n","protected":false},"author":3,"featured_media":68981,"comment_status":"open","ping_status":"open","sticky":false,"template":"","format":"standard","meta":{"footnotes":""},"categories":[9873,9157,16],"tags":[32173,32175,32172,32174,19882],"class_list":{"0":"post-68967","1":"post","2":"type-post","3":"status-publish","4":"format-standard","5":"has-post-thumbnail","7":"category-cultura","8":"category-edomex","9":"category-foto","10":"tag-culturaedomex-y-oficialcomem","11":"tag-carrera-tecnica-en-jazz","12":"tag-festival-de-jazz-2024-en-el-comem","13":"tag-jazz-del-13-al-15-de-mayo-comem","14":"tag-secretaria-de-cultura-y-turismo"},"wps_subtitle":"Adem\u00e1s de ser D\u00eda del Ni\u00f1o, es D\u00eda Internacional del Jazz","_links":{"self":[{"href":"https:\/\/www.porlalibreedomex.com\/index.php?rest_route=\/wp\/v2\/posts\/68967","targetHints":{"allow":["GET"]}}],"collection":[{"href":"https:\/\/www.porlalibreedomex.com\/index.php?rest_route=\/wp\/v2\/posts"}],"about":[{"href":"https:\/\/www.porlalibreedomex.com\/index.php?rest_route=\/wp\/v2\/types\/post"}],"author":[{"embeddable":true,"href":"https:\/\/www.porlalibreedomex.com\/index.php?rest_route=\/wp\/v2\/users\/3"}],"replies":[{"embeddable":true,"href":"https:\/\/www.porlalibreedomex.com\/index.php?rest_route=%2Fwp%2Fv2%2Fcomments&post=68967"}],"version-history":[{"count":1,"href":"https:\/\/www.porlalibreedomex.com\/index.php?rest_route=\/wp\/v2\/posts\/68967\/revisions"}],"predecessor-version":[{"id":68985,"href":"https:\/\/www.porlalibreedomex.com\/index.php?rest_route=\/wp\/v2\/posts\/68967\/revisions\/68985"}],"wp:featuredmedia":[{"embeddable":true,"href":"https:\/\/www.porlalibreedomex.com\/index.php?rest_route=\/wp\/v2\/media\/68981"}],"wp:attachment":[{"href":"https:\/\/www.porlalibreedomex.com\/index.php?rest_route=%2Fwp%2Fv2%2Fmedia&parent=68967"}],"wp:term":[{"taxonomy":"category","embeddable":true,"href":"https:\/\/www.porlalibreedomex.com\/index.php?rest_route=%2Fwp%2Fv2%2Fcategories&post=68967"},{"taxonomy":"post_tag","embeddable":true,"href":"https:\/\/www.porlalibreedomex.com\/index.php?rest_route=%2Fwp%2Fv2%2Ftags&post=68967"}],"curies":[{"name":"wp","href":"https:\/\/api.w.org\/{rel}","templated":true}]}}