{"id":68946,"date":"2024-04-28T04:56:47","date_gmt":"2024-04-28T10:56:47","guid":{"rendered":"https:\/\/porlalibreedomex.com\/?p=68946"},"modified":"2024-04-29T04:59:26","modified_gmt":"2024-04-29T10:59:26","slug":"oscar-sanchez-advierte-seguridad-tema-principal-a-atender-en-almoloya-de-juarez","status":"publish","type":"post","link":"https:\/\/www.porlalibreedomex.com\/?p=68946","title":{"rendered":"OSCAR S\u00c1NCHEZ ADVIERTE: SEGURIDAD, TEMA PRINCIPAL A ATENDER EN ALMOLOYA DE JU\u00c1REZ"},"content":{"rendered":"<ul>\n<li><em><strong>Somos la mejor opci\u00f3n para seguir atendiendo las necesidades del municipio., enfatiz\u00f3.<\/strong><\/em><\/li>\n<li><em><strong>\u00a0Ofreci\u00f3 mejorar el servicio de recolecci\u00f3n de basura y el de reparaci\u00f3n y <\/strong><\/em><br \/>\n<em><strong>colocaci\u00f3n de luminarias p\u00fablicas.<\/strong><\/em><\/li>\n<li><em><strong>Comprometi\u00f3 entubar el canal de aguas negras del Barrio de la Cabecera 3a <\/strong><\/em><br \/>\n<em><strong>Secci\u00f3n.<\/strong><\/em><\/li>\n<\/ul>\n<p><strong>Almoloya de Ju\u00e1rez, Estado de M\u00e9xico, 28 de abril de 2024.<\/strong> \u00d3scar S\u00e1nchez Garc\u00eda, candidato a la Presidencia Municipal de Almoloya de Ju\u00e1rez, advirti\u00f3 que la seguridad es el tema principal a atender.<br \/>\nEn su segundo d\u00eda de campa\u00f1a en busca de la reelecci\u00f3n, el candidato del Partido Revolucionario Institucional, dijo, al respecto, que \u201cinvertiremos en seguridad de manera permanente\u201d.<br \/>\nDestac\u00f3 que la comunicaci\u00f3n es clave en materia de seguridad, por eso, una de sus acciones principales en la materia, como parte del 4 x 4, ser\u00e1 que el C2 del municipio transite al C4, lo que garantizar\u00e1 atenci\u00f3n oportuna a la poblaci\u00f3n.<br \/>\nEl candidato inici\u00f3 su gira en el Barrio de la Cabecera Segunda Secci\u00f3n, donde se\u00f1al\u00f3: \u201cvengo a darle continuidad y a cumplir poco a poco lo pendiente; la palabra se cumple y vamos por m\u00e1s\u201d.<br \/>\nExhort\u00f3 a que con hechos y trabajo sea c\u00f3mo se compare qui\u00e9n ha cumplido y votar as\u00ed por quien ha atendido a la poblaci\u00f3n.<\/p>\n<figure id=\"attachment_68949\" aria-describedby=\"caption-attachment-68949\" style=\"width: 800px\" class=\"wp-caption aligncenter\"><a href=\"http:\/\/porlalibreedomex.com\/wp-content\/uploads\/2024\/04\/PHOTO-2024-04-28-13-58-16-scaled.jpg\"><img loading=\"lazy\" decoding=\"async\" class=\"size-large wp-image-68949\" src=\"http:\/\/porlalibreedomex.com\/wp-content\/uploads\/2024\/04\/PHOTO-2024-04-28-13-58-16-1024x643.jpg\" alt=\"\" width=\"800\" height=\"502\" srcset=\"https:\/\/www.porlalibreedomex.com\/wp-content\/uploads\/2024\/04\/PHOTO-2024-04-28-13-58-16-1024x643.jpg 1024w, https:\/\/www.porlalibreedomex.com\/wp-content\/uploads\/2024\/04\/PHOTO-2024-04-28-13-58-16-300x188.jpg 300w, https:\/\/www.porlalibreedomex.com\/wp-content\/uploads\/2024\/04\/PHOTO-2024-04-28-13-58-16-768x482.jpg 768w, https:\/\/www.porlalibreedomex.com\/wp-content\/uploads\/2024\/04\/PHOTO-2024-04-28-13-58-16-1536x964.jpg 1536w, https:\/\/www.porlalibreedomex.com\/wp-content\/uploads\/2024\/04\/PHOTO-2024-04-28-13-58-16-2048x1286.jpg 2048w\" sizes=\"auto, (max-width: 800px) 100vw, 800px\" \/><\/a><figcaption id=\"caption-attachment-68949\" class=\"wp-caption-text\">\u00d3scar S\u00e1nchez, con gran apoyo popular para triunfar otra vez el 2 de junio.<\/figcaption><\/figure>\n<p>Otras de las acciones que comprometi\u00f3 el candidato son ampliar el n\u00famero de<br \/>\ncamiones recolectores de basura, de 8 en la actualidad a 16; asimismo, el de<br \/>\nunidades para reparar y colocar luminarias p\u00fablicas, de 1 a 3, lo que mejorar\u00e1 el<br \/>\nservicio de alumbrado en las comunidades.<br \/>\nEn San Mateo Tlalchichilpan, comprometi\u00f3 mantener el Festival Internacional de la<br \/>\nPirotecnia, que representa una derrama econ\u00f3mica importante para el lugar.<\/p>\n<p><a href=\"http:\/\/porlalibreedomex.com\/wp-content\/uploads\/2024\/04\/PHOTO-2024-04-28-10-49-17-scaled.jpg\"><img loading=\"lazy\" decoding=\"async\" class=\"aligncenter size-large wp-image-68950\" src=\"http:\/\/porlalibreedomex.com\/wp-content\/uploads\/2024\/04\/PHOTO-2024-04-28-10-49-17-1024x553.jpg\" alt=\"\" width=\"800\" height=\"432\" srcset=\"https:\/\/www.porlalibreedomex.com\/wp-content\/uploads\/2024\/04\/PHOTO-2024-04-28-10-49-17-1024x553.jpg 1024w, https:\/\/www.porlalibreedomex.com\/wp-content\/uploads\/2024\/04\/PHOTO-2024-04-28-10-49-17-300x162.jpg 300w, https:\/\/www.porlalibreedomex.com\/wp-content\/uploads\/2024\/04\/PHOTO-2024-04-28-10-49-17-768x415.jpg 768w, https:\/\/www.porlalibreedomex.com\/wp-content\/uploads\/2024\/04\/PHOTO-2024-04-28-10-49-17-1536x829.jpg 1536w, https:\/\/www.porlalibreedomex.com\/wp-content\/uploads\/2024\/04\/PHOTO-2024-04-28-10-49-17-2048x1106.jpg 2048w\" sizes=\"auto, (max-width: 800px) 100vw, 800px\" \/><\/a><br \/>\nEn Santiaguito Tlalcilalcalli, y luego de sostener un di\u00e1logo con la comunidad,<br \/>\nS\u00e1nchez Garc\u00eda los exhort\u00f3 a que voten por lo que m\u00e1s quieren para su comunidad,<br \/>\npor convicci\u00f3n, y \u201cyo quiero darle continuidad a los trabajos y ahora vamos por m\u00e1s\u201d.<br \/>\nA pleno rayo del sol y ante m\u00e1s de 250 personas, el candidato del PRI comprometi\u00f3<br \/>\nentubar el canal de aguas negras del Barrio de la Cabecera 3a Secci\u00f3n. \u201cCon<br \/>\nhechos les vengo a decir que s\u00ed se puede\u201d, enfatiz\u00f3 ante los colonos.<\/p>\n<div id='gallery-1' class='gallery galleryid-68946 gallery-columns-3 gallery-size-large'><figure class='gallery-item'>\n\t\t\t<div class='gallery-icon portrait'>\n\t\t\t\t<a href='https:\/\/www.porlalibreedomex.com\/?attachment_id=68952'><img loading=\"lazy\" decoding=\"async\" width=\"696\" height=\"821\" src=\"https:\/\/www.porlalibreedomex.com\/wp-content\/uploads\/2024\/04\/PHOTO-2024-04-28-10-49-13-2-868x1024.jpg\" class=\"attachment-large size-large\" alt=\"\" aria-describedby=\"gallery-1-68952\" srcset=\"https:\/\/www.porlalibreedomex.com\/wp-content\/uploads\/2024\/04\/PHOTO-2024-04-28-10-49-13-2-868x1024.jpg 868w, https:\/\/www.porlalibreedomex.com\/wp-content\/uploads\/2024\/04\/PHOTO-2024-04-28-10-49-13-2-254x300.jpg 254w, https:\/\/www.porlalibreedomex.com\/wp-content\/uploads\/2024\/04\/PHOTO-2024-04-28-10-49-13-2-768x906.jpg 768w, https:\/\/www.porlalibreedomex.com\/wp-content\/uploads\/2024\/04\/PHOTO-2024-04-28-10-49-13-2-1303x1536.jpg 1303w, https:\/\/www.porlalibreedomex.com\/wp-content\/uploads\/2024\/04\/PHOTO-2024-04-28-10-49-13-2-1737x2048.jpg 1737w\" sizes=\"auto, (max-width: 696px) 100vw, 696px\" \/><\/a>\n\t\t\t<\/div>\n\t\t\t\t<figcaption class='wp-caption-text gallery-caption' id='gallery-1-68952'>\n\t\t\t\tLa cercan\u00eda y escuchar a los habitantes, le ha valido al alcalde \u00d3scar S\u00e1nchez el apoyo de los habitantes de Almoloya de Ju\u00e1rez.\n\t\t\t\t<\/figcaption><\/figure><figure class='gallery-item'>\n\t\t\t<div class='gallery-icon landscape'>\n\t\t\t\t<a href='https:\/\/www.porlalibreedomex.com\/?attachment_id=68953'><img loading=\"lazy\" decoding=\"async\" width=\"696\" height=\"383\" src=\"https:\/\/www.porlalibreedomex.com\/wp-content\/uploads\/2024\/04\/Oscar-Sanchez-en-campana-1024x563.jpg\" class=\"attachment-large size-large\" alt=\"\" srcset=\"https:\/\/www.porlalibreedomex.com\/wp-content\/uploads\/2024\/04\/Oscar-Sanchez-en-campana-1024x563.jpg 1024w, https:\/\/www.porlalibreedomex.com\/wp-content\/uploads\/2024\/04\/Oscar-Sanchez-en-campana-300x165.jpg 300w, https:\/\/www.porlalibreedomex.com\/wp-content\/uploads\/2024\/04\/Oscar-Sanchez-en-campana-768x422.jpg 768w, https:\/\/www.porlalibreedomex.com\/wp-content\/uploads\/2024\/04\/Oscar-Sanchez-en-campana-1536x844.jpg 1536w, https:\/\/www.porlalibreedomex.com\/wp-content\/uploads\/2024\/04\/Oscar-Sanchez-en-campana-2048x1125.jpg 2048w\" sizes=\"auto, (max-width: 696px) 100vw, 696px\" \/><\/a>\n\t\t\t<\/div><\/figure><figure class='gallery-item'>\n\t\t\t<div class='gallery-icon landscape'>\n\t\t\t\t<a href='https:\/\/www.porlalibreedomex.com\/?attachment_id=68948'><img loading=\"lazy\" decoding=\"async\" width=\"696\" height=\"328\" src=\"https:\/\/www.porlalibreedomex.com\/wp-content\/uploads\/2024\/04\/PHOTO-2024-04-28-14-08-11-1024x482.jpg\" class=\"attachment-large size-large\" alt=\"\" srcset=\"https:\/\/www.porlalibreedomex.com\/wp-content\/uploads\/2024\/04\/PHOTO-2024-04-28-14-08-11-1024x482.jpg 1024w, https:\/\/www.porlalibreedomex.com\/wp-content\/uploads\/2024\/04\/PHOTO-2024-04-28-14-08-11-300x141.jpg 300w, https:\/\/www.porlalibreedomex.com\/wp-content\/uploads\/2024\/04\/PHOTO-2024-04-28-14-08-11-768x362.jpg 768w, https:\/\/www.porlalibreedomex.com\/wp-content\/uploads\/2024\/04\/PHOTO-2024-04-28-14-08-11-1536x724.jpg 1536w, https:\/\/www.porlalibreedomex.com\/wp-content\/uploads\/2024\/04\/PHOTO-2024-04-28-14-08-11-2048x965.jpg 2048w\" sizes=\"auto, (max-width: 696px) 100vw, 696px\" \/><\/a>\n\t\t\t<\/div><\/figure>\n\t\t<\/div>\n\n<p>En el fraccionamiento Colinas del Sol, \u00faltimo punto de su gira, y en un di\u00e1logo con<br \/>\nlos vecinos que se extendi\u00f3 por 35 minutos, anunci\u00f3 que a partir del 2025 llevar\u00e1 a<br \/>\ncabo una rehabilitaci\u00f3n integral con concreto de la calle principal de acceso a este<br \/>\nlugar, entre otras obras comprometidas ya para este a\u00f1o.<br \/>\nConcluy\u00f3 al afirmar que \u201cno vengo a dar promesas falsas ni a inventar cosas\u201d, dijo<br \/>\ny reitero: \u201choy mis compromisos vienen al doble de lo que he hecho\u201d.<\/p>\n","protected":false},"excerpt":{"rendered":"<p>Somos la mejor opci\u00f3n para seguir atendiendo las necesidades del municipio., enfatiz\u00f3. \u00a0Ofreci\u00f3 mejorar el servicio de recolecci\u00f3n de basura y el de reparaci\u00f3n y colocaci\u00f3n de luminarias p\u00fablicas. Comprometi\u00f3 entubar el canal de aguas negras del Barrio de la Cabecera 3a Secci\u00f3n. Almoloya de Ju\u00e1rez, Estado de M\u00e9xico, 28 de abril de 2024. \u00d3scar [&hellip;]<\/p>\n","protected":false},"author":3,"featured_media":68951,"comment_status":"open","ping_status":"open","sticky":false,"template":"","format":"standard","meta":{"footnotes":""},"categories":[16,9145],"tags":[32158,32153,32155,32156,32154,32157],"class_list":{"0":"post-68946","1":"post","2":"type-post","3":"status-publish","4":"format-standard","5":"has-post-thumbnail","7":"category-foto","8":"category-general","9":"tag-mejor-alumbrado-para-comunidades","10":"tag-oscar-sanchez-garcia-en-campana","11":"tag-pasar-del-c2-al-c4-en-almoloya","12":"tag-segundo-dia-de-campana","13":"tag-seguridad-para-almoloya-de-juarez","14":"tag-va-oscar-sanchez-por-la-reeleccion"},"wps_subtitle":"","_links":{"self":[{"href":"https:\/\/www.porlalibreedomex.com\/index.php?rest_route=\/wp\/v2\/posts\/68946","targetHints":{"allow":["GET"]}}],"collection":[{"href":"https:\/\/www.porlalibreedomex.com\/index.php?rest_route=\/wp\/v2\/posts"}],"about":[{"href":"https:\/\/www.porlalibreedomex.com\/index.php?rest_route=\/wp\/v2\/types\/post"}],"author":[{"embeddable":true,"href":"https:\/\/www.porlalibreedomex.com\/index.php?rest_route=\/wp\/v2\/users\/3"}],"replies":[{"embeddable":true,"href":"https:\/\/www.porlalibreedomex.com\/index.php?rest_route=%2Fwp%2Fv2%2Fcomments&post=68946"}],"version-history":[{"count":3,"href":"https:\/\/www.porlalibreedomex.com\/index.php?rest_route=\/wp\/v2\/posts\/68946\/revisions"}],"predecessor-version":[{"id":68956,"href":"https:\/\/www.porlalibreedomex.com\/index.php?rest_route=\/wp\/v2\/posts\/68946\/revisions\/68956"}],"wp:featuredmedia":[{"embeddable":true,"href":"https:\/\/www.porlalibreedomex.com\/index.php?rest_route=\/wp\/v2\/media\/68951"}],"wp:attachment":[{"href":"https:\/\/www.porlalibreedomex.com\/index.php?rest_route=%2Fwp%2Fv2%2Fmedia&parent=68946"}],"wp:term":[{"taxonomy":"category","embeddable":true,"href":"https:\/\/www.porlalibreedomex.com\/index.php?rest_route=%2Fwp%2Fv2%2Fcategories&post=68946"},{"taxonomy":"post_tag","embeddable":true,"href":"https:\/\/www.porlalibreedomex.com\/index.php?rest_route=%2Fwp%2Fv2%2Ftags&post=68946"}],"curies":[{"name":"wp","href":"https:\/\/api.w.org\/{rel}","templated":true}]}}