{"id":68904,"date":"2024-04-27T16:04:37","date_gmt":"2024-04-27T22:04:37","guid":{"rendered":"https:\/\/porlalibreedomex.com\/?p=68904"},"modified":"2024-04-27T16:04:37","modified_gmt":"2024-04-27T22:04:37","slug":"no-les-voy-a-fallar-nada-ni-nadie-nos-va-a-detener-oscar-sanchez-garcia","status":"publish","type":"post","link":"https:\/\/www.porlalibreedomex.com\/?p=68904","title":{"rendered":"NO LES VOY A FALLAR; NADA NI NADIE NOS VA A DETENER: OSCAR S\u00c1NCHEZ GARC\u00cdA"},"content":{"rendered":"<ul>\n<li><em><strong>Arranc\u00f3 su campa\u00f1a en busca de la reelecci\u00f3n municipal de Almoloya de Ju\u00e1rez.<\/strong><\/em><\/li>\n<li><em><strong>Mis banderas seguir\u00e1n siendo la honestidad y la pasi\u00f3n por nuestra tierra, destac\u00f3.<\/strong><\/em><\/li>\n<li><em><strong>\u201cA pesar de los embates que hemos recibido, lejos de dividirnos, nos fortalecieron\u201d, dijo.<\/strong><\/em><\/li>\n<\/ul>\n<p>&nbsp;<\/p>\n<p><strong>Almoloya de Ju\u00e1rez, Estado de M\u00e9xico, 27 de abril de 2024.<\/strong> Renuevo mi compromiso de que no les voy a fallar; nada ni nadie nos va a detener, dimos pasos seguros y vamos por m\u00e1s\u201d, asegur\u00f3 Oscar S\u00e1nchez Garc\u00eda en su discurso de arranque de campa\u00f1a en busca de la reelecci\u00f3n municipal de Almoloya de Ju\u00e1rez.<br \/>\nDesde la explanada del monumento a Benito Ju\u00e1rez en la cabecera municipal, el candidato del Partido Revolucionario Institucional destac\u00f3 que sus banderas seguir\u00e1n siendo \u201cla honestidad y la pasi\u00f3n por nuestra tierra\u201d, y puntualiz\u00f3 que su compromiso va al doble por los habitantes de Almoloya de Ju\u00e1rez, porque \u201custedes me dieron doblemente su confianza\u201d.<br \/>\nEn compa\u00f1\u00eda de su esposa, Perla Garc\u00eda Baz\u00e1n, as\u00ed como de los miembros de su planilla y sus suplentes, S\u00e1nchez Garc\u00eda apunt\u00f3 que a pesar de los embates que ha recibido, \u201clejos de dividirnos, nos fortalecieron, y hoy, de nuevo, caminamos juntos hacia la victoria\u201d, apunt\u00f3.<br \/>\nResalt\u00f3 que \u201choy es tiempo de renovar esfuerzos y de sumar voluntades\u201d y enfatiz\u00f3 que \u201crespetamos a quienes desde su \u00f3ptica partidista buscan participar en este proceso, pero les recalco que en Almoloya de Ju\u00e1rez estamos acostumbrados al juego limpio y que somos una tierra de paz\u201d.<\/p>\n<p><a href=\"http:\/\/porlalibreedomex.com\/wp-content\/uploads\/2024\/04\/PHOTO-2024-04-27-03-07-37-2-scaled.jpg\"><img loading=\"lazy\" decoding=\"async\" class=\"aligncenter size-large wp-image-68906\" src=\"http:\/\/porlalibreedomex.com\/wp-content\/uploads\/2024\/04\/PHOTO-2024-04-27-03-07-37-2-1024x541.jpg\" alt=\"\" width=\"800\" height=\"423\" srcset=\"https:\/\/www.porlalibreedomex.com\/wp-content\/uploads\/2024\/04\/PHOTO-2024-04-27-03-07-37-2-1024x541.jpg 1024w, https:\/\/www.porlalibreedomex.com\/wp-content\/uploads\/2024\/04\/PHOTO-2024-04-27-03-07-37-2-300x159.jpg 300w, https:\/\/www.porlalibreedomex.com\/wp-content\/uploads\/2024\/04\/PHOTO-2024-04-27-03-07-37-2-768x406.jpg 768w, https:\/\/www.porlalibreedomex.com\/wp-content\/uploads\/2024\/04\/PHOTO-2024-04-27-03-07-37-2-1536x812.jpg 1536w, https:\/\/www.porlalibreedomex.com\/wp-content\/uploads\/2024\/04\/PHOTO-2024-04-27-03-07-37-2-2048x1082.jpg 2048w, https:\/\/www.porlalibreedomex.com\/wp-content\/uploads\/2024\/04\/PHOTO-2024-04-27-03-07-37-2-390x205.jpg 390w\" sizes=\"auto, (max-width: 800px) 100vw, 800px\" \/><\/a><\/p>\n<p>En el primer minuto del 27 de abril, y luego de saludar a mujeres, hombres y ni\u00f1os reunidos en la cabecera municipal, el candidato del Revolucionario Institucional agradeci\u00f3 a su pap\u00e1 por sus consejos y ense\u00f1anzas, y a su mam\u00e1, \u201cpor ense\u00f1arme a no caer aunque sean los momentos m\u00e1s dif\u00edciles\u201d.<br \/>\nAgradeci\u00f3 a su esposa por conformar una familia unida, y \u201ctomarnos de la mano para hacer frente a este nuevo reto, porque t\u00fa me has demostrado que con amor y apoyo todo se puede; mis hijos son y ser\u00e1n siempre mi motivo para entregar d\u00eda a d\u00eda lo mejor de m\u00ed\u201d, agreg\u00f3.<br \/>\nCon los lemas de su campa\u00f1a: Mi Compromiso Va al Doble y Pong\u00e1mosle 4&#215;4, es decir, que realizar\u00e1 cuatro obras y cuatro acciones, exhort\u00f3 a la ciudadan\u00eda a conquistar la calles y miles de voluntades \u201cporque tenemos un gran trabajo que nos respalda\u201d.<\/p>\n<p><a href=\"http:\/\/porlalibreedomex.com\/wp-content\/uploads\/2024\/04\/PHOTO-2024-04-27-03-08-20-4-scaled.jpg\"><img loading=\"lazy\" decoding=\"async\" class=\"aligncenter size-large wp-image-68909\" src=\"http:\/\/porlalibreedomex.com\/wp-content\/uploads\/2024\/04\/PHOTO-2024-04-27-03-08-20-4-1024x683.jpg\" alt=\"\" width=\"800\" height=\"534\" srcset=\"https:\/\/www.porlalibreedomex.com\/wp-content\/uploads\/2024\/04\/PHOTO-2024-04-27-03-08-20-4-1024x683.jpg 1024w, https:\/\/www.porlalibreedomex.com\/wp-content\/uploads\/2024\/04\/PHOTO-2024-04-27-03-08-20-4-300x200.jpg 300w, https:\/\/www.porlalibreedomex.com\/wp-content\/uploads\/2024\/04\/PHOTO-2024-04-27-03-08-20-4-768x512.jpg 768w, https:\/\/www.porlalibreedomex.com\/wp-content\/uploads\/2024\/04\/PHOTO-2024-04-27-03-08-20-4-1536x1025.jpg 1536w, https:\/\/www.porlalibreedomex.com\/wp-content\/uploads\/2024\/04\/PHOTO-2024-04-27-03-08-20-4-2048x1367.jpg 2048w\" sizes=\"auto, (max-width: 800px) 100vw, 800px\" \/><\/a><br \/>\nOscar S\u00e1nchez se tom\u00f3 foto con los miembros de su planilla: Kathya Serrano, S\u00edndico Municipal; Jos\u00e9 Vicente Estrada, Primer Regidor; Patricia V\u00e1zquez, Segunda Regidora; \u00c1lvaro Gardu\u00f1o Fabila, Tercer Regidor; Mar\u00eda Luisa Hern\u00e1ndez, Cuarta Regidora; y Lugardo Reyes, Quinto Regidor.<\/p>\n","protected":false},"excerpt":{"rendered":"<p>Arranc\u00f3 su campa\u00f1a en busca de la reelecci\u00f3n municipal de Almoloya de Ju\u00e1rez. Mis banderas seguir\u00e1n siendo la honestidad y la pasi\u00f3n por nuestra tierra, destac\u00f3. \u201cA pesar de los embates que hemos recibido, lejos de dividirnos, nos fortalecieron\u201d, dijo. &nbsp; Almoloya de Ju\u00e1rez, Estado de M\u00e9xico, 27 de abril de 2024. Renuevo mi compromiso [&hellip;]<\/p>\n","protected":false},"author":3,"featured_media":68908,"comment_status":"open","ping_status":"open","sticky":false,"template":"","format":"standard","meta":{"footnotes":""},"categories":[16,9150],"tags":[32134,31792,32132,32133],"class_list":{"0":"post-68904","1":"post","2":"type-post","3":"status-publish","4":"format-standard","5":"has-post-thumbnail","7":"category-foto","8":"category-politica","9":"tag-arranca-campana-de-oscar-sanchez","10":"tag-oscar-sanchez-garcia","11":"tag-perla-garcia-bazan","12":"tag-reeleccin-almoloya-de-juarez"},"wps_subtitle":"","_links":{"self":[{"href":"https:\/\/www.porlalibreedomex.com\/index.php?rest_route=\/wp\/v2\/posts\/68904","targetHints":{"allow":["GET"]}}],"collection":[{"href":"https:\/\/www.porlalibreedomex.com\/index.php?rest_route=\/wp\/v2\/posts"}],"about":[{"href":"https:\/\/www.porlalibreedomex.com\/index.php?rest_route=\/wp\/v2\/types\/post"}],"author":[{"embeddable":true,"href":"https:\/\/www.porlalibreedomex.com\/index.php?rest_route=\/wp\/v2\/users\/3"}],"replies":[{"embeddable":true,"href":"https:\/\/www.porlalibreedomex.com\/index.php?rest_route=%2Fwp%2Fv2%2Fcomments&post=68904"}],"version-history":[{"count":1,"href":"https:\/\/www.porlalibreedomex.com\/index.php?rest_route=\/wp\/v2\/posts\/68904\/revisions"}],"predecessor-version":[{"id":68910,"href":"https:\/\/www.porlalibreedomex.com\/index.php?rest_route=\/wp\/v2\/posts\/68904\/revisions\/68910"}],"wp:featuredmedia":[{"embeddable":true,"href":"https:\/\/www.porlalibreedomex.com\/index.php?rest_route=\/wp\/v2\/media\/68908"}],"wp:attachment":[{"href":"https:\/\/www.porlalibreedomex.com\/index.php?rest_route=%2Fwp%2Fv2%2Fmedia&parent=68904"}],"wp:term":[{"taxonomy":"category","embeddable":true,"href":"https:\/\/www.porlalibreedomex.com\/index.php?rest_route=%2Fwp%2Fv2%2Fcategories&post=68904"},{"taxonomy":"post_tag","embeddable":true,"href":"https:\/\/www.porlalibreedomex.com\/index.php?rest_route=%2Fwp%2Fv2%2Ftags&post=68904"}],"curies":[{"name":"wp","href":"https:\/\/api.w.org\/{rel}","templated":true}]}}