{"id":68899,"date":"2024-04-26T03:58:04","date_gmt":"2024-04-26T09:58:04","guid":{"rendered":"https:\/\/porlalibreedomex.com\/?p=68899"},"modified":"2024-04-26T03:58:04","modified_gmt":"2024-04-26T09:58:04","slug":"aprueba-ieem-candidaturas-a-puestos-de-eleccion-popular-para-el-proceso-electoral-2024","status":"publish","type":"post","link":"https:\/\/www.porlalibreedomex.com\/?p=68899","title":{"rendered":"APRUEBA IEEM CANDIDATURAS A PUESTOS DE ELECCI\u00d3N POPULAR  PARA EL PROCESO ELECTORAL 2024 \u00a0"},"content":{"rendered":"<p>&nbsp;<\/p>\n<ul>\n<li><strong><em>Se aprobaron candidaturas para diputaciones locales y ayuntamientos.<\/em><\/strong><\/li>\n<li><strong><em>Las candidaturas independientes tambi\u00e9n obtuvieron su registro.\n<p><\/em><\/strong><\/li>\n<\/ul>\n<p>En su d\u00e9cimo quinta Sesi\u00f3n Especial, el Consejo General del Instituto Electoral del Estado de M\u00e9xico (IEEM) aprob\u00f3, por unanimidad, diversas Solicitudes de Registro de Candidaturas para las elecciones de Diputaciones Locales y Ayuntamientos 2024.<\/p>\n<p>En primer t\u00e9rmino, las y el integrante del Consejo aprobaron resolver supletoriamente sobre las solicitudes de registro de planillas de candidaturas independientes a integrantes de Ayuntamientos del Estado de M\u00e9xico, para el periodo constitucional 2025-2027.<\/p>\n<p>Adem\u00e1s, el m\u00e1ximo \u00f3rgano de direcci\u00f3n aval\u00f3 diversos acuerdos que resuelven sobre las solicitudes de registro de candidaturas por los principios de mayor\u00eda relativa y representaci\u00f3n proporcional a diputaciones a la H. \u201cLXII\u201d Legislatura del Estado de M\u00e9xico.<\/p>\n<figure id=\"attachment_68900\" aria-describedby=\"caption-attachment-68900\" style=\"width: 800px\" class=\"wp-caption aligncenter\"><a href=\"http:\/\/porlalibreedomex.com\/wp-content\/uploads\/2024\/04\/IMG_4553.jpeg\"><img loading=\"lazy\" decoding=\"async\" class=\"size-large wp-image-68900\" src=\"http:\/\/porlalibreedomex.com\/wp-content\/uploads\/2024\/04\/IMG_4553-1024x682.jpeg\" alt=\"\" width=\"800\" height=\"533\" srcset=\"https:\/\/www.porlalibreedomex.com\/wp-content\/uploads\/2024\/04\/IMG_4553-1024x682.jpeg 1024w, https:\/\/www.porlalibreedomex.com\/wp-content\/uploads\/2024\/04\/IMG_4553-300x200.jpeg 300w, https:\/\/www.porlalibreedomex.com\/wp-content\/uploads\/2024\/04\/IMG_4553-768x512.jpeg 768w, https:\/\/www.porlalibreedomex.com\/wp-content\/uploads\/2024\/04\/IMG_4553-1536x1023.jpeg 1536w, https:\/\/www.porlalibreedomex.com\/wp-content\/uploads\/2024\/04\/IMG_4553.jpeg 1600w\" sizes=\"auto, (max-width: 800px) 100vw, 800px\" \/><\/a><figcaption id=\"caption-attachment-68900\" class=\"wp-caption-text\">Aprobaci\u00f3n de candidaturas en el Consejo del IEEM, incluidas las de independientes.<\/figcaption><\/figure>\n<p>Finalmente, el Consejo General aprob\u00f3 el proyecto de Acuerdo sobre solicitudes de registro de planillas de candidaturas a integrantes de Ayuntamientos.<\/p>\n<p>En cuanto a las f\u00f3rmulas y planillas que incumplieron alg\u00fan requisito, se les requiri\u00f3 subsanar en un plazo no mayor a 16 horas, a efecto de que el Consejo General pueda resolver sobre su registro.<\/p>\n<p>Si quieres conocer m\u00e1s de las actividades que lleva a cabo el IEEM visita sus redes sociales, en YouTube b\u00fascanos como IEEM Oficial y en Facebook como IEEM; en X, Threads, TikTok e Instagram como @IEEM_MX o entra a <a href=\"http:\/\/www.ieem.org.mx\">www.ieem.org.mx<\/a>.<\/p>\n","protected":false},"excerpt":{"rendered":"<p>&nbsp; Se aprobaron candidaturas para diputaciones locales y ayuntamientos. Las candidaturas independientes tambi\u00e9n obtuvieron su registro. En su d\u00e9cimo quinta Sesi\u00f3n Especial, el Consejo General del Instituto Electoral del Estado de M\u00e9xico (IEEM) aprob\u00f3, por unanimidad, diversas Solicitudes de Registro de Candidaturas para las elecciones de Diputaciones Locales y Ayuntamientos 2024. En primer t\u00e9rmino, las [&hellip;]<\/p>\n","protected":false},"author":3,"featured_media":68901,"comment_status":"open","ping_status":"open","sticky":false,"template":"","format":"standard","meta":{"footnotes":""},"categories":[16,9150],"tags":[32128,32129,32130,32131],"class_list":{"0":"post-68899","1":"post","2":"type-post","3":"status-publish","4":"format-standard","5":"has-post-thumbnail","7":"category-foto","8":"category-politica","9":"tag-aprueba-candidaturas-el-ieem","10":"tag-aprueban-candidaturas-independientes","11":"tag-arranco-el-proceso-electoral","12":"tag-diputaciones-y-ayuntamientos"},"wps_subtitle":"","_links":{"self":[{"href":"https:\/\/www.porlalibreedomex.com\/index.php?rest_route=\/wp\/v2\/posts\/68899","targetHints":{"allow":["GET"]}}],"collection":[{"href":"https:\/\/www.porlalibreedomex.com\/index.php?rest_route=\/wp\/v2\/posts"}],"about":[{"href":"https:\/\/www.porlalibreedomex.com\/index.php?rest_route=\/wp\/v2\/types\/post"}],"author":[{"embeddable":true,"href":"https:\/\/www.porlalibreedomex.com\/index.php?rest_route=\/wp\/v2\/users\/3"}],"replies":[{"embeddable":true,"href":"https:\/\/www.porlalibreedomex.com\/index.php?rest_route=%2Fwp%2Fv2%2Fcomments&post=68899"}],"version-history":[{"count":1,"href":"https:\/\/www.porlalibreedomex.com\/index.php?rest_route=\/wp\/v2\/posts\/68899\/revisions"}],"predecessor-version":[{"id":68902,"href":"https:\/\/www.porlalibreedomex.com\/index.php?rest_route=\/wp\/v2\/posts\/68899\/revisions\/68902"}],"wp:featuredmedia":[{"embeddable":true,"href":"https:\/\/www.porlalibreedomex.com\/index.php?rest_route=\/wp\/v2\/media\/68901"}],"wp:attachment":[{"href":"https:\/\/www.porlalibreedomex.com\/index.php?rest_route=%2Fwp%2Fv2%2Fmedia&parent=68899"}],"wp:term":[{"taxonomy":"category","embeddable":true,"href":"https:\/\/www.porlalibreedomex.com\/index.php?rest_route=%2Fwp%2Fv2%2Fcategories&post=68899"},{"taxonomy":"post_tag","embeddable":true,"href":"https:\/\/www.porlalibreedomex.com\/index.php?rest_route=%2Fwp%2Fv2%2Ftags&post=68899"}],"curies":[{"name":"wp","href":"https:\/\/api.w.org\/{rel}","templated":true}]}}