{"id":687,"date":"2014-04-29T17:03:23","date_gmt":"2014-04-29T17:03:23","guid":{"rendered":"http:\/\/porlalibre.info\/?p=687"},"modified":"2014-04-29T17:03:23","modified_gmt":"2014-04-29T17:03:23","slug":"presenta-eruviel-avila-convocatoria-para-creacion-de-la-fuerza-especial-de-seguridad-publica-del-edomex","status":"publish","type":"post","link":"https:\/\/www.porlalibreedomex.com\/?p=687","title":{"rendered":"PRESENTA ERUVIEL \u00c1VILA CONVOCATORIA PARA CREACI\u00d3N DE LA FUERZA ESPECIAL DE SEGURIDAD P\u00daBLICA DEL EDOM\u00c9X"},"content":{"rendered":"<p>&nbsp;<\/p>\n<ul>\n<li><em>El gobernador destac\u00f3 que si bien, de acuerdo con indicadores del Sistema Nacional de Seguridad P\u00fablica, algunos delitos van a la baja, sobre todo aquellos de alto impacto y se ha incrementado el n\u00famero de detenciones de presuntos delincuentes y el proceso judicial de sus expedientes, no est\u00e1 satisfecho de los resultados hasta que la poblaci\u00f3n se sienta tranquila en las calles.<\/em><\/li>\n<\/ul>\n<p><strong>Toluca, M\u00e9xico, 28 de abril de 2014.-<\/strong>\u00a0Como parte de la estrategia integral que realiza la administraci\u00f3n estatal para combatir a la delincuencia y fortalecer sus instituciones de prevenci\u00f3n y procuraci\u00f3n de justicia, el gobernador Eruviel \u00c1vila Villegas present\u00f3 la convocatoria para la conformaci\u00f3n de la Fuerza Especial de Seguridad del Estado de M\u00e9xico, grupo que estar\u00e1 integrado por 2 mil elementos de entre 18 y 30 a\u00f1os de edad, con estudios de nivel licenciatura y un sueldo m\u00ednimo de 15 mil pesos, que integrar\u00e1n una <!--more-->unidad altamente especializada, la cual apoyar\u00e1 en labores de prevenci\u00f3n del delito, vigilancia y atenci\u00f3n a la sociedad en los municipios con mayores niveles de incidencia delictiva; esta acci\u00f3n se suma a las labores de depuraci\u00f3n y profesionalizaci\u00f3n de los elementos en activo de la Secretar\u00eda de Seguridad Ciudadana (SSC) y cuerpos de seguridad p\u00fablica municipal.<\/p>\n<p>\u201cComo en su momento lo referimos, ofrec\u00ed en el Estado de M\u00e9xico implementar una nueva estrategia de seguridad, una estrategia con acciones, con programas, con mediciones espec\u00edficas de lo que vamos hablando, de lo que vamos proponiendo y de lo que estamos haciendo, no voy a bajar la guardia y vamos a continuar con toda seguridad, con todo entusiasmo, con toda energ\u00eda aplicando los programas preventivos en materia de seguridad. Esta presentaci\u00f3n de la convocatoria de la Fuerza Especial de Seguridad es parte de los compromisos y del plan estrat\u00e9gico de seguridad que estamos llevando a cabo en el Estado de M\u00e9xico, le estamos apostando a la calidad m\u00e1s que a la cantidad, ser\u00e1n los primeros 2 mil elementos que estar\u00e1n muy bien preparados y pagados, con honorabilidad y convicci\u00f3n de servir a la poblaci\u00f3n\u201d, expres\u00f3.<\/p>\n<p><span style=\"color: #222222;\">En la presentaci\u00f3n estuvieron el secretario general de Gobierno, Efr\u00e9n Rojas D\u00e1vila; el secretario de Seguridad Ciudadana, Dami\u00e1n Canales Mena; la consejera jur\u00eddica Luz Mar\u00eda Zarza Delgado, y el procurador general de justicia estatal, Miguel \u00c1ngel Contreras Nieto.<\/span><\/p>\n","protected":false},"excerpt":{"rendered":"<p>&nbsp; El gobernador destac\u00f3 que si bien, de acuerdo con indicadores del Sistema Nacional de Seguridad P\u00fablica, algunos delitos van a la baja, sobre todo aquellos de alto impacto y se ha incrementado el n\u00famero de detenciones de presuntos delincuentes y el proceso judicial de sus expedientes, no est\u00e1 satisfecho de los resultados hasta que [&hellip;]<\/p>\n","protected":false},"author":2,"featured_media":0,"comment_status":"open","ping_status":"open","sticky":false,"template":"","format":"standard","meta":{"footnotes":""},"categories":[5,1],"tags":[],"class_list":{"0":"post-687","1":"post","2":"type-post","3":"status-publish","4":"format-standard","6":"category-nota-informativa","7":"category-uncategorized"},"wps_subtitle":"","_links":{"self":[{"href":"https:\/\/www.porlalibreedomex.com\/index.php?rest_route=\/wp\/v2\/posts\/687","targetHints":{"allow":["GET"]}}],"collection":[{"href":"https:\/\/www.porlalibreedomex.com\/index.php?rest_route=\/wp\/v2\/posts"}],"about":[{"href":"https:\/\/www.porlalibreedomex.com\/index.php?rest_route=\/wp\/v2\/types\/post"}],"author":[{"embeddable":true,"href":"https:\/\/www.porlalibreedomex.com\/index.php?rest_route=\/wp\/v2\/users\/2"}],"replies":[{"embeddable":true,"href":"https:\/\/www.porlalibreedomex.com\/index.php?rest_route=%2Fwp%2Fv2%2Fcomments&post=687"}],"version-history":[{"count":0,"href":"https:\/\/www.porlalibreedomex.com\/index.php?rest_route=\/wp\/v2\/posts\/687\/revisions"}],"wp:attachment":[{"href":"https:\/\/www.porlalibreedomex.com\/index.php?rest_route=%2Fwp%2Fv2%2Fmedia&parent=687"}],"wp:term":[{"taxonomy":"category","embeddable":true,"href":"https:\/\/www.porlalibreedomex.com\/index.php?rest_route=%2Fwp%2Fv2%2Fcategories&post=687"},{"taxonomy":"post_tag","embeddable":true,"href":"https:\/\/www.porlalibreedomex.com\/index.php?rest_route=%2Fwp%2Fv2%2Ftags&post=687"}],"curies":[{"name":"wp","href":"https:\/\/api.w.org\/{rel}","templated":true}]}}