{"id":685,"date":"2014-04-29T15:00:20","date_gmt":"2014-04-29T15:00:20","guid":{"rendered":"http:\/\/porlalibre.info\/?p=685"},"modified":"2014-04-29T15:00:20","modified_gmt":"2014-04-29T15:00:20","slug":"agenda-uaem-ceremonia-merito-universitario","status":"publish","type":"post","link":"https:\/\/www.porlalibreedomex.com\/?p=685","title":{"rendered":"AGENDA UAEM: Ceremonia M\u00e9rito Universitario"},"content":{"rendered":"<p><strong>EVENTO:\u00a0<\/strong>Ceremonia de Entrega del reconocimiento al M\u00e9rito Universitario \u00abNota al Servicio Universitario 2013\u00bb<\/p>\n<p><strong>HORA<\/strong>: Martes 29 de abril, 13:00 hrs.<\/p>\n<p><strong>LUGAR<\/strong>: Aula Magna \u00abLic Adolfo L\u00f3pez Mateos\u00bb del Edificio Hist\u00f3rico de Rector\u00eda<\/p>\n<p>___<\/p>\n<p><strong>** Asiste el rector Jorge Olvera Garc\u00eda<\/strong><\/p>\n","protected":false},"excerpt":{"rendered":"<p>EVENTO:\u00a0Ceremonia de Entrega del reconocimiento al M\u00e9rito Universitario \u00abNota al Servicio Universitario 2013\u00bb HORA: Martes 29 de abril, 13:00 hrs. LUGAR: Aula Magna \u00abLic Adolfo L\u00f3pez Mateos\u00bb del Edificio Hist\u00f3rico de Rector\u00eda ___ ** Asiste el rector Jorge Olvera Garc\u00eda<\/p>\n","protected":false},"author":2,"featured_media":0,"comment_status":"open","ping_status":"open","sticky":false,"template":"","format":"standard","meta":{"footnotes":""},"categories":[53,1],"tags":[],"class_list":{"0":"post-685","1":"post","2":"type-post","3":"status-publish","4":"format-standard","6":"category-agenda","7":"category-uncategorized"},"wps_subtitle":"","_links":{"self":[{"href":"https:\/\/www.porlalibreedomex.com\/index.php?rest_route=\/wp\/v2\/posts\/685","targetHints":{"allow":["GET"]}}],"collection":[{"href":"https:\/\/www.porlalibreedomex.com\/index.php?rest_route=\/wp\/v2\/posts"}],"about":[{"href":"https:\/\/www.porlalibreedomex.com\/index.php?rest_route=\/wp\/v2\/types\/post"}],"author":[{"embeddable":true,"href":"https:\/\/www.porlalibreedomex.com\/index.php?rest_route=\/wp\/v2\/users\/2"}],"replies":[{"embeddable":true,"href":"https:\/\/www.porlalibreedomex.com\/index.php?rest_route=%2Fwp%2Fv2%2Fcomments&post=685"}],"version-history":[{"count":0,"href":"https:\/\/www.porlalibreedomex.com\/index.php?rest_route=\/wp\/v2\/posts\/685\/revisions"}],"wp:attachment":[{"href":"https:\/\/www.porlalibreedomex.com\/index.php?rest_route=%2Fwp%2Fv2%2Fmedia&parent=685"}],"wp:term":[{"taxonomy":"category","embeddable":true,"href":"https:\/\/www.porlalibreedomex.com\/index.php?rest_route=%2Fwp%2Fv2%2Fcategories&post=685"},{"taxonomy":"post_tag","embeddable":true,"href":"https:\/\/www.porlalibreedomex.com\/index.php?rest_route=%2Fwp%2Fv2%2Ftags&post=685"}],"curies":[{"name":"wp","href":"https:\/\/api.w.org\/{rel}","templated":true}]}}