{"id":6815,"date":"2015-03-22T21:52:21","date_gmt":"2015-03-23T06:52:21","guid":{"rendered":"http:\/\/porlalibre.info\/?p=6815"},"modified":"2015-03-22T21:52:21","modified_gmt":"2015-03-23T06:52:21","slug":"refuerza-la-uaem-coordinacion-y-trabajos-de-seguridad-en-y-alrededor-de-instalaciones","status":"publish","type":"post","link":"https:\/\/www.porlalibreedomex.com\/?p=6815","title":{"rendered":"REFUERZA LA UAEM COORDINACI\u00d3N Y TRABAJOS DE SEGURIDAD EN, Y ALREDEDOR DE INSTALACIONES"},"content":{"rendered":"<figure id=\"attachment_6816\" aria-describedby=\"caption-attachment-6816\" style=\"width: 4500px\" class=\"wp-caption aligncenter\"><img loading=\"lazy\" decoding=\"async\" class=\"size-full wp-image-6816\" src=\"http:\/\/porlalibre.info\/wp-content\/uploads\/2015\/03\/comun-0245-6.jpg\" alt=\"La UAEM reforzar\u00e1 el trabajo que de manera coordinada realiza con la Comisi\u00f3n Estatal de Seguridad Ciudadana, y las instancias encargadas de la seguridad p\u00fablica municipal en la entidad, para salvaguardar la integridad f\u00edsica y bienes de estudiantes, profesores, investigadores y trabajadores universitarios.\" width=\"4500\" height=\"3000\" \/><figcaption id=\"caption-attachment-6816\" class=\"wp-caption-text\">La UAEM reforzar\u00e1 el trabajo que de manera coordinada realiza con la Comisi\u00f3n Estatal de Seguridad Ciudadana, y las instancias encargadas de la seguridad p\u00fablica municipal en la entidad, para salvaguardar la integridad f\u00edsica y bienes de estudiantes, profesores, investigadores y trabajadores universitarios.<\/figcaption><\/figure>\n<ul>\n<li><em>El secretario de Rector\u00eda, Jos\u00e9 Benjam\u00edn Bernal Su\u00e1rez, se reuni\u00f3 con alumnos de esta casa de estudios; el coordinador de subdirectores de la CES, David Vital Espinosa, y el director de Seguridad P\u00fablica y Vial de Toluca, Arturo Hern\u00e1ndez Flores.<\/em><\/li>\n<li><em>Se anunci\u00f3 se agregar\u00e1n dos cuatrimotos para ampliar las acciones de vigilancia y seguridad en la periferia de Ciudad Universitaria, lo que permitir\u00e1 fortalecer la seguridad de los universitarios.<\/em><\/li>\n<li><em>Los estudiantes reconocieron los esfuerzos de la Administraci\u00f3n 2013-2017 de la UAEM para garantizar la protecci\u00f3n y seguridad de la comunidad universitaria y sus bienes.<\/em><\/li>\n<li><em>Sin embargo, manifestaron su preocupaci\u00f3n por las situaciones de riesgo a las que se enfrentan en las inmediaciones de algunos espacios de la Aut\u00f3noma mexiquense, como Ciudad Universitaria.\u00a0<\/em><\/li>\n<\/ul>\n<p>&nbsp;<\/p>\n<p style=\"text-align: justify;\">La Universidad Aut\u00f3noma del Estado de M\u00e9xico reforzar\u00e1 el trabajo que de manera coordinada realiza con la Comisi\u00f3n Estatal de Seguridad Ciudadana (CES) del gobierno mexiquense y las instancias encargadas de la seguridad p\u00fablica municipal en la entidad, como la Direcci\u00f3n de Seguridad P\u00fablica y Vial de Toluca, para salvaguardar la integridad f\u00edsica de estudiantes, profesores, investigadores y trabajadores universitarios, as\u00ed como sus bienes.<\/p>\n<p style=\"text-align: justify;\">\u00a0\u00a0\u00a0\u00a0\u00a0\u00a0\u00a0\u00a0\u00a0\u00a0\u00a0 Por instrucciones del rector de la UAEM, Jorge Olvera Garc\u00eda, el secretario de Rector\u00eda, Jos\u00e9 Benjam\u00edn Bernal Su\u00e1rez, se reuni\u00f3 con alumnos de esta casa de estudios; el coordinador de subdirectores de la CES, David Vital Espinosa, y el director de Seguridad P\u00fablica y Vial de Toluca, Arturo Michelet Hern\u00e1ndez Flores.<\/p>\n<p style=\"text-align: justify;\">En este marco, se anunci\u00f3 que el gobernador Eruviel \u00c1vila Villegas instruy\u00f3 la asignaci\u00f3n de dos cuatrimotos para ampliar las acciones de vigilancia y seguridad en la periferia de Ciudad Universitaria, lo que permitir\u00e1 fortalecer la seguridad de los universitarios.<\/p>\n<p style=\"text-align: justify;\">Los estudiantes reconocieron los esfuerzos de la Administraci\u00f3n 2013-2017 de la UAEM para garantizar la protecci\u00f3n y seguridad de la comunidad universitaria y sus bienes, mediante acciones implementadas en espacios universitarios de toda la entidad; por ejemplo, arcos digitales en los accesos a los espacios institucionales, los botones de emergencia y cuatrimotos para patrullar los campus.<\/p>\n<p style=\"text-align: justify;\">Sin embargo, manifestaron su preocupaci\u00f3n por las situaciones de riesgo a las que se enfrentan en las inmediaciones de algunos espacios de la Aut\u00f3noma mexiquense, como Ciudad Universitaria, en la capital del Estado de M\u00e9xico.<\/p>\n<p style=\"text-align: justify;\">Aunque estas situaciones ocurren fuera de los inmuebles universitarios, afirm\u00f3 Jos\u00e9 Benjam\u00edn Bernal Su\u00e1rez, la administraci\u00f3n encabezada por el rector Jorge Olvera Garc\u00eda tiene el firme compromiso de brindar seguridad a la comunidad universitaria y fortalecer las estrategias para alcanzar dicho objetivo.<\/p>\n<p style=\"text-align: justify;\">Bernal Su\u00e1rez, Vital Espinosa y Hern\u00e1ndez Flores coincidieron que es necesario fortalecer la coordinaci\u00f3n entre las dependencias encargadas de la seguridad p\u00fablica y los propios cuerpos de seguridad y protecci\u00f3n de la M\u00e1xima Casa de Estudios mexiquense; sin embargo, convinieron, es a\u00fan m\u00e1s importante fortalecer la cultura del autocuidado y la autoprotecci\u00f3n.<\/p>\n<p style=\"text-align: justify;\">\u00a0\u00a0\u00a0\u00a0\u00a0\u00a0\u00a0\u00a0\u00a0\u00a0\u00a0 A propuesta de los alumnos, Bernal Su\u00e1rez comprometi\u00f3 la creaci\u00f3n de una Brigada Universitaria de Seguridad, que reforzar\u00e1 las acciones que en la materia realiza el personal de la Direcci\u00f3n de Seguridad, Protecci\u00f3n Universitaria y al Ambiente y que si bien, no llevar\u00e1 a cabo acciones que corresponden a los cuerpos de seguridad de los \u00e1mbitos estatal y municipal, s\u00ed recabar\u00e1 informaci\u00f3n que servir\u00e1 para la construcci\u00f3n de una base de datos para la CES y la Direcci\u00f3n de Seguridad P\u00fablica y Vial de Toluca.<\/p>\n<p style=\"text-align: justify;\">\u00a0\u00a0\u00a0\u00a0\u00a0\u00a0\u00a0\u00a0\u00a0\u00a0\u00a0 Los integrantes de la Brigada, abund\u00f3, ser\u00e1n capacitados por la Direcci\u00f3n de Seguridad, Protecci\u00f3n Universitaria y al Ambiente; adem\u00e1s, a trav\u00e9s de acciones como el Foro Universitario sobre Seguridad, Prevenci\u00f3n del Delito y Derechos Humanos, que se lleva a cabo en todos los espacios universitarios, se continuar\u00e1 promoviendo y consolidando entre la comunidad de la instituci\u00f3n, la cultura de la seguridad, la prevenci\u00f3n y el autocuidado.<\/p>\n","protected":false},"excerpt":{"rendered":"<p>El secretario de Rector\u00eda, Jos\u00e9 Benjam\u00edn Bernal Su\u00e1rez, se reuni\u00f3 con alumnos de esta casa de estudios; el coordinador de subdirectores de la CES, David Vital Espinosa, y el director de Seguridad P\u00fablica y Vial de Toluca, Arturo Hern\u00e1ndez Flores. Se anunci\u00f3 se agregar\u00e1n dos cuatrimotos para ampliar las acciones de vigilancia y seguridad en [&hellip;]<\/p>\n","protected":false},"author":2,"featured_media":0,"comment_status":"open","ping_status":"open","sticky":false,"template":"","format":"standard","meta":{"footnotes":""},"categories":[5,1],"tags":[2874,3418,4144,4145,3047],"class_list":{"0":"post-6815","1":"post","2":"type-post","3":"status-publish","4":"format-standard","6":"category-nota-informativa","7":"category-uncategorized","8":"tag-benjamin-bernal-suarez","9":"tag-ciudad-universitaria","10":"tag-david-vital","11":"tag-mayor-coordinacion","12":"tag-seguridad-publica"},"wps_subtitle":"","_links":{"self":[{"href":"https:\/\/www.porlalibreedomex.com\/index.php?rest_route=\/wp\/v2\/posts\/6815","targetHints":{"allow":["GET"]}}],"collection":[{"href":"https:\/\/www.porlalibreedomex.com\/index.php?rest_route=\/wp\/v2\/posts"}],"about":[{"href":"https:\/\/www.porlalibreedomex.com\/index.php?rest_route=\/wp\/v2\/types\/post"}],"author":[{"embeddable":true,"href":"https:\/\/www.porlalibreedomex.com\/index.php?rest_route=\/wp\/v2\/users\/2"}],"replies":[{"embeddable":true,"href":"https:\/\/www.porlalibreedomex.com\/index.php?rest_route=%2Fwp%2Fv2%2Fcomments&post=6815"}],"version-history":[{"count":0,"href":"https:\/\/www.porlalibreedomex.com\/index.php?rest_route=\/wp\/v2\/posts\/6815\/revisions"}],"wp:attachment":[{"href":"https:\/\/www.porlalibreedomex.com\/index.php?rest_route=%2Fwp%2Fv2%2Fmedia&parent=6815"}],"wp:term":[{"taxonomy":"category","embeddable":true,"href":"https:\/\/www.porlalibreedomex.com\/index.php?rest_route=%2Fwp%2Fv2%2Fcategories&post=6815"},{"taxonomy":"post_tag","embeddable":true,"href":"https:\/\/www.porlalibreedomex.com\/index.php?rest_route=%2Fwp%2Fv2%2Ftags&post=6815"}],"curies":[{"name":"wp","href":"https:\/\/api.w.org\/{rel}","templated":true}]}}