{"id":68005,"date":"2024-02-14T02:07:18","date_gmt":"2024-02-14T08:07:18","guid":{"rendered":"https:\/\/porlalibreedomex.com\/?p=68005"},"modified":"2024-02-15T02:08:07","modified_gmt":"2024-02-15T08:08:07","slug":"mil-200-parejas-se-dieron-el-si-acepto-en-ceremonia-de-matrimonios-colectivos-en-nezahualcoyotl","status":"publish","type":"post","link":"https:\/\/www.porlalibreedomex.com\/?p=68005","title":{"rendered":"Mil 200 parejas se dieron el \u201cS\u00ed, acepto\u201d en ceremonia de matrimonios colectivos en Nezahualc\u00f3yotl"},"content":{"rendered":"<ul>\n<li><strong>El Gobierno del Estado de M\u00e9xico regulariza estado civil de las personas con Bodas Colectivas.<\/strong><\/li>\n<li><strong>Del 10 al 17 de febrero se realizar\u00e1n 32 bodas comunitarias en coordinaci\u00f3n con 24 ayuntamientos.<\/strong><\/li>\n<li><strong>Con <em>El Poder de Servir<\/em> impulsa programas de regularizaci\u00f3n del estado civil de las personas m\u00e1s necesitadas.<\/strong><\/li>\n<\/ul>\n<p><strong>NEZAHUALC\u00d3YOTL, Estado de M\u00e9xico, 14 de febrero de 2024 .<\/strong>&#8211; Mil 200 parejas conmemoraron el D\u00eda del Amor y la Amistad, contrayendo matrimonio civil en las Bodas Colectivas en Nezahualc\u00f3yotl, lo que permite a las y los contrayentes dotar a sus familias de certeza jur\u00eddica.<\/p>\n<p>Una de estas parejas, es la integrada por Luc\u00eda Garc\u00eda y Mar\u00eda de los \u00c1ngeles San Juan, polic\u00edas de profesi\u00f3n, quienes comenzaron su historia de amor hace dos a\u00f1os cuando coincidieron en un operativo de seguridad p\u00fablica.<\/p>\n<figure id=\"attachment_68009\" aria-describedby=\"caption-attachment-68009\" style=\"width: 800px\" class=\"wp-caption aligncenter\"><a href=\"http:\/\/porlalibreedomex.com\/wp-content\/uploads\/2024\/02\/Parejas-de-todas-las-edades-se-dieron-el-SI-este-14-de-febrero-en-matrimonio-colectivo.jpg\"><img loading=\"lazy\" decoding=\"async\" class=\"size-large wp-image-68009\" src=\"http:\/\/porlalibreedomex.com\/wp-content\/uploads\/2024\/02\/Parejas-de-todas-las-edades-se-dieron-el-SI-este-14-de-febrero-en-matrimonio-colectivo-1024x682.jpg\" alt=\"\" width=\"800\" height=\"533\" srcset=\"https:\/\/www.porlalibreedomex.com\/wp-content\/uploads\/2024\/02\/Parejas-de-todas-las-edades-se-dieron-el-SI-este-14-de-febrero-en-matrimonio-colectivo-1024x682.jpg 1024w, https:\/\/www.porlalibreedomex.com\/wp-content\/uploads\/2024\/02\/Parejas-de-todas-las-edades-se-dieron-el-SI-este-14-de-febrero-en-matrimonio-colectivo-300x200.jpg 300w, https:\/\/www.porlalibreedomex.com\/wp-content\/uploads\/2024\/02\/Parejas-de-todas-las-edades-se-dieron-el-SI-este-14-de-febrero-en-matrimonio-colectivo-768x511.jpg 768w, https:\/\/www.porlalibreedomex.com\/wp-content\/uploads\/2024\/02\/Parejas-de-todas-las-edades-se-dieron-el-SI-este-14-de-febrero-en-matrimonio-colectivo.jpg 1500w\" sizes=\"auto, (max-width: 800px) 100vw, 800px\" \/><\/a><figcaption id=\"caption-attachment-68009\" class=\"wp-caption-text\">Parejas de todas las edades se dieron el S\u00cd este 14 de febrero, en matrimonio colectivo.<\/figcaption><\/figure>\n<p>Al paso de tiempo, decidieron vivir juntas y para consolidar sus proyectos personales y de pareja, decidieron darse el \u201cs\u00ed, acepto\u201d.\u00a0\u201cA m\u00ed me motiv\u00f3 que tenemos una relaci\u00f3n estable, tenemos una relaci\u00f3n de confianza, y aparte tenemos much\u00edsimos planes en todos los aspectos y si ya estamos juntas y si estamos llevando una buena relaci\u00f3n por qu\u00e9 no dar el siguiente paso de tener un matrimonio\u201d, afirm\u00f3 Luc\u00eda.<\/p>\n<p>\u201cPor el seguro del trabajo, ahora s\u00ed que nuestro trabajo es muy complicado. Tenemos planes para el futuro de tener bienes y tambi\u00e9n por parte de nuestro trabajo para dar de alta como derechohabiente para la seguridad de vida\u201d, coincidieron ambas.<\/p>\n<p>Jos\u00e9 Castillo Ambriz, Subconsejero Jur\u00eddico y de Derechos Ciudadanos, asisti\u00f3 a este evento en representaci\u00f3n del Gobierno del Estado de M\u00e9xico, el cual asegur\u00f3, acerca programas de justicia cotidiana para garantizar los derechos jur\u00eddicos de las personas m\u00e1s necesitadas.<\/p>\n<p>En tanto, Sonia Cruz Miranda, Directora General del Registro Civil ofici\u00f3 la ceremonia en la que los inst\u00f3 a procurarse con un matrimonio s\u00f3lido, estable y feliz, en la cual prevalezca el respeto mutuo y que el amor entre ambos sea el v\u00ednculo para mantener unida a la familia.<\/p>\n<p><a href=\"http:\/\/porlalibreedomex.com\/wp-content\/uploads\/2024\/02\/Del-10-al-17-de-febrero-se-realizaran-32-bodas-comunitarias-en-coordinacion-con-24-ayuntamientos.-mexiquenses.jpg\"><img loading=\"lazy\" decoding=\"async\" class=\"aligncenter size-large wp-image-68007\" src=\"http:\/\/porlalibreedomex.com\/wp-content\/uploads\/2024\/02\/Del-10-al-17-de-febrero-se-realizaran-32-bodas-comunitarias-en-coordinacion-con-24-ayuntamientos.-mexiquenses-1024x682.jpg\" alt=\"\" width=\"800\" height=\"533\" srcset=\"https:\/\/www.porlalibreedomex.com\/wp-content\/uploads\/2024\/02\/Del-10-al-17-de-febrero-se-realizaran-32-bodas-comunitarias-en-coordinacion-con-24-ayuntamientos.-mexiquenses-1024x682.jpg 1024w, https:\/\/www.porlalibreedomex.com\/wp-content\/uploads\/2024\/02\/Del-10-al-17-de-febrero-se-realizaran-32-bodas-comunitarias-en-coordinacion-con-24-ayuntamientos.-mexiquenses-300x200.jpg 300w, https:\/\/www.porlalibreedomex.com\/wp-content\/uploads\/2024\/02\/Del-10-al-17-de-febrero-se-realizaran-32-bodas-comunitarias-en-coordinacion-con-24-ayuntamientos.-mexiquenses-768x511.jpg 768w, https:\/\/www.porlalibreedomex.com\/wp-content\/uploads\/2024\/02\/Del-10-al-17-de-febrero-se-realizaran-32-bodas-comunitarias-en-coordinacion-con-24-ayuntamientos.-mexiquenses.jpg 1500w\" sizes=\"auto, (max-width: 800px) 100vw, 800px\" \/><\/a><\/p>\n<p>Adem\u00e1s, para construir familias con bienestar, El Poder de Servir realizar\u00e1 32 bodas comunitarias en coordinaci\u00f3n con 24 ayuntamientos en el periodo del 10 al 17 de febrero.<\/p>\n<p><a href=\"http:\/\/porlalibreedomex.com\/wp-content\/uploads\/2024\/02\/Fueron-en-total-mil-200-parejas-las-que-decidieron-casarse-este-14-de-febrero-en-Nezahualcoyotl.jpg\"><img loading=\"lazy\" decoding=\"async\" class=\"aligncenter size-large wp-image-68008\" src=\"http:\/\/porlalibreedomex.com\/wp-content\/uploads\/2024\/02\/Fueron-en-total-mil-200-parejas-las-que-decidieron-casarse-este-14-de-febrero-en-Nezahualcoyotl-1024x682.jpg\" alt=\"\" width=\"800\" height=\"533\" srcset=\"https:\/\/www.porlalibreedomex.com\/wp-content\/uploads\/2024\/02\/Fueron-en-total-mil-200-parejas-las-que-decidieron-casarse-este-14-de-febrero-en-Nezahualcoyotl-1024x682.jpg 1024w, https:\/\/www.porlalibreedomex.com\/wp-content\/uploads\/2024\/02\/Fueron-en-total-mil-200-parejas-las-que-decidieron-casarse-este-14-de-febrero-en-Nezahualcoyotl-300x200.jpg 300w, https:\/\/www.porlalibreedomex.com\/wp-content\/uploads\/2024\/02\/Fueron-en-total-mil-200-parejas-las-que-decidieron-casarse-este-14-de-febrero-en-Nezahualcoyotl-768x511.jpg 768w, https:\/\/www.porlalibreedomex.com\/wp-content\/uploads\/2024\/02\/Fueron-en-total-mil-200-parejas-las-que-decidieron-casarse-este-14-de-febrero-en-Nezahualcoyotl.jpg 1500w\" sizes=\"auto, (max-width: 800px) 100vw, 800px\" \/><\/a><\/p>\n<p>Por su parte, el Presidente Municipal de Nezahualc\u00f3yotl, Adolfo Cerqueda Rebollo destac\u00f3 que por acuerdo del Cabildo se aprob\u00f3 la exenci\u00f3n del 100 por ciento de los derechos de este acto civil, en beneficio de la econom\u00eda familiar de sus habitantes.<\/p>\n","protected":false},"excerpt":{"rendered":"<p>El Gobierno del Estado de M\u00e9xico regulariza estado civil de las personas con Bodas Colectivas. Del 10 al 17 de febrero se realizar\u00e1n 32 bodas comunitarias en coordinaci\u00f3n con 24 ayuntamientos. Con El Poder de Servir impulsa programas de regularizaci\u00f3n del estado civil de las personas m\u00e1s necesitadas. NEZAHUALC\u00d3YOTL, Estado de M\u00e9xico, 14 de febrero [&hellip;]<\/p>\n","protected":false},"author":3,"featured_media":68006,"comment_status":"open","ping_status":"open","sticky":false,"template":"","format":"standard","meta":{"footnotes":""},"categories":[9157,16],"tags":[31696,31698,31695,31697],"class_list":{"0":"post-68005","1":"post","2":"type-post","3":"status-publish","4":"format-standard","5":"has-post-thumbnail","7":"category-edomex","8":"category-foto","9":"tag-consejeria-juridica-del-gem","10":"tag-jose-castillo-ambriz-subconsejero-juridico","11":"tag-matriminio-colectivo-en-nezahualcoyotl","12":"tag-mil-200-bodas-en-una-sola-ceremonia"},"wps_subtitle":"","_links":{"self":[{"href":"https:\/\/www.porlalibreedomex.com\/index.php?rest_route=\/wp\/v2\/posts\/68005","targetHints":{"allow":["GET"]}}],"collection":[{"href":"https:\/\/www.porlalibreedomex.com\/index.php?rest_route=\/wp\/v2\/posts"}],"about":[{"href":"https:\/\/www.porlalibreedomex.com\/index.php?rest_route=\/wp\/v2\/types\/post"}],"author":[{"embeddable":true,"href":"https:\/\/www.porlalibreedomex.com\/index.php?rest_route=\/wp\/v2\/users\/3"}],"replies":[{"embeddable":true,"href":"https:\/\/www.porlalibreedomex.com\/index.php?rest_route=%2Fwp%2Fv2%2Fcomments&post=68005"}],"version-history":[{"count":1,"href":"https:\/\/www.porlalibreedomex.com\/index.php?rest_route=\/wp\/v2\/posts\/68005\/revisions"}],"predecessor-version":[{"id":68010,"href":"https:\/\/www.porlalibreedomex.com\/index.php?rest_route=\/wp\/v2\/posts\/68005\/revisions\/68010"}],"wp:featuredmedia":[{"embeddable":true,"href":"https:\/\/www.porlalibreedomex.com\/index.php?rest_route=\/wp\/v2\/media\/68006"}],"wp:attachment":[{"href":"https:\/\/www.porlalibreedomex.com\/index.php?rest_route=%2Fwp%2Fv2%2Fmedia&parent=68005"}],"wp:term":[{"taxonomy":"category","embeddable":true,"href":"https:\/\/www.porlalibreedomex.com\/index.php?rest_route=%2Fwp%2Fv2%2Fcategories&post=68005"},{"taxonomy":"post_tag","embeddable":true,"href":"https:\/\/www.porlalibreedomex.com\/index.php?rest_route=%2Fwp%2Fv2%2Ftags&post=68005"}],"curies":[{"name":"wp","href":"https:\/\/api.w.org\/{rel}","templated":true}]}}