{"id":6800,"date":"2015-03-22T20:49:49","date_gmt":"2015-03-23T05:49:49","guid":{"rendered":"http:\/\/porlalibre.info\/?p=6800"},"modified":"2015-03-22T20:49:49","modified_gmt":"2015-03-23T05:49:49","slug":"los-presos-tambien-tienen-derechos-humanos-custodios-sujetos-a-sancion-si-los-violentan","status":"publish","type":"post","link":"https:\/\/www.porlalibreedomex.com\/?p=6800","title":{"rendered":"LOS PRESOS TAMBI\u00c9N TIENEN DERECHOS HUMANOS; CUSTODIOS SUJETOS A SANCI\u00d3N SI LOS VIOLENTAN"},"content":{"rendered":"<p>&nbsp;<\/p>\n<ul>\n<li><strong><strong>Vigila Codhem condiciones de los centros penitenciarios.<\/strong><\/strong>\n<p><figure id=\"attachment_6801\" aria-describedby=\"caption-attachment-6801\" style=\"width: 300px\" class=\"wp-caption alignright\"><img loading=\"lazy\" decoding=\"async\" class=\"size-medium wp-image-6801\" src=\"http:\/\/porlalibre.info\/wp-content\/uploads\/2015\/03\/FOTO-BOL.-50-300x202.jpg\" alt=\"Zulairam Arreola Arreola, jefa de la Unidad de Atenci\u00f3n Penitenciaria de la CODHEM.\" width=\"300\" height=\"202\" \/><figcaption id=\"caption-attachment-6801\" class=\"wp-caption-text\">Zulairam Arreola Arreola, jefa de la Unidad de Atenci\u00f3n Penitenciaria de la CODHEM.<\/figcaption><\/figure><\/li>\n<\/ul>\n<p style=\"text-align: justify;\"><strong>Toluca, M\u00e9xico, 22 de marzo de 2015.-<\/strong> Todo servidor p\u00fablico que trabaja en un centro de readaptaci\u00f3n social del Estado de M\u00e9xico est\u00e1 obligado a respetar los derechos humanos de quienes se encuentran privados de su libertad, de lo contrario, puede ser acreedor a sanciones en caso de violentarlos, afirm\u00f3 Zulairam Arreola Arreola, jefa de la Unidad de Atenci\u00f3n Penitenciaria.<\/p>\n<p style=\"text-align: justify;\">La funcionaria de la Comisi\u00f3n de Derechos Humanos del Estado de M\u00e9xico, indic\u00f3 que quienes est\u00e1n presos en un centro preventivo tambi\u00e9n tienen derechos, independientemente del delito que se les haya imputado, por tanto, quien afecte sus prerrogativas, puede ser sancionado de acuerdo a la Ley de Responsabilidades.<\/p>\n<p style=\"text-align: justify;\">Dicha ley, en su art\u00edculo 42 se\u00f1ala que \u201cTodo servidor p\u00fablico tiene que cumplir con la m\u00e1xima diligencia del servicio que le sea encomendado y abstenerse de cualquier acto u omisi\u00f3n que cause la suspensi\u00f3n o implique un abuso contra el particular\u201d.<\/p>\n<p style=\"text-align: justify;\">Mencion\u00f3 que para prevenir ese tipo de conductas, la Codhem imparte pl\u00e1ticas informativas dirigidas a custodios y personal administrativo que labora en los penales de la entidad, incluida la Escuela de Reintegraci\u00f3n Social para Adolescentes \u201cQuinta del Bosque\u201d, preceptor\u00edas juveniles y penitenciar\u00edas femeninas.<\/p>\n<p style=\"text-align: justify;\">En los encuentros, se les explican las obligaciones que tienen como servidores p\u00fablicos para mantener el orden dentro de las instalaciones, sin violar los derechos de quienes est\u00e1n privados de su libertad.<\/p>\n<p style=\"text-align: justify;\">Asimismo, dijo que las visitas que lleva a cabo el personal de la Comisi\u00f3n se enfocan a revisar aspectos como las condiciones de gobernabilidad, la integridad f\u00edsica y moral del interno, una estancia digna, la reinserci\u00f3n social y la atenci\u00f3n a grupos con requerimientos especiales.<\/p>\n<p style=\"text-align: justify;\">Por \u00faltimo, afirm\u00f3 que es necesario verificar la normatividad que rige a los centros preventivos, en cuanto a la suficiencia o deficiencia del personal designado en cada uno de los m\u00f3dulos y la forma en que se imponen las sanciones disciplinarias de acuerdo con el debido proceso, a fin de cumplir con el objetivo para el que fueron creadas las prisiones, que es garantizar la reinserci\u00f3n social.<\/p>\n","protected":false},"excerpt":{"rendered":"<p>&nbsp; Vigila Codhem condiciones de los centros penitenciarios. Toluca, M\u00e9xico, 22 de marzo de 2015.- Todo servidor p\u00fablico que trabaja en un centro de readaptaci\u00f3n social del Estado de M\u00e9xico est\u00e1 obligado a respetar los derechos humanos de quienes se encuentran privados de su libertad, de lo contrario, puede ser acreedor a sanciones en caso [&hellip;]<\/p>\n","protected":false},"author":2,"featured_media":0,"comment_status":"open","ping_status":"open","sticky":false,"template":"","format":"standard","meta":{"footnotes":""},"categories":[5,1],"tags":[17,4133,879,4134,4135,3803],"class_list":{"0":"post-6800","1":"post","2":"type-post","3":"status-publish","4":"format-standard","6":"category-nota-informativa","7":"category-uncategorized","8":"tag-codhem","9":"tag-custodios","10":"tag-derechos-humanos","11":"tag-ley-de-responsabilidades","12":"tag-presos","13":"tag-reos"},"wps_subtitle":"","_links":{"self":[{"href":"https:\/\/www.porlalibreedomex.com\/index.php?rest_route=\/wp\/v2\/posts\/6800","targetHints":{"allow":["GET"]}}],"collection":[{"href":"https:\/\/www.porlalibreedomex.com\/index.php?rest_route=\/wp\/v2\/posts"}],"about":[{"href":"https:\/\/www.porlalibreedomex.com\/index.php?rest_route=\/wp\/v2\/types\/post"}],"author":[{"embeddable":true,"href":"https:\/\/www.porlalibreedomex.com\/index.php?rest_route=\/wp\/v2\/users\/2"}],"replies":[{"embeddable":true,"href":"https:\/\/www.porlalibreedomex.com\/index.php?rest_route=%2Fwp%2Fv2%2Fcomments&post=6800"}],"version-history":[{"count":0,"href":"https:\/\/www.porlalibreedomex.com\/index.php?rest_route=\/wp\/v2\/posts\/6800\/revisions"}],"wp:attachment":[{"href":"https:\/\/www.porlalibreedomex.com\/index.php?rest_route=%2Fwp%2Fv2%2Fmedia&parent=6800"}],"wp:term":[{"taxonomy":"category","embeddable":true,"href":"https:\/\/www.porlalibreedomex.com\/index.php?rest_route=%2Fwp%2Fv2%2Fcategories&post=6800"},{"taxonomy":"post_tag","embeddable":true,"href":"https:\/\/www.porlalibreedomex.com\/index.php?rest_route=%2Fwp%2Fv2%2Ftags&post=6800"}],"curies":[{"name":"wp","href":"https:\/\/api.w.org\/{rel}","templated":true}]}}