{"id":67994,"date":"2024-02-14T01:01:24","date_gmt":"2024-02-14T07:01:24","guid":{"rendered":"https:\/\/porlalibreedomex.com\/?p=67994"},"modified":"2024-02-15T01:02:34","modified_gmt":"2024-02-15T07:02:34","slug":"en-el-marco-del-dia-mundial-de-la-radio-%f0%9f%8e%bc%f0%9f%8e%99%ef%b8%8f%f0%9f%93%bb-celebra-segundo-aniversario-somos-uaemex-comunidad-sonora","status":"publish","type":"post","link":"https:\/\/www.porlalibreedomex.com\/?p=67994","title":{"rendered":"En el marco del D\u00eda Mundial de la Radio: \ud83c\udfbc\ud83c\udf99\ufe0f\ud83d\udcfb Celebra segundo aniversario \u201cSomos UAEM\u00e9x, Comunidad Sonora\u201d"},"content":{"rendered":"<ul>\n<li><em><strong>Este programa de revista tiene como prop\u00f3sito principal dar difusi\u00f3n a las actividades que realizan las comunidades de los 11 centros universitarios y siete unidades acad\u00e9micas profesionales con que cuenta la instituci\u00f3n, en un total de 18 municipios de todo el territorio mexiquense.<\/strong><\/em><\/li>\n<\/ul>\n<p><strong>\ud83d\udfe2\ud83d\udfe1 Atizap\u00e1n de Zaragoza, M\u00e9x; 14 de febrero de 2024.<\/strong> \u201cSomos UAEM\u00e9x, Comunidad Sonora\u201d, el programa radiof\u00f3nico de la Universidad Aut\u00f3noma del Estado de M\u00e9xico (UAEM\u00e9x) que se trasmite por Mexiquense Radio y UniRadio, celebr\u00f3 su segundo aniversario con la grabaci\u00f3n de su edici\u00f3n 104 en instalaciones del Centro Universitario UAEM Valle de M\u00e9xico, donde adem\u00e1s de alumnos y profesores de este campus, ubicado en el municipio de Atizap\u00e1n de Zaragoza, se dieron cita integrantes de las comunidades de las unidades acad\u00e9micas profesionales de Huehuetoca y Tlalnepantla.<br \/>\nLa grabaci\u00f3n de esta emisi\u00f3n, a la que asistieron estudiantes de la Licenciatura en Comunicaci\u00f3n de la Unidad Acad\u00e9mica Profesional Huehuetoca, se llev\u00f3 a cabo en el marco del D\u00eda Mundial de la Radio, que se celebra el 13 de febrero, y el 17 aniversario de UniRadio, la radiodifusora de la M\u00e1xima Casa de Estudios mexiquense, que se celebra el 21 de febrero.<\/p>\n<figure id=\"attachment_67997\" aria-describedby=\"caption-attachment-67997\" style=\"width: 800px\" class=\"wp-caption aligncenter\"><a href=\"http:\/\/porlalibreedomex.com\/wp-content\/uploads\/2024\/02\/El-objetivo-de-Comunidad-Sonora-es-dar-difusion-a-las-actividades-de-las-comunidades-de-los-11-centros-universitarios-y-siete-unidades-academicas-profesionales.jpg\"><img loading=\"lazy\" decoding=\"async\" class=\"size-large wp-image-67997\" src=\"http:\/\/porlalibreedomex.com\/wp-content\/uploads\/2024\/02\/El-objetivo-de-Comunidad-Sonora-es-dar-difusion-a-las-actividades-de-las-comunidades-de-los-11-centros-universitarios-y-siete-unidades-academicas-profesionales-1024x682.jpg\" alt=\"\" width=\"800\" height=\"533\" srcset=\"https:\/\/www.porlalibreedomex.com\/wp-content\/uploads\/2024\/02\/El-objetivo-de-Comunidad-Sonora-es-dar-difusion-a-las-actividades-de-las-comunidades-de-los-11-centros-universitarios-y-siete-unidades-academicas-profesionales-1024x682.jpg 1024w, https:\/\/www.porlalibreedomex.com\/wp-content\/uploads\/2024\/02\/El-objetivo-de-Comunidad-Sonora-es-dar-difusion-a-las-actividades-de-las-comunidades-de-los-11-centros-universitarios-y-siete-unidades-academicas-profesionales-300x200.jpg 300w, https:\/\/www.porlalibreedomex.com\/wp-content\/uploads\/2024\/02\/El-objetivo-de-Comunidad-Sonora-es-dar-difusion-a-las-actividades-de-las-comunidades-de-los-11-centros-universitarios-y-siete-unidades-academicas-profesionales-768x512.jpg 768w, https:\/\/www.porlalibreedomex.com\/wp-content\/uploads\/2024\/02\/El-objetivo-de-Comunidad-Sonora-es-dar-difusion-a-las-actividades-de-las-comunidades-de-los-11-centros-universitarios-y-siete-unidades-academicas-profesionales-1536x1023.jpg 1536w, https:\/\/www.porlalibreedomex.com\/wp-content\/uploads\/2024\/02\/El-objetivo-de-Comunidad-Sonora-es-dar-difusion-a-las-actividades-de-las-comunidades-de-los-11-centros-universitarios-y-siete-unidades-academicas-profesionales.jpg 1600w\" sizes=\"auto, (max-width: 800px) 100vw, 800px\" \/><\/a><figcaption id=\"caption-attachment-67997\" class=\"wp-caption-text\">El objetivo de Comunidad Sonora es dar difusi\u00f3n a las actividades de las comunidades de los 11 centros universitarios y siete unidades acad\u00e9micas profesionales.<\/figcaption><\/figure>\n<p>Este programa semanal sali\u00f3 al aire por primera vez a trav\u00e9s de la red de emisoras de Mexiquense Radio el 26 de febrero de 2022 y su prop\u00f3sito principal es dar difusi\u00f3n a las actividades que realizan las comunidades de los 11 centros universitarios y siete unidades acad\u00e9micas profesionales con que cuenta la instituci\u00f3n en un total de 18 municipios de todo el territorio mexiquense.<br \/>\n\u201cSomos UAEM\u00e9x, Comunidad Sonora\u201d es un programa de revista a trav\u00e9s del cual la comunidad estudiantil, docente y trabajadores administrativos comparten sus opiniones, comentarios y reflexiones sobre temas de inter\u00e9s social, sus gustos literarios y musicales.<\/p>\n<figure id=\"attachment_67996\" aria-describedby=\"caption-attachment-67996\" style=\"width: 800px\" class=\"wp-caption aligncenter\"><a href=\"http:\/\/porlalibreedomex.com\/wp-content\/uploads\/2024\/02\/En-instalaciones-del-Centro-Universitario-UAEM-Valle-de-Mexico-se-grabo-el-programa-de-Aniversario-de-Comunidad-Sonora.jpg\"><img loading=\"lazy\" decoding=\"async\" class=\"size-full wp-image-67996\" src=\"http:\/\/porlalibreedomex.com\/wp-content\/uploads\/2024\/02\/En-instalaciones-del-Centro-Universitario-UAEM-Valle-de-Mexico-se-grabo-el-programa-de-Aniversario-de-Comunidad-Sonora.jpg\" alt=\"\" width=\"800\" height=\"533\" srcset=\"https:\/\/www.porlalibreedomex.com\/wp-content\/uploads\/2024\/02\/En-instalaciones-del-Centro-Universitario-UAEM-Valle-de-Mexico-se-grabo-el-programa-de-Aniversario-de-Comunidad-Sonora.jpg 800w, https:\/\/www.porlalibreedomex.com\/wp-content\/uploads\/2024\/02\/En-instalaciones-del-Centro-Universitario-UAEM-Valle-de-Mexico-se-grabo-el-programa-de-Aniversario-de-Comunidad-Sonora-300x200.jpg 300w, https:\/\/www.porlalibreedomex.com\/wp-content\/uploads\/2024\/02\/En-instalaciones-del-Centro-Universitario-UAEM-Valle-de-Mexico-se-grabo-el-programa-de-Aniversario-de-Comunidad-Sonora-768x512.jpg 768w\" sizes=\"auto, (max-width: 800px) 100vw, 800px\" \/><\/a><figcaption id=\"caption-attachment-67996\" class=\"wp-caption-text\">En instalaciones del Centro Universitario UAEM Valle de M\u00e9xico, se grab\u00f3 el programa de Aniversario de Comunidad Sonora.<\/figcaption><\/figure>\n<p>Adem\u00e1s, se da cuenta del acontecer de los centros universitarios y unidades acad\u00e9micas profesionales en los \u00e1mbitos de la docencia, la investigaci\u00f3n, la difusi\u00f3n cultural, la extensi\u00f3n, la vinculaci\u00f3n y el deporte, as\u00ed como de informaci\u00f3n que refuerza la identidad institucional e historias de vida de universitarios destacados.<br \/>\n\u201cSomos UAEM\u00e9x, Comunidad Sonora\u201d se transmite los mi\u00e9rcoles, a las 12 horas, a trav\u00e9s del 91.7 FM en Amecameca, 104.5 FM en Valle de Bravo y 88.5 FM en Zumpango de Mexiquense Radio y los jueves, a las 11 horas, a trav\u00e9s de UniRadio 99.7 FM.<br \/>\nAsimismo, el programa en el que participan N\u00e9stor Gutierrez y Karen Muci\u00f1o en la conducci\u00f3n, as\u00ed como Roberto V\u00e1zquez y Carlos Cort\u00e9s en la producci\u00f3n y edici\u00f3n, respectivamente, puede escucharse a trav\u00e9s del canal de YouTube de UniRadio 99.7 FM, en la siguiente liga: https:\/\/www.youtube.com\/@uniradio99.7fm7\/videos<\/p>\n","protected":false},"excerpt":{"rendered":"<p>Este programa de revista tiene como prop\u00f3sito principal dar difusi\u00f3n a las actividades que realizan las comunidades de los 11 centros universitarios y siete unidades acad\u00e9micas profesionales con que cuenta la instituci\u00f3n, en un total de 18 municipios de todo el territorio mexiquense. \ud83d\udfe2\ud83d\udfe1 Atizap\u00e1n de Zaragoza, M\u00e9x; 14 de febrero de 2024. \u201cSomos UAEM\u00e9x, [&hellip;]<\/p>\n","protected":false},"author":3,"featured_media":67995,"comment_status":"open","ping_status":"open","sticky":false,"template":"","format":"standard","meta":{"footnotes":""},"categories":[9873,9148,16],"tags":[31686,31690,31687,31689,31685,31688],"class_list":{"0":"post-67994","1":"post","2":"type-post","3":"status-publish","4":"format-standard","5":"has-post-thumbnail","7":"category-cultura","8":"category-educacion","9":"category-foto","10":"tag-comunidad-sonora","11":"tag-11-centros-universitarios","12":"tag-en-el-dia-internacional-de-la-radio","13":"tag-radio-mexiquense-y-uniradio","14":"tag-somos-uaemex","15":"tag-uaemex-valle-de-mexico"},"wps_subtitle":"Programa radiof\u00f3nico dedicado a Centros Universitarios y Unidades Acad\u00e9micas Profesionales","_links":{"self":[{"href":"https:\/\/www.porlalibreedomex.com\/index.php?rest_route=\/wp\/v2\/posts\/67994","targetHints":{"allow":["GET"]}}],"collection":[{"href":"https:\/\/www.porlalibreedomex.com\/index.php?rest_route=\/wp\/v2\/posts"}],"about":[{"href":"https:\/\/www.porlalibreedomex.com\/index.php?rest_route=\/wp\/v2\/types\/post"}],"author":[{"embeddable":true,"href":"https:\/\/www.porlalibreedomex.com\/index.php?rest_route=\/wp\/v2\/users\/3"}],"replies":[{"embeddable":true,"href":"https:\/\/www.porlalibreedomex.com\/index.php?rest_route=%2Fwp%2Fv2%2Fcomments&post=67994"}],"version-history":[{"count":1,"href":"https:\/\/www.porlalibreedomex.com\/index.php?rest_route=\/wp\/v2\/posts\/67994\/revisions"}],"predecessor-version":[{"id":67998,"href":"https:\/\/www.porlalibreedomex.com\/index.php?rest_route=\/wp\/v2\/posts\/67994\/revisions\/67998"}],"wp:featuredmedia":[{"embeddable":true,"href":"https:\/\/www.porlalibreedomex.com\/index.php?rest_route=\/wp\/v2\/media\/67995"}],"wp:attachment":[{"href":"https:\/\/www.porlalibreedomex.com\/index.php?rest_route=%2Fwp%2Fv2%2Fmedia&parent=67994"}],"wp:term":[{"taxonomy":"category","embeddable":true,"href":"https:\/\/www.porlalibreedomex.com\/index.php?rest_route=%2Fwp%2Fv2%2Fcategories&post=67994"},{"taxonomy":"post_tag","embeddable":true,"href":"https:\/\/www.porlalibreedomex.com\/index.php?rest_route=%2Fwp%2Fv2%2Ftags&post=67994"}],"curies":[{"name":"wp","href":"https:\/\/api.w.org\/{rel}","templated":true}]}}