{"id":67629,"date":"2024-01-15T16:16:47","date_gmt":"2024-01-15T22:16:47","guid":{"rendered":"https:\/\/porlalibreedomex.com\/?p=67629"},"modified":"2024-01-16T16:17:17","modified_gmt":"2024-01-16T22:17:17","slug":"conmemora-la-uaemex-80-anos-de-ser-autonoma","status":"publish","type":"post","link":"https:\/\/www.porlalibreedomex.com\/?p=67629","title":{"rendered":"CONMEMORA LA UAEM\u00e9x 80 A\u00d1OS DE SER AUT\u00d3NOMA"},"content":{"rendered":"<p>&nbsp;<\/p>\n<ul>\n<li><em><strong>En la Plaza de la Autonom\u00eda, el rector de la UAEM\u00e9x, Carlos Eduardo Barrera D\u00edaz, encabez\u00f3 una guardia de honor y coloc\u00f3 una ofrenda floral en el monumento \u201cTocando el Sol\u201d, s\u00edmbolo que representa la obtenci\u00f3n de la Autonom\u00eda Universitaria.<\/strong><\/em><\/li>\n<\/ul>\n<p><strong>\ud83d\udfe2\ud83d\udfe1 Toluca, M\u00e9xICO, 15 de enero de 2024.<\/strong> El rector de la Universidad Aut\u00f3noma del Estado de M\u00e9xico (UAEM\u00e9x), Carlos Eduardo Barrera D\u00edaz, encabez\u00f3 la ceremonia conmemorativa al 80 Aniversario de la Autonom\u00eda Universitaria.<\/p>\n<p>En la Plaza de la Autonom\u00eda del Edificio de Rector\u00eda, Barrera D\u00edaz, acompa\u00f1ado de las y los integrantes del gabinete universitario, realiz\u00f3 una guardia de honor y coloc\u00f3 una ofrenda floral en el monumento \u201cTocando el Sol\u201d, s\u00edmbolo que representa la obtenci\u00f3n de la Autonom\u00eda Universitaria.<\/p>\n<figure id=\"attachment_67631\" aria-describedby=\"caption-attachment-67631\" style=\"width: 320px\" class=\"wp-caption aligncenter\"><a href=\"http:\/\/porlalibreedomex.com\/wp-content\/uploads\/2024\/01\/Monumento-Tocando-el-Sol-simbolo-que-representa-la-obtencion-de-la-Autonomia-Universitaria.jpeg\"><img loading=\"lazy\" decoding=\"async\" class=\"size-full wp-image-67631\" src=\"http:\/\/porlalibreedomex.com\/wp-content\/uploads\/2024\/01\/Monumento-Tocando-el-Sol-simbolo-que-representa-la-obtencion-de-la-Autonomia-Universitaria.jpeg\" alt=\"\" width=\"320\" height=\"480\" srcset=\"https:\/\/www.porlalibreedomex.com\/wp-content\/uploads\/2024\/01\/Monumento-Tocando-el-Sol-simbolo-que-representa-la-obtencion-de-la-Autonomia-Universitaria.jpeg 320w, https:\/\/www.porlalibreedomex.com\/wp-content\/uploads\/2024\/01\/Monumento-Tocando-el-Sol-simbolo-que-representa-la-obtencion-de-la-Autonomia-Universitaria-200x300.jpeg 200w\" sizes=\"auto, (max-width: 320px) 100vw, 320px\" \/><\/a><figcaption id=\"caption-attachment-67631\" class=\"wp-caption-text\">Monumento \u201cTocando el Sol\u201d, s\u00edmbolo que representa la obtenci\u00f3n de la Autonom\u00eda Universitaria.<\/figcaption><\/figure>\n<p><strong>El cronista de la M\u00e1xima Casa de Estudios mexiquense, Carlos Alfonso Ledesma Ibarra, destac\u00f3 que el obtener y salvaguardar la Autonom\u00eda Universitaria es fundamental para el funcionamiento de esta Casa de Estudios, ya que permite a las y los universitarios la toma de decisiones como organismo aut\u00f3nomo, para atender las necesidades cient\u00edficas y sociales del Estado de M\u00e9xico.<\/strong><\/p>\n<p>\u201cLas luchas por las Autonom\u00edas Universitarias en Am\u00e9rica comenzaron en los a\u00f1os 20. En 1929, se obtiene la autonom\u00eda de la Universidad Nacional Aut\u00f3noma de M\u00e9xico, lo que motiv\u00f3 al profesorado y alumnado del Instituto Cient\u00edfico y Literario de Toluca a alcanzar su autonom\u00eda\u201d, abund\u00f3.<\/p>\n<p>&nbsp;<\/p>\n<p>Ledesma Ibarra apunt\u00f3 que en 1943, el institutense Juan Josafat Pichardo Cruz, llev\u00f3 un pliego petitorio al entonces gobernador del Estado de M\u00e9xico, Isidro Fabela Alfaro, para lograr la Autonom\u00eda Universitaria. Posteriormente, fueron llevadas propuestas al Congreso Local para ser conseguida. Fue hasta el 31 de diciembre de ese mismo a\u00f1o que fue aprobada la ley de la Autonom\u00eda del Instituto Cient\u00edfico y Literario y entr\u00f3 en vigor el 15 de enero de 1944.<\/p>\n<figure id=\"attachment_67632\" aria-describedby=\"caption-attachment-67632\" style=\"width: 800px\" class=\"wp-caption aligncenter\"><a href=\"http:\/\/porlalibreedomex.com\/wp-content\/uploads\/2024\/01\/El-Rector-Carlos-Eduardo-Barrera-Dias-encabezo-la-Conmemoracion-por-el-80-Aniversario-de-la-Autonomia-de-la-maima-casa-de-estudios-mexiquene.jpeg\"><img loading=\"lazy\" decoding=\"async\" class=\"size-full wp-image-67632\" src=\"http:\/\/porlalibreedomex.com\/wp-content\/uploads\/2024\/01\/El-Rector-Carlos-Eduardo-Barrera-Dias-encabezo-la-Conmemoracion-por-el-80-Aniversario-de-la-Autonomia-de-la-maima-casa-de-estudios-mexiquene.jpeg\" alt=\"\" width=\"800\" height=\"533\" srcset=\"https:\/\/www.porlalibreedomex.com\/wp-content\/uploads\/2024\/01\/El-Rector-Carlos-Eduardo-Barrera-Dias-encabezo-la-Conmemoracion-por-el-80-Aniversario-de-la-Autonomia-de-la-maima-casa-de-estudios-mexiquene.jpeg 800w, https:\/\/www.porlalibreedomex.com\/wp-content\/uploads\/2024\/01\/El-Rector-Carlos-Eduardo-Barrera-Dias-encabezo-la-Conmemoracion-por-el-80-Aniversario-de-la-Autonomia-de-la-maima-casa-de-estudios-mexiquene-300x200.jpeg 300w, https:\/\/www.porlalibreedomex.com\/wp-content\/uploads\/2024\/01\/El-Rector-Carlos-Eduardo-Barrera-Dias-encabezo-la-Conmemoracion-por-el-80-Aniversario-de-la-Autonomia-de-la-maima-casa-de-estudios-mexiquene-768x512.jpeg 768w\" sizes=\"auto, (max-width: 800px) 100vw, 800px\" \/><\/a><figcaption id=\"caption-attachment-67632\" class=\"wp-caption-text\">El Rector Carlos Eduardo Barrera D\u00edaz con su gabinete\u00a0 encabez\u00f3 la Conmemoraci\u00f3n por el 80 Aniversario de la Autonom\u00eda de la m\u00e1ima casa de estudios mexiquene.<\/figcaption><\/figure>\n<p>\u201cA ochenta a\u00f1os de su obtenci\u00f3n, representa un compromiso para generar propuestas que atiendan las necesidades sociales y de proteger el legado de quienes luchar por contar con ella\u201d, enfatiz\u00f3<\/p>\n<p>Como un s\u00edmbolo de la lucha por la Aut\u00f3noma Universitaria, en el marco del cincuenta aniversario, Leopoldo Flores, dise\u00f1\u00f3 el monumento \u201cTocando el Sol\u201d, el cual representa a trav\u00e9s de una met\u00e1fora que las y los universitarios se han apoyado para alcanzar la verdad y la autonom\u00eda como una simbiosis que permite a la UAEM\u00e9x en trabajar en el mejoramiento de la sociedad.<\/p>\n<p>\u201cActualmente, es necesario hacer una conciencia hist\u00f3rica en la comunidad universitaria sobre el compromiso que tenemos en pro de mejorar nuestra casa de estudios para mejorar la calidad educativa\u201d, afirm\u00f3.<\/p>\n","protected":false},"excerpt":{"rendered":"<p>&nbsp; En la Plaza de la Autonom\u00eda, el rector de la UAEM\u00e9x, Carlos Eduardo Barrera D\u00edaz, encabez\u00f3 una guardia de honor y coloc\u00f3 una ofrenda floral en el monumento \u201cTocando el Sol\u201d, s\u00edmbolo que representa la obtenci\u00f3n de la Autonom\u00eda Universitaria. \ud83d\udfe2\ud83d\udfe1 Toluca, M\u00e9xICO, 15 de enero de 2024. El rector de la Universidad Aut\u00f3noma [&hellip;]<\/p>\n","protected":false},"author":3,"featured_media":67630,"comment_status":"open","ping_status":"open","sticky":false,"template":"","format":"standard","meta":{"footnotes":""},"categories":[9157,16],"tags":[31483,31485,23301,31484],"class_list":{"0":"post-67629","1":"post","2":"type-post","3":"status-publish","4":"format-standard","5":"has-post-thumbnail","7":"category-edomex","8":"category-foto","9":"tag-80-anos-de-autonomia-de-la-uaemex","10":"tag-monumento-tocando-el-sol","11":"tag-rector-carlos-eduardo-barrera-diaz","12":"tag-ronista-universitario-carlos-alfonso-ledesma-ibarra"},"wps_subtitle":"","_links":{"self":[{"href":"https:\/\/www.porlalibreedomex.com\/index.php?rest_route=\/wp\/v2\/posts\/67629","targetHints":{"allow":["GET"]}}],"collection":[{"href":"https:\/\/www.porlalibreedomex.com\/index.php?rest_route=\/wp\/v2\/posts"}],"about":[{"href":"https:\/\/www.porlalibreedomex.com\/index.php?rest_route=\/wp\/v2\/types\/post"}],"author":[{"embeddable":true,"href":"https:\/\/www.porlalibreedomex.com\/index.php?rest_route=\/wp\/v2\/users\/3"}],"replies":[{"embeddable":true,"href":"https:\/\/www.porlalibreedomex.com\/index.php?rest_route=%2Fwp%2Fv2%2Fcomments&post=67629"}],"version-history":[{"count":1,"href":"https:\/\/www.porlalibreedomex.com\/index.php?rest_route=\/wp\/v2\/posts\/67629\/revisions"}],"predecessor-version":[{"id":67633,"href":"https:\/\/www.porlalibreedomex.com\/index.php?rest_route=\/wp\/v2\/posts\/67629\/revisions\/67633"}],"wp:featuredmedia":[{"embeddable":true,"href":"https:\/\/www.porlalibreedomex.com\/index.php?rest_route=\/wp\/v2\/media\/67630"}],"wp:attachment":[{"href":"https:\/\/www.porlalibreedomex.com\/index.php?rest_route=%2Fwp%2Fv2%2Fmedia&parent=67629"}],"wp:term":[{"taxonomy":"category","embeddable":true,"href":"https:\/\/www.porlalibreedomex.com\/index.php?rest_route=%2Fwp%2Fv2%2Fcategories&post=67629"},{"taxonomy":"post_tag","embeddable":true,"href":"https:\/\/www.porlalibreedomex.com\/index.php?rest_route=%2Fwp%2Fv2%2Ftags&post=67629"}],"curies":[{"name":"wp","href":"https:\/\/api.w.org\/{rel}","templated":true}]}}