{"id":67608,"date":"2024-01-14T02:37:51","date_gmt":"2024-01-14T08:37:51","guid":{"rendered":"https:\/\/porlalibreedomex.com\/?p=67608"},"modified":"2024-01-15T02:38:50","modified_gmt":"2024-01-15T08:38:50","slug":"pensiones-enesima-ocurrencia-presidencial-alebrijes-en-cuadratines","status":"publish","type":"post","link":"https:\/\/www.porlalibreedomex.com\/?p=67608","title":{"rendered":"Pensiones, en\u00e9sima ocurrencia presidencial \/ Alebrijes en Cuadratines"},"content":{"rendered":"<p>&nbsp;<\/p>\n<p><strong>Adri\u00e1n Chavarr\u00eda Espinosa \/<\/strong><\/p>\n<p align=\"right\"><strong><i><u><a href=\"mailto:ache57@yahoo.com.mx\" target=\"_blank\" rel=\"noopener\">ache57@yahoo.com.mx<\/a>\/<\/u><\/i><\/strong><\/p>\n<p>Durante la semana pasada el presidente Andr\u00e9s Manuel L\u00f3pez Obrador revel\u00f3 su en\u00e9sima ocurrencia: enviar una nueva iniciativa de reformas a las pensiones para, seg\u00fan \u00e9l, anular la impulsada durante el sexenio de Ernesto Zedillo, con el prop\u00f3sito de que los trabajadores reciban al jubilarse el mismo en salario que antes de retirarse de la vida productiva.<\/p>\n<p>Pero son varios factores, tanto pol\u00edticos como econ\u00f3micos, los que simplemente hacen no dif\u00edcil sino imposible cumplir con ese objetivo, por lo cual se convierte en un prop\u00f3sito electorero, con miras a ganar votos en favor de Morena para el pr\u00f3ximo dos de junio.<\/p>\n<p>En primer lugar, dentro del rengl\u00f3n pol\u00edtico, debe recordarse que una reforma en materia de pensiones, por ser de tipo constitucional, se requiere el voto favorable de la mayor\u00eda calificada tanto en la C\u00e1mara de Diputados como en la de Senadores, lo cual en la presente legislatura carece el actual partido mayoritario, incluso con el apoyo de sus partidos aliados.<\/p>\n<p>Probablemente podr\u00eda plantearse para la siguiente, seg\u00fan los resultados de las elecciones del primer domingo de junio, ya que en caso de que el voto ciudadano respalde a Morena y logre que sus legisladores en ambas c\u00e1maras federales sumen las dos terceras partes, a fin de alcanzar la mencionada mayor\u00eda calificada. De otra forma no ser\u00eda posible.<\/p>\n<p>Por otro lado, de lograrse superar ese obst\u00e1culo legislativo, entonces se deben analizar las condiciones econ\u00f3micas necesarias para alcanzar ese prop\u00f3sito. Debe precisarse que en algunos casos, empleados de Petr\u00f3leos Mexicanos y del Comisi\u00f3n Federal de Electricidad \u2013organismos, por cierto, que han recibido grandes sumas en subsidios\u2013, pueden jubilarse con el 100% de sus sueldos, incluso en ocasiones hasta m\u00e1s.<\/p>\n<p>Pero el problema para el trabajador com\u00fan, quienes se desempe\u00f1aban en la iniciativa privada, anteriormente patr\u00f3n y empleado, aportaban una parte para la pensi\u00f3n, mientras que el Instituto Mexicano del Seguro Social, adem\u00e1s de administrar esos recursos, tambi\u00e9n agregaba m\u00e1s. Pero, con el paso del tiempo, los recursos del IMSS resultaron insuficientes para cubrir las jubilaciones, raz\u00f3n por la cual se cambi\u00f3 al sistema de las afores.<\/p>\n<p>As\u00ed, el control del sistema de pensiones mexicano pas\u00f3 en 1997 a manos de administradoras de fondos privadas (afores), que a octubre pasado gestionaban unos 5.4 billones de pesos (casi 320 mil millones de d\u00f3lares), alrededor de un 20% del Producto Interno Bruto (PIB), seg\u00fan datos del regulador Consar. Para incrementar esos recursos, las citadas afores realizan diversas inversiones en obras y en la Bolsa de Valores.<\/p>\n<p>Bajo este sistema tanto la parte patronal como el gobierno, generan una parte mientras el empleado otra m\u00e1s, siendo \u00e9sta \u00faltima variable, es decir tiene la oportunidad de ingresar mayores recursos, los cuales, al final de su vida laboral, les permitir\u00eda una mejor pensi\u00f3n.<\/p>\n<p>Ante ello, L\u00f3pez Obrador record\u00f3 que en el 2020 hubo una primera reforma al sistema de pensiones pero, dijo, que es incompleta y, \u201cpor eso vamos ahora a profundizarla\u00bb. En ese entonces se redujo el n\u00famero de semanas cotizadas y se eleva de forma gradual la aportaci\u00f3n de los empresarios a la cuenta de retiro de los trabajadores por hasta llegar a 15% en 2030.<\/p>\n<p>Incluso, en su conferencia del pasado viernes, el presidente insisti\u00f3 en que el gobierno federal efectuar\u00e1 aportaciones para conseguir ese prop\u00f3sito, para lo cual asegur\u00f3 que ya se efect\u00faa un an\u00e1lisis de la cantidad de las aportaci\u00f3n que debe aportar para lograr este fin.<\/p>\n<p>Explic\u00f3: \u201cPara tranquilidad de todos, lo que vamos a hacer es que el gobierno va a ir aportando lo que no ha aportado antes, ayudando para que progresivamente se logre que el trabajador reciba, cuando se jubile, su sueldo y no la mitad\u201d.<\/p>\n<p>Sin embargo, es dif\u00edcil precisar de donde se obtendr\u00edan esos recursos. De acuerdo con especialistas financieros, las finanzas p\u00fablicas acaban el sexenio sobrecargadas por los costos de programas asistencialistas, edificaci\u00f3n de obras de infraestructura a sobrecostos y con el plus de vivir subsidiadas y con enormes transferencias fiscales, directas e indirectas, a Pemex.<\/p>\n<p>Agregan que ese tipo de pol\u00edticas populistas del viejo priismo, que \u00e9l respalda y alienta, en especial cuando descalifica al \u201csistema neoliberal\u201d, son las que han acabado con la salud financiera de empresas como Pemex y la CFE, y si realmente hubiera tenido intenciones de una verdadera reforma lo hubiera hecho al principio de su sexenio, no al final.<\/p>\n<p>Un punto que ha sido minimizado es no considerar a los trabajadores informales, quienes permanecen ajenos el esquema de las afores, \u00fatil solo para los trabajadores formales, cuando en M\u00e9xico m\u00e1s de 50% de la Poblaci\u00f3n Econ\u00f3micamente Activa trabaja en la informalidad, sin acceso a la seguridad social y, adem\u00e1s, sin aportar al fisco.<\/p>\n<p>Por \u00faltimo, los especialistas informan que ni los pa\u00edses desarrollados, con s\u00f3lidos sistemas de pensiones, otorgan a sus trabajadores 100% de su salario al momento de jubilarse; as\u00ed trabajadores de Australia, Estonia, Irlanda y Lituania tendr\u00e1n pensiones de apenas el 30%, mientras de Austria, Colombia, Dinamarca o Grecia rebasar\u00e1n el 70% en los pr\u00f3ximos a\u00f1os.<\/p>\n<p>En resumen, lograr que en M\u00e9xico los jubilados o pensionados reciban el 100% de su \u00faltimo salario, es otra ocurrencia presidencial, pero ahora de fin de sexenio. Pero no solo eso, tambi\u00e9n ya compromete a la siguiente administraci\u00f3n federal, en caso de ser encabezada por Claudia Sheinbaum.<\/p>\n","protected":false},"excerpt":{"rendered":"<p>&nbsp; Adri\u00e1n Chavarr\u00eda Espinosa \/ ache57@yahoo.com.mx\/ Durante la semana pasada el presidente Andr\u00e9s Manuel L\u00f3pez Obrador revel\u00f3 su en\u00e9sima ocurrencia: enviar una nueva iniciativa de reformas a las pensiones para, seg\u00fan \u00e9l, anular la impulsada durante el sexenio de Ernesto Zedillo, con el prop\u00f3sito de que los trabajadores reciban al jubilarse el mismo en salario [&hellip;]<\/p>\n","protected":false},"author":3,"featured_media":67609,"comment_status":"open","ping_status":"open","sticky":false,"template":"","format":"standard","meta":{"footnotes":""},"categories":[23,16,9150],"tags":[31472,261,3,31471,31470],"class_list":{"0":"post-67608","1":"post","2":"type-post","3":"status-publish","4":"format-standard","5":"has-post-thumbnail","7":"category-columna","8":"category-foto","9":"category-politica","10":"tag-adian-chaarria-espinosa","11":"tag-alebrijes-en-cuadratines","12":"tag-desperdiciar-agua","13":"tag-monto-de-pensiones-para-trabajadores","14":"tag-nueva-ocurrencia-de-don-pejelagarto"},"wps_subtitle":"Medida electorera desconectada de la realidad.","_links":{"self":[{"href":"https:\/\/www.porlalibreedomex.com\/index.php?rest_route=\/wp\/v2\/posts\/67608","targetHints":{"allow":["GET"]}}],"collection":[{"href":"https:\/\/www.porlalibreedomex.com\/index.php?rest_route=\/wp\/v2\/posts"}],"about":[{"href":"https:\/\/www.porlalibreedomex.com\/index.php?rest_route=\/wp\/v2\/types\/post"}],"author":[{"embeddable":true,"href":"https:\/\/www.porlalibreedomex.com\/index.php?rest_route=\/wp\/v2\/users\/3"}],"replies":[{"embeddable":true,"href":"https:\/\/www.porlalibreedomex.com\/index.php?rest_route=%2Fwp%2Fv2%2Fcomments&post=67608"}],"version-history":[{"count":1,"href":"https:\/\/www.porlalibreedomex.com\/index.php?rest_route=\/wp\/v2\/posts\/67608\/revisions"}],"predecessor-version":[{"id":67610,"href":"https:\/\/www.porlalibreedomex.com\/index.php?rest_route=\/wp\/v2\/posts\/67608\/revisions\/67610"}],"wp:featuredmedia":[{"embeddable":true,"href":"https:\/\/www.porlalibreedomex.com\/index.php?rest_route=\/wp\/v2\/media\/67609"}],"wp:attachment":[{"href":"https:\/\/www.porlalibreedomex.com\/index.php?rest_route=%2Fwp%2Fv2%2Fmedia&parent=67608"}],"wp:term":[{"taxonomy":"category","embeddable":true,"href":"https:\/\/www.porlalibreedomex.com\/index.php?rest_route=%2Fwp%2Fv2%2Fcategories&post=67608"},{"taxonomy":"post_tag","embeddable":true,"href":"https:\/\/www.porlalibreedomex.com\/index.php?rest_route=%2Fwp%2Fv2%2Ftags&post=67608"}],"curies":[{"name":"wp","href":"https:\/\/api.w.org\/{rel}","templated":true}]}}