{"id":67596,"date":"2024-01-14T01:57:05","date_gmt":"2024-01-14T07:57:05","guid":{"rendered":"https:\/\/porlalibreedomex.com\/?p=67596"},"modified":"2024-01-15T01:57:51","modified_gmt":"2024-01-15T07:57:51","slug":"capacita-icati-a-mas-de-19-mil-mexiquenses-para-el-empleo-y-el-autoempleo","status":"publish","type":"post","link":"https:\/\/www.porlalibreedomex.com\/?p=67596","title":{"rendered":"Capacita ICATI a m\u00e1s de 19 mil mexiquenses para el empleo y el autoempleo"},"content":{"rendered":"<p>&nbsp;<\/p>\n<ul>\n<li><em><strong>\u00a0Ofrece 40 especialidades que otorgan las herramientas necesarias para comenzar un emprendimiento o bien integrarse al campo laboral.<\/strong><\/em><\/li>\n<\/ul>\n<p><strong>Zinacantepec, Estado de M\u00e9xico, 14 de enero de 2024.-<\/strong> El Instituto de Capacitaci\u00f3n y Adiestramiento para el Trabajo Industrial (ICATI), a trav\u00e9s de sus 47 Escuelas de Artes y Oficios (EDAYO), as\u00ed como sus 18 Unidades de Capacitaci\u00f3n Externa (UCE), inici\u00f3 la capacitaci\u00f3n de m\u00e1s de 19 mil mexiquenses en 40 especialidades para y en el trabajo, con el prop\u00f3sito de otorgar las herramientas necesarias que les permitan comenzar un emprendimiento o bien integrarse al campo laboral.<\/p>\n<p>Durante la bienvenida al inicio de cursos escolarizados, sabatinos y dominicales, Norberto Morales Poblete, Secretario del Trabajo, dijo que \u201cla estancia en las 47 Escuelas de Artes y Oficios sea fruct\u00edfera y les ayude a las y los mexiquenses a aprender, perfeccionar y mejorar las t\u00e9cnicas de un oficio que les permita subsistir en el autoempleo o bien colocarse en un empleo formal\u201d.<\/p>\n<p>Destac\u00f3 que tal y como lo instruye la Gobernadora Delfina G\u00f3mez \u00c1lvarez, las y los servidores p\u00fablicos deben actuar bajo el lema de El Poder de Servir para poner en alto a estas instituciones que tienen un origen que data de hace m\u00e1s de un centenario.<\/p>\n<figure id=\"attachment_67598\" aria-describedby=\"caption-attachment-67598\" style=\"width: 800px\" class=\"wp-caption aligncenter\"><a href=\"http:\/\/porlalibreedomex.com\/wp-content\/uploads\/2024\/01\/En-este-momento-el-ICATI-tiene-19-mil-alumnos-capacitandose-en-diferentes-esspecialidades-para-el-empleo-o-emprendimiento.jpeg\"><img loading=\"lazy\" decoding=\"async\" class=\"size-large wp-image-67598\" src=\"http:\/\/porlalibreedomex.com\/wp-content\/uploads\/2024\/01\/En-este-momento-el-ICATI-tiene-19-mil-alumnos-capacitandose-en-diferentes-esspecialidades-para-el-empleo-o-emprendimiento-1024x682.jpeg\" alt=\"\" width=\"800\" height=\"533\" srcset=\"https:\/\/www.porlalibreedomex.com\/wp-content\/uploads\/2024\/01\/En-este-momento-el-ICATI-tiene-19-mil-alumnos-capacitandose-en-diferentes-esspecialidades-para-el-empleo-o-emprendimiento-1024x682.jpeg 1024w, https:\/\/www.porlalibreedomex.com\/wp-content\/uploads\/2024\/01\/En-este-momento-el-ICATI-tiene-19-mil-alumnos-capacitandose-en-diferentes-esspecialidades-para-el-empleo-o-emprendimiento-300x200.jpeg 300w, https:\/\/www.porlalibreedomex.com\/wp-content\/uploads\/2024\/01\/En-este-momento-el-ICATI-tiene-19-mil-alumnos-capacitandose-en-diferentes-esspecialidades-para-el-empleo-o-emprendimiento-768x512.jpeg 768w, https:\/\/www.porlalibreedomex.com\/wp-content\/uploads\/2024\/01\/En-este-momento-el-ICATI-tiene-19-mil-alumnos-capacitandose-en-diferentes-esspecialidades-para-el-empleo-o-emprendimiento-1536x1023.jpeg 1536w, https:\/\/www.porlalibreedomex.com\/wp-content\/uploads\/2024\/01\/En-este-momento-el-ICATI-tiene-19-mil-alumnos-capacitandose-en-diferentes-esspecialidades-para-el-empleo-o-emprendimiento.jpeg 1600w\" sizes=\"auto, (max-width: 800px) 100vw, 800px\" \/><\/a><figcaption id=\"caption-attachment-67598\" class=\"wp-caption-text\">En este momento, el ICATI tiene 19 mil alumnos capacit\u00e1ndose en diferentes esspecialidades, para el empleo o emprendimiento.<\/figcaption><\/figure>\n<p>Zen\u00f3n Vargas Mart\u00ednez, Director General del ICATI, exhort\u00f3 a maestros, directivos y personal administrativo a trabajar con responsabilidad para dar el ejemplo de un Gobierno de puertas abiertas y comprometido con la ciudadan\u00eda, con la encomienda de ayudar a las y los capacitandos para elevar sus niveles de bienestar.<\/p>\n<p>\u201cInvitamos a la poblaci\u00f3n a inscribirse y aprender un oficio o actividad econ\u00f3mica, con instructores certificados; para mayores informes se pueden consultar las redes sociales de Facebook y Twitter del ICATI: ICATIedomex, as\u00ed como en las redes sociales de cada una de las 47 EDAYO\u201d, concluy\u00f3.<\/p>\n","protected":false},"excerpt":{"rendered":"<p>&nbsp; \u00a0Ofrece 40 especialidades que otorgan las herramientas necesarias para comenzar un emprendimiento o bien integrarse al campo laboral. Zinacantepec, Estado de M\u00e9xico, 14 de enero de 2024.- El Instituto de Capacitaci\u00f3n y Adiestramiento para el Trabajo Industrial (ICATI), a trav\u00e9s de sus 47 Escuelas de Artes y Oficios (EDAYO), as\u00ed como sus 18 Unidades [&hellip;]<\/p>\n","protected":false},"author":3,"featured_media":67597,"comment_status":"open","ping_status":"open","sticky":false,"template":"","format":"standard","meta":{"footnotes":""},"categories":[9146,9157,16],"tags":[31466,31465,11753,31463,581,31464,27833],"class_list":{"0":"post-67596","1":"post","2":"type-post","3":"status-publish","4":"format-standard","5":"has-post-thumbnail","7":"category-economia","8":"category-edomex","9":"category-foto","10":"tag-19-mil-capacitandos-en-iati","11":"tag-director-general-del-icati","12":"tag-norberto-morales-poblete","13":"tag-ofrece-icati-capacitacion-en-40-especialidades","14":"tag-secretario-del-trabajo","15":"tag-zenon-vargas-martinez","16":"tag-zinacantepec-estado-de-mexico"},"wps_subtitle":"","_links":{"self":[{"href":"https:\/\/www.porlalibreedomex.com\/index.php?rest_route=\/wp\/v2\/posts\/67596","targetHints":{"allow":["GET"]}}],"collection":[{"href":"https:\/\/www.porlalibreedomex.com\/index.php?rest_route=\/wp\/v2\/posts"}],"about":[{"href":"https:\/\/www.porlalibreedomex.com\/index.php?rest_route=\/wp\/v2\/types\/post"}],"author":[{"embeddable":true,"href":"https:\/\/www.porlalibreedomex.com\/index.php?rest_route=\/wp\/v2\/users\/3"}],"replies":[{"embeddable":true,"href":"https:\/\/www.porlalibreedomex.com\/index.php?rest_route=%2Fwp%2Fv2%2Fcomments&post=67596"}],"version-history":[{"count":1,"href":"https:\/\/www.porlalibreedomex.com\/index.php?rest_route=\/wp\/v2\/posts\/67596\/revisions"}],"predecessor-version":[{"id":67599,"href":"https:\/\/www.porlalibreedomex.com\/index.php?rest_route=\/wp\/v2\/posts\/67596\/revisions\/67599"}],"wp:featuredmedia":[{"embeddable":true,"href":"https:\/\/www.porlalibreedomex.com\/index.php?rest_route=\/wp\/v2\/media\/67597"}],"wp:attachment":[{"href":"https:\/\/www.porlalibreedomex.com\/index.php?rest_route=%2Fwp%2Fv2%2Fmedia&parent=67596"}],"wp:term":[{"taxonomy":"category","embeddable":true,"href":"https:\/\/www.porlalibreedomex.com\/index.php?rest_route=%2Fwp%2Fv2%2Fcategories&post=67596"},{"taxonomy":"post_tag","embeddable":true,"href":"https:\/\/www.porlalibreedomex.com\/index.php?rest_route=%2Fwp%2Fv2%2Ftags&post=67596"}],"curies":[{"name":"wp","href":"https:\/\/api.w.org\/{rel}","templated":true}]}}