{"id":67553,"date":"2024-01-10T01:13:58","date_gmt":"2024-01-10T07:13:58","guid":{"rendered":"https:\/\/porlalibreedomex.com\/?p=67553"},"modified":"2024-01-11T01:16:54","modified_gmt":"2024-01-11T07:16:54","slug":"tercer-aspirante-presidencial-maullidos-urbanos","status":"publish","type":"post","link":"https:\/\/www.porlalibreedomex.com\/?p=67553","title":{"rendered":"Tercer aspirante presidencial \/ Maullidos Urbanos"},"content":{"rendered":"<p><strong>Gato de Barrio \/<\/strong><\/p>\n<p align=\"right\"><strong><i><u><a href=\"mailto:gatodebarrio@yahoo.com.mx\" target=\"_blank\" rel=\"noopener\">gatodebarrio@yahoo.com.mx \/<\/a><\/u><\/i><\/strong><\/p>\n<p><strong>F<\/strong>inalmente Movimiento Ciudadano (MC) \u2013o, mejor dicho Dante Delgado Rannauro, oficialmente coordinador del partido, pero en realidad el \u201cdue\u00f1o\u201d de la franquicia pol\u00edtica\u2013, anunci\u00f3 que Jorge \u00c1lvarez M\u00e1ynez ser\u00e1 su precandidato \u00fanico a la presidencia de la rep\u00fablica.<\/p>\n<p><strong>El destape oficial lo realiz\u00f3 la tarde del martes Samuel Garc\u00eda, gobernador de Nuevo Le\u00f3n y primer frustrado precandidato pero no en un acto, no digamos solemne u oficial, sino m\u00e1s parecido a un acuerdo de cantina: entre cervezas y botanas. No es que se pretenda tener un acto con toda la pompa, pero s\u00ed lo que se pretend\u00eda: presentar a su aspirante presidencial.<\/strong><\/p>\n<p>Fue este mi\u00e9rcoles, cuando se formaliz\u00f3 la precandidatura donde Delgado Rannauro reconoci\u00f3 la trayectoria de \u00c1lvarez M\u00e1ynez, a quien llam\u00f3 su amigo y el mejor candidato que podr\u00eda tener MC, mientras Garc\u00eda Sep\u00falveda asegur\u00f3 que deber\u00eda ser un joven quien representara esa causa, \u201cporque hoy los j\u00f3venes somos mayor\u00eda\u201d, seg\u00fan dijo.<\/p>\n<p>Por supuesto \u00c1lvarez M\u00e1ynez, se dijo cierto de que no solo alcanzar\u00e1 a las candidatas de la \u00abvieja politica\u00bb, X\u00f3chitl G\u00e1lvez y Claudia Sheinbaum, sino que podr\u00e1 hacer en tres meses de campa\u00f1a lo que ellas no pudieron hacer en siete meses de precampa\u00f1a.<\/p>\n<p>M\u00e1s no todos en ese partido quedaron conformes con el \u201cdestape\u201d. Enrique Alfaro, gobernador de Jalisco, descalific\u00f3 la precandidatura con mensajes en redes sociales, mientras la senadora Indira Kempis Mart\u00ednez, a quien se le neg\u00f3 poder participar por la precandidatura de MC, incluso renunci\u00f3 a la bancada naranja, en la red social X manifest\u00f3 su descontento al asegurar que \u201cno todos estamos en la misma sinton\u00eda. Menos a los que nos cost\u00f3 &#8216;sangre, sudor y l\u00e1grimas&#8217; hacer crecer y ganar a Movimiento Ciudadano\u00bb.<\/p>\n<p>Jorge \u00c1lvarez M\u00e1ynez naci\u00f3 el 8 de julio de 1985, en Zacatecas, es licenciado en Relaciones Internacionales por el Instituto Tecnol\u00f3gico y de Estudios Superiores de Oriente (ITESO), y tiene tres maestr\u00edas. Inici\u00f3 su trayectoria pol\u00edtica en el PRD en 2003; de 2004 a 2010 fue regidor de los ayuntamientos de Zacatecas y de Guadalupe; en MC ha fungido en varios cargos partidistas y dos veces diputado federal, incluso actualmente es legislador-<\/p>\n<p>Como futuro candidato tiene a su favor su juventud \u201338 a\u00f1os\u2013, ser el \u00fanico var\u00f3n frente a dos adversarias \u2013en particular para quienes no aceptan a mujeres como lideresas\u2013; en contra, que fuera de Nuevo Le\u00f3n y Zacatecas, pr\u00e1cticamente es desconocido en el pa\u00eds.<\/p>\n<p>En fin, tras recordarse que no habr\u00e1 aspirantes independientes, ya est\u00e1 pr\u00e1cticamente configurada la boleta electoral presidencial del pr\u00f3ximo domingo 2 de junio.<\/p>\n","protected":false},"excerpt":{"rendered":"<p>Gato de Barrio \/ gatodebarrio@yahoo.com.mx \/ Finalmente Movimiento Ciudadano (MC) \u2013o, mejor dicho Dante Delgado Rannauro, oficialmente coordinador del partido, pero en realidad el \u201cdue\u00f1o\u201d de la franquicia pol\u00edtica\u2013, anunci\u00f3 que Jorge \u00c1lvarez M\u00e1ynez ser\u00e1 su precandidato \u00fanico a la presidencia de la rep\u00fablica. El destape oficial lo realiz\u00f3 la tarde del martes Samuel Garc\u00eda, [&hellip;]<\/p>\n","protected":false},"author":3,"featured_media":67554,"comment_status":"open","ping_status":"open","sticky":false,"template":"","format":"standard","meta":{"footnotes":""},"categories":[23,16],"tags":[31439,6315,11389,31440,31441],"class_list":{"0":"post-67553","1":"post","2":"type-post","3":"status-publish","4":"format-standard","5":"has-post-thumbnail","7":"category-columna","8":"category-foto","9":"tag-candidato-jorge-alvarez-maynez","10":"tag-gato-de-barrio","11":"tag-maullidos-urbanos","12":"tag-se-vende-dante-delgado-rannauro","13":"tag-tercer-aspirante-presidencial"},"wps_subtitle":"Dante Delgado Rannauro se hace c\u00f3mplice del Pejelagarto ","_links":{"self":[{"href":"https:\/\/www.porlalibreedomex.com\/index.php?rest_route=\/wp\/v2\/posts\/67553","targetHints":{"allow":["GET"]}}],"collection":[{"href":"https:\/\/www.porlalibreedomex.com\/index.php?rest_route=\/wp\/v2\/posts"}],"about":[{"href":"https:\/\/www.porlalibreedomex.com\/index.php?rest_route=\/wp\/v2\/types\/post"}],"author":[{"embeddable":true,"href":"https:\/\/www.porlalibreedomex.com\/index.php?rest_route=\/wp\/v2\/users\/3"}],"replies":[{"embeddable":true,"href":"https:\/\/www.porlalibreedomex.com\/index.php?rest_route=%2Fwp%2Fv2%2Fcomments&post=67553"}],"version-history":[{"count":3,"href":"https:\/\/www.porlalibreedomex.com\/index.php?rest_route=\/wp\/v2\/posts\/67553\/revisions"}],"predecessor-version":[{"id":67557,"href":"https:\/\/www.porlalibreedomex.com\/index.php?rest_route=\/wp\/v2\/posts\/67553\/revisions\/67557"}],"wp:featuredmedia":[{"embeddable":true,"href":"https:\/\/www.porlalibreedomex.com\/index.php?rest_route=\/wp\/v2\/media\/67554"}],"wp:attachment":[{"href":"https:\/\/www.porlalibreedomex.com\/index.php?rest_route=%2Fwp%2Fv2%2Fmedia&parent=67553"}],"wp:term":[{"taxonomy":"category","embeddable":true,"href":"https:\/\/www.porlalibreedomex.com\/index.php?rest_route=%2Fwp%2Fv2%2Fcategories&post=67553"},{"taxonomy":"post_tag","embeddable":true,"href":"https:\/\/www.porlalibreedomex.com\/index.php?rest_route=%2Fwp%2Fv2%2Ftags&post=67553"}],"curies":[{"name":"wp","href":"https:\/\/api.w.org\/{rel}","templated":true}]}}