{"id":67543,"date":"2024-01-10T00:30:30","date_gmt":"2024-01-10T06:30:30","guid":{"rendered":"https:\/\/porlalibreedomex.com\/?p=67543"},"modified":"2024-01-11T00:32:08","modified_gmt":"2024-01-11T06:32:08","slug":"encabeza-la-gobernadora-delfina-gomez-alvarez-la-ceremonia-conmemorativa-por-el-v-aniversario-luctuoso-de-alfredo-del-mazo-gonzalez","status":"publish","type":"post","link":"https:\/\/www.porlalibreedomex.com\/?p=67543","title":{"rendered":"Encabeza la Gobernadora Delfina G\u00f3mez \u00c1lvarez la Ceremonia Conmemorativa por el V Aniversario Luctuoso de Alfredo del Mazo Gonz\u00e1lez"},"content":{"rendered":"<ul>\n<li><em><strong>\u201cEl arte de gobernar nos demuestra que es el pueblo quien juzga el valor del trabajo que realizan los gobernantes\u00bb, afirma Horacio Duarte en Aniversario Luctuoso del exgobernador Del Mazo Gonz\u00e1lez.<\/strong><\/em><\/li>\n<li><em><strong> Exhorta el Secretario General de Gobierno a los actores pol\u00edticos a priorizar la conciliaci\u00f3n y el di\u00e1logo entre fuerzas pol\u00edticas, as\u00ed como la honestidad con el pueblo que impulsa a un gobierno a buscar incansablemente el bienestar y la prosperidad de su gente.<\/strong><\/em><\/li>\n<li><em><strong>Horacio Duarte destaca que los cimientos de un buen gobierno recaen en la transparencia y la cercan\u00eda al pueblo.<\/strong><\/em><\/li>\n<\/ul>\n<p><strong>Toluca, Estado de M\u00e9xico, 10 de enero de 2024.-<\/strong> El Secretario General de Gobierno del Estado de M\u00e9xico, Horacio Duarte Olivares se\u00f1al\u00f3 que, en el ejercicio del servicio p\u00fablico y el arte de gobernar, es el pueblo quien juzga el valor del trabajo de los gobernantes, durante la Ceremonia Conmemorativa por el V Aniversario Luctuoso del exgobernador mexiquense Alfredo Del Mazo Gonz\u00e1lez, que encabez\u00f3 la Gobernadora Delfina G\u00f3mez \u00c1lvarez.<\/p>\n<figure id=\"attachment_67544\" aria-describedby=\"caption-attachment-67544\" style=\"width: 1600px\" class=\"wp-caption aligncenter\"><a href=\"http:\/\/porlalibreedomex.com\/wp-content\/uploads\/2024\/01\/Presidio-la-Gobernadora-Delfina-Gomez-Alvarez-la-ceremonia-por-el-V-Aniversario-Luctuoso-del-exgobernador-Alfredo-del-Mazo-Gonzalez.jpeg\"><img loading=\"lazy\" decoding=\"async\" class=\"size-full wp-image-67544\" src=\"http:\/\/porlalibreedomex.com\/wp-content\/uploads\/2024\/01\/Presidio-la-Gobernadora-Delfina-Gomez-Alvarez-la-ceremonia-por-el-V-Aniversario-Luctuoso-del-exgobernador-Alfredo-del-Mazo-Gonzalez.jpeg\" alt=\"\" width=\"1600\" height=\"747\" srcset=\"https:\/\/www.porlalibreedomex.com\/wp-content\/uploads\/2024\/01\/Presidio-la-Gobernadora-Delfina-Gomez-Alvarez-la-ceremonia-por-el-V-Aniversario-Luctuoso-del-exgobernador-Alfredo-del-Mazo-Gonzalez.jpeg 1600w, https:\/\/www.porlalibreedomex.com\/wp-content\/uploads\/2024\/01\/Presidio-la-Gobernadora-Delfina-Gomez-Alvarez-la-ceremonia-por-el-V-Aniversario-Luctuoso-del-exgobernador-Alfredo-del-Mazo-Gonzalez-300x140.jpeg 300w, https:\/\/www.porlalibreedomex.com\/wp-content\/uploads\/2024\/01\/Presidio-la-Gobernadora-Delfina-Gomez-Alvarez-la-ceremonia-por-el-V-Aniversario-Luctuoso-del-exgobernador-Alfredo-del-Mazo-Gonzalez-1024x478.jpeg 1024w, https:\/\/www.porlalibreedomex.com\/wp-content\/uploads\/2024\/01\/Presidio-la-Gobernadora-Delfina-Gomez-Alvarez-la-ceremonia-por-el-V-Aniversario-Luctuoso-del-exgobernador-Alfredo-del-Mazo-Gonzalez-768x359.jpeg 768w, https:\/\/www.porlalibreedomex.com\/wp-content\/uploads\/2024\/01\/Presidio-la-Gobernadora-Delfina-Gomez-Alvarez-la-ceremonia-por-el-V-Aniversario-Luctuoso-del-exgobernador-Alfredo-del-Mazo-Gonzalez-1536x717.jpeg 1536w\" sizes=\"auto, (max-width: 1600px) 100vw, 1600px\" \/><\/a><figcaption id=\"caption-attachment-67544\" class=\"wp-caption-text\">Presidi\u00f3 la Gobernadora Delfina G\u00f3mez \u00c1lvarez la ceremonia por el V Aniversario Luctuoso del exgobernador Alfredo del Mazo Gonz\u00e1lez.<\/figcaption><\/figure>\n<p>\u201cEn este delicado ejercicio, la historia nos muestra tantos ejemplos de \u00e9xito como lecciones aprendidas de los desaf\u00edos enfrentados; nos demuestra tambi\u00e9n que finalmente es el pueblo quien juzga el valor del trabajo que realizan los gobernantes\u201d, expres\u00f3 Horacio Duarte.<\/p>\n<p>Sostuvo que, a pesar de las divergencias ideol\u00f3gicas o pol\u00edticas, el servicio p\u00fablico tiene como prop\u00f3sito el bienestar de la sociedad y el progreso del EdoM\u00e9x, por lo que invit\u00f3 a la conciliaci\u00f3n del pueblo mexiquense, dando prioridad al di\u00e1logo como eje fundamental para el desarrollo de la entidad.<\/p>\n<p>\u201cUn buen gobierno se cimenta en valores de transparencia con cercan\u00eda con el pueblo y un profundo amor a la comunidad. La transparencia no es solo una pr\u00e1ctica administrativa, es una expresi\u00f3n de respeto a los ciudadanos. La cercan\u00eda con el pueblo, por otro lado, refleja un gobierno que escucha y atiende las necesidades y preocupaciones de sus ciudadanos, trabajando de mano con la comunidad, con los actores pol\u00edticos, con los actores empresariales y con todos los actores de la vida p\u00fablica para construir un futuro mejor\u201d, enfatiz\u00f3 el Secretario General de Gobierno.<\/p>\n<div style=\"width: 640px;\" class=\"wp-video\"><video class=\"wp-video-shortcode\" id=\"video-67543-1\" width=\"640\" height=\"640\" preload=\"metadata\" controls=\"controls\"><source type=\"video\/mp4\" src=\"http:\/\/porlalibreedomex.com\/wp-content\/uploads\/2024\/01\/El-SEcretario-General-de-Gobierno-Horacio-Duarte-fue-el-orador-oficial-en-la-ceremonia-de-Alfredo-del-Mazo-Gonzalez.mp4?_=1\" \/><a href=\"http:\/\/porlalibreedomex.com\/wp-content\/uploads\/2024\/01\/El-SEcretario-General-de-Gobierno-Horacio-Duarte-fue-el-orador-oficial-en-la-ceremonia-de-Alfredo-del-Mazo-Gonzalez.mp4\">http:\/\/porlalibreedomex.com\/wp-content\/uploads\/2024\/01\/El-SEcretario-General-de-Gobierno-Horacio-Duarte-fue-el-orador-oficial-en-la-ceremonia-de-Alfredo-del-Mazo-Gonzalez.mp4<\/a><\/video><\/div>\n<p>Horacio Duarte hizo un llamado a mantener la unidad mexiquense ante el proceso electoral de este a\u00f1o, para que se d\u00e9 en un ambiente donde se cumpla con las reglas y los actores pol\u00edticos act\u00faen con civilidad.<\/p>\n<p>En la ceremonia que se llev\u00f3 a cabo en el Centro Cultural Mexiquense, donde estuvieron presentes Carmen Maza de Del Mazo, viuda de Del Mazo Gonz\u00e1lez, y Alfredo Del Mazo Maza, hijo del homenajeado y exgobernador del Estado de M\u00e9xico, Duarte Olivares puntualiz\u00f3 que es momento de reflexionar sobre las complejidades y los matices inherentes al arte de gobernar.<\/p>\n<p>Agreg\u00f3 que cada l\u00edder trae consigo una visi\u00f3n e ideales que buscan dar cauce al curso de los acontecimientos y de la historia, e independientemente de las posturas pol\u00edticas, el objetivo es entender el dinamismo de la actividad p\u00fablica, para trabajar con pasi\u00f3n y visi\u00f3n de Estado, con conocimiento y empat\u00eda de las necesidades y aspiraciones de la poblaci\u00f3n.<\/p>\n<p>En este sentido, manifest\u00f3 que Alfredo Del Mazo Gonz\u00e1lez fue una figura destacada en la historia del Estado de M\u00e9xico y en la vida p\u00fablica del pa\u00eds, quien logr\u00f3 enfrentar los retos de su \u00e9poca y dejar lecciones para los mexiquenses.<\/p>\n<p><a href=\"http:\/\/porlalibreedomex.com\/wp-content\/uploads\/2024\/01\/El-Secretario-General-de-Gobierno-Horacio-Duarte-OLivares-fue-el-orador-oficial-en-la-ceremonia-luctuosa-de-Alfredo-del-Mazo-Gonzalez.jpeg\"><img loading=\"lazy\" decoding=\"async\" class=\"aligncenter size-large wp-image-67547\" src=\"http:\/\/porlalibreedomex.com\/wp-content\/uploads\/2024\/01\/El-Secretario-General-de-Gobierno-Horacio-Duarte-OLivares-fue-el-orador-oficial-en-la-ceremonia-luctuosa-de-Alfredo-del-Mazo-Gonzalez-1024x507.jpeg\" alt=\"\" width=\"800\" height=\"396\" srcset=\"https:\/\/www.porlalibreedomex.com\/wp-content\/uploads\/2024\/01\/El-Secretario-General-de-Gobierno-Horacio-Duarte-OLivares-fue-el-orador-oficial-en-la-ceremonia-luctuosa-de-Alfredo-del-Mazo-Gonzalez-1024x507.jpeg 1024w, https:\/\/www.porlalibreedomex.com\/wp-content\/uploads\/2024\/01\/El-Secretario-General-de-Gobierno-Horacio-Duarte-OLivares-fue-el-orador-oficial-en-la-ceremonia-luctuosa-de-Alfredo-del-Mazo-Gonzalez-300x149.jpeg 300w, https:\/\/www.porlalibreedomex.com\/wp-content\/uploads\/2024\/01\/El-Secretario-General-de-Gobierno-Horacio-Duarte-OLivares-fue-el-orador-oficial-en-la-ceremonia-luctuosa-de-Alfredo-del-Mazo-Gonzalez-768x380.jpeg 768w, https:\/\/www.porlalibreedomex.com\/wp-content\/uploads\/2024\/01\/El-Secretario-General-de-Gobierno-Horacio-Duarte-OLivares-fue-el-orador-oficial-en-la-ceremonia-luctuosa-de-Alfredo-del-Mazo-Gonzalez-1536x760.jpeg 1536w, https:\/\/www.porlalibreedomex.com\/wp-content\/uploads\/2024\/01\/El-Secretario-General-de-Gobierno-Horacio-Duarte-OLivares-fue-el-orador-oficial-en-la-ceremonia-luctuosa-de-Alfredo-del-Mazo-Gonzalez.jpeg 1600w\" sizes=\"auto, (max-width: 800px) 100vw, 800px\" \/><\/a><\/p>\n<p>Como parte de este acto solemne, la gobernadora G\u00f3mez \u00c1lvarez, quien estuvo acompa\u00f1ada por los representantes de los Poderes del Estado, de las fuerzas armadas, integrantes del Gobierno estatal y familiares del exgobernador Alfredo Del Mazo Gonz\u00e1lez, mont\u00f3 guardia de honor en el monumento del homenajeado, ubicado en las instalaciones del Centro Cultural Mexiquense.<\/p>\n<p>En esta ceremonia estuvieron presentes Rigoberto Vargas Cervantes y El\u00edas Rescala Jim\u00e9nez, presidente de la Diputaci\u00f3n Permanente y presidente de la Junta de Coordinaci\u00f3n Pol\u00edtica de la LXI Legislatura del Estado de M\u00e9xico, respectivamente; Ricardo Sodi Cuellar, presidente del Tribunal Superior de Justicia y del Consejo de la Judicatura de la entidad; Jos\u00e9 Mart\u00edn Luna de la Luz, Comandante de la 22 Zona Militar; y Juan Maccise Naime, presidente Municipal de Toluca, as\u00ed como el gabinete legal y ampliado del Gobierno del Estado de M\u00e9xico y los exgobernadores de la entidad mexiquense, Eruviel \u00c1vila Villegas, Arturo Montiel Rojas y C\u00e9sar Camacho Quiroz.<\/p>\n","protected":false},"excerpt":{"rendered":"<p>\u201cEl arte de gobernar nos demuestra que es el pueblo quien juzga el valor del trabajo que realizan los gobernantes\u00bb, afirma Horacio Duarte en Aniversario Luctuoso del exgobernador Del Mazo Gonz\u00e1lez. Exhorta el Secretario General de Gobierno a los actores pol\u00edticos a priorizar la conciliaci\u00f3n y el di\u00e1logo entre fuerzas pol\u00edticas, as\u00ed como la honestidad [&hellip;]<\/p>\n","protected":false},"author":3,"featured_media":67545,"comment_status":"open","ping_status":"open","sticky":false,"template":"","format":"standard","meta":{"footnotes":""},"categories":[16,9150],"tags":[5443,31427,16550,22592,31428,26256,31430,31429,31431],"class_list":{"0":"post-67543","1":"post","2":"type-post","3":"status-publish","4":"format-standard","5":"has-post-thumbnail","7":"category-foto","8":"category-politica","9":"tag-alfredo-del-mazo-maza","10":"tag-aniversario-luctuoso-alfredo-del-mazo-gonzalez","11":"tag-carmen-maza-de-del-mazo","12":"tag-elias-rescala-jimenez","13":"tag-encabeza-delfina-gomez-ceremonia-luctuosa","14":"tag-exgobernador-arturo-montiel-rojas","15":"tag-exgobernador-cesar-camacho-quiroz","16":"tag-horacio-duarte-orador-oficial","17":"tag-proceso-electoral-2024-edomex"},"wps_subtitle":"Asistieron los exgobernadores C\u00e9sar Camacho y Arturo Montiel.","_links":{"self":[{"href":"https:\/\/www.porlalibreedomex.com\/index.php?rest_route=\/wp\/v2\/posts\/67543","targetHints":{"allow":["GET"]}}],"collection":[{"href":"https:\/\/www.porlalibreedomex.com\/index.php?rest_route=\/wp\/v2\/posts"}],"about":[{"href":"https:\/\/www.porlalibreedomex.com\/index.php?rest_route=\/wp\/v2\/types\/post"}],"author":[{"embeddable":true,"href":"https:\/\/www.porlalibreedomex.com\/index.php?rest_route=\/wp\/v2\/users\/3"}],"replies":[{"embeddable":true,"href":"https:\/\/www.porlalibreedomex.com\/index.php?rest_route=%2Fwp%2Fv2%2Fcomments&post=67543"}],"version-history":[{"count":2,"href":"https:\/\/www.porlalibreedomex.com\/index.php?rest_route=\/wp\/v2\/posts\/67543\/revisions"}],"predecessor-version":[{"id":67549,"href":"https:\/\/www.porlalibreedomex.com\/index.php?rest_route=\/wp\/v2\/posts\/67543\/revisions\/67549"}],"wp:featuredmedia":[{"embeddable":true,"href":"https:\/\/www.porlalibreedomex.com\/index.php?rest_route=\/wp\/v2\/media\/67545"}],"wp:attachment":[{"href":"https:\/\/www.porlalibreedomex.com\/index.php?rest_route=%2Fwp%2Fv2%2Fmedia&parent=67543"}],"wp:term":[{"taxonomy":"category","embeddable":true,"href":"https:\/\/www.porlalibreedomex.com\/index.php?rest_route=%2Fwp%2Fv2%2Fcategories&post=67543"},{"taxonomy":"post_tag","embeddable":true,"href":"https:\/\/www.porlalibreedomex.com\/index.php?rest_route=%2Fwp%2Fv2%2Ftags&post=67543"}],"curies":[{"name":"wp","href":"https:\/\/api.w.org\/{rel}","templated":true}]}}