{"id":67507,"date":"2024-01-08T00:01:07","date_gmt":"2024-01-08T06:01:07","guid":{"rendered":"https:\/\/porlalibreedomex.com\/?p=67507"},"modified":"2024-01-09T00:05:45","modified_gmt":"2024-01-09T06:05:45","slug":"%f0%9f%a7%91%f0%9f%8f%bd%f0%9f%8f%ab%f0%9f%a7%91%f0%9f%8f%bd%f0%9f%92%bb%f0%9f%91%a9%f0%9f%8f%bd%f0%9f%94%ac-la-uaemex-comprometida-con-el-desarrollo-y-bienestar-de-su-personal","status":"publish","type":"post","link":"https:\/\/www.porlalibreedomex.com\/?p=67507","title":{"rendered":"\ud83e\uddd1\ud83c\udffd\u200d\ud83c\udfeb\ud83e\uddd1\ud83c\udffd\u200d\ud83d\udcbb\ud83d\udc69\ud83c\udffd\u200d\ud83d\udd2c La UAEM\u00e9x comprometida con el desarrollo y bienestar de su personal"},"content":{"rendered":"<p>&nbsp;<\/p>\n<ul>\n<li><em><strong>Encabeza el rector de la UAEM\u00e9x, Carlos Eduardo Barrera D\u00edaz, la instalaci\u00f3n de la Comisi\u00f3n Mixta Temporal para la Revisi\u00f3n Salarial 2024 con la \u00a0FAAPAUAEM y el SUTESUAEM.<\/strong><\/em><\/li>\n<\/ul>\n<p><strong>\ud83d\udfe2\ud83d\udfe1 Toluca, M\u00e9xico, 8 de enero de 2024.<\/strong> Construir acuerdos para determinar el incremento salarial para el personal de la Universidad Aut\u00f3noma del Estado de M\u00e9xico (UAEM\u00e9x) permitir\u00e1 alcanzar un equilibrio justo y sostenible que reconozca la contribuci\u00f3n de acad\u00e9micos y administrativos y garantice la viabilidad financiera y operativa de esta casa de estudios, sostuvo el rector Carlos Eduardo Barrera D\u00edaz.<\/p>\n<p>Al encabezar la instalaci\u00f3n de la Comisi\u00f3n Mixta Temporal para la Revisi\u00f3n Salarial 2024 con la Federaci\u00f3n de Asociaciones Aut\u00f3nomas de Personal Acad\u00e9mico (FAAPAUAEM) y el Sindicato \u00danico de Trabajadores y Empleados al Servicio (SUTESUAEM) de la UAEM\u00e9x, el rector expres\u00f3 que mediante el di\u00e1logo abierto y la disposici\u00f3n al entendimiento mutuo se podr\u00e1n alcanzar acuerdos que muestren el valor que la M\u00e1xima Casa de Estudios mexiquense otorga a la labor docente y administrativa.<\/p>\n<figure id=\"attachment_67509\" aria-describedby=\"caption-attachment-67509\" style=\"width: 800px\" class=\"wp-caption aligncenter\"><a href=\"http:\/\/porlalibreedomex.com\/wp-content\/uploads\/2024\/01\/Quedo-instalada-la-Comision-para-la-Revision-Salarial-2024-en-la-UAEMex.jpeg\"><img loading=\"lazy\" decoding=\"async\" class=\"size-full wp-image-67509\" src=\"http:\/\/porlalibreedomex.com\/wp-content\/uploads\/2024\/01\/Quedo-instalada-la-Comision-para-la-Revision-Salarial-2024-en-la-UAEMex.jpeg\" alt=\"\" width=\"800\" height=\"533\" srcset=\"https:\/\/www.porlalibreedomex.com\/wp-content\/uploads\/2024\/01\/Quedo-instalada-la-Comision-para-la-Revision-Salarial-2024-en-la-UAEMex.jpeg 800w, https:\/\/www.porlalibreedomex.com\/wp-content\/uploads\/2024\/01\/Quedo-instalada-la-Comision-para-la-Revision-Salarial-2024-en-la-UAEMex-300x200.jpeg 300w, https:\/\/www.porlalibreedomex.com\/wp-content\/uploads\/2024\/01\/Quedo-instalada-la-Comision-para-la-Revision-Salarial-2024-en-la-UAEMex-768x512.jpeg 768w\" sizes=\"auto, (max-width: 800px) 100vw, 800px\" \/><\/a><figcaption id=\"caption-attachment-67509\" class=\"wp-caption-text\">Qued\u00f3 instalada la Comisi\u00f3n para la Revisi\u00f3n Salarial 2024 en la UAEM\u00e9x<\/figcaption><\/figure>\n<p>En la Sala \u201cGustavo Baz Prada\u201d del Edificio de Rector\u00eda, en reuniones separadas, ante la secretar\u00eda general de la FAAPAUAEM, Gilda Gonz\u00e1lez Villase\u00f1or, Barrera D\u00edaz reiter\u00f3 que este espacio de negociaci\u00f3n es un reflejo de lo importante que es el trabajo conjunto para alcanzar acuerdos que reconozcan el esfuerzo y la calidad de la planta acad\u00e9mica, en beneficio de la Aut\u00f3noma mexiquense.<\/p>\n<p>\u201cConfiamos plenamente en que nuestras conversaciones ser\u00e1n constructivas, guiadas por el esp\u00edritu de equidad y justicia, buscando siempre mantener un balance\u201d, afirm\u00f3.<\/p>\n<figure id=\"attachment_67510\" aria-describedby=\"caption-attachment-67510\" style=\"width: 800px\" class=\"wp-caption aligncenter\"><a href=\"http:\/\/porlalibreedomex.com\/wp-content\/uploads\/2024\/01\/Los-sindicatos-de-la-UAEMex-Academico-y-Administrativo-presentes-en-la-instalacion-de-la-Comision-que-se-encargara-de-la-Revision-Salarial-2024.jpeg\"><img loading=\"lazy\" decoding=\"async\" class=\"size-full wp-image-67510\" src=\"http:\/\/porlalibreedomex.com\/wp-content\/uploads\/2024\/01\/Los-sindicatos-de-la-UAEMex-Academico-y-Administrativo-presentes-en-la-instalacion-de-la-Comision-que-se-encargara-de-la-Revision-Salarial-2024.jpeg\" alt=\"\" width=\"800\" height=\"533\" srcset=\"https:\/\/www.porlalibreedomex.com\/wp-content\/uploads\/2024\/01\/Los-sindicatos-de-la-UAEMex-Academico-y-Administrativo-presentes-en-la-instalacion-de-la-Comision-que-se-encargara-de-la-Revision-Salarial-2024.jpeg 800w, https:\/\/www.porlalibreedomex.com\/wp-content\/uploads\/2024\/01\/Los-sindicatos-de-la-UAEMex-Academico-y-Administrativo-presentes-en-la-instalacion-de-la-Comision-que-se-encargara-de-la-Revision-Salarial-2024-300x200.jpeg 300w, https:\/\/www.porlalibreedomex.com\/wp-content\/uploads\/2024\/01\/Los-sindicatos-de-la-UAEMex-Academico-y-Administrativo-presentes-en-la-instalacion-de-la-Comision-que-se-encargara-de-la-Revision-Salarial-2024-768x512.jpeg 768w\" sizes=\"auto, (max-width: 800px) 100vw, 800px\" \/><\/a><figcaption id=\"caption-attachment-67510\" class=\"wp-caption-text\">Los sindicatos de la UAEM\u00e9x, Acad\u00e9mico y Administrativo, presentes en la instalaci\u00f3n de la Comisi\u00f3n que se encargar\u00e1 de la Revisi\u00f3n Salarial 2024.<\/figcaption><\/figure>\n<p>Por su parte, Gonz\u00e1lez Villase\u00f1or enfatiz\u00f3 que proteger el bienestar de las y los acad\u00e9micos universitarios es una tarea fundamental; por ello, mejorar el salario es un tema de prioridad, ya que ello les permite enfocarse sin preocupaci\u00f3n en la ense\u00f1anza, la investigaci\u00f3n y la divulgaci\u00f3n del conocimiento para alcanzar la excelencia educativa en la formaci\u00f3n de profesionales universitarios.<\/p>\n<p>Ante el secretario general del SUTESUAEM, Pedro Rodr\u00edguez Magallanes, el rector de la UAEM\u00e9x expres\u00f3 su confianza en que \u201cestas negociaciones ser\u00e1n abordadas con un esp\u00edritu de colaboraci\u00f3n, entendimiento y respeto mutuo. Recordemos que nuestro objetivo com\u00fan es el bienestar de nuestra comunidad universitaria y el fortalecimiento de nuestra instituci\u00f3n\u201d.<\/p>\n<p>En su oportunidad, Rodr\u00edguez Magallanes apunt\u00f3 que las condiciones econ\u00f3micas actuales son dif\u00edciles; sin embargo, con esfuerzo, voluntad y compromiso se conseguir\u00e1 el equilibrio para que las y los trabajadores universitarios se vean beneficiados y contribuyan desde su labor al engrandecimiento de la UAEM\u00e9x para mantenerla como una de las mejores universidades a nivel nacional e internacional.<\/p>\n<p>Ante los representantes de ambas agrupaciones sindicales, Carlos Eduardo Barrera D\u00edaz destac\u00f3 que gracias a la disciplina financiera se logr\u00f3 pagar la deuda del ISSEMYM. Adem\u00e1s, la Administraci\u00f3n Universitaria 2021-2025 ha respetado cuidadosamente las Cl\u00e1usulas del Contrato Colectivo de Trabajo.<\/p>\n<p>A la instalaci\u00f3n de la Comisi\u00f3n Mixta Temporal para la Revisi\u00f3n Salarial 2024 con la FAAPAUAEM y el SUTESUAEM acudieron el secretario de Finanzas, Octavio Bernal Ramos; la secretaria de Administraci\u00f3n, Er\u00e9ndira Fierro Moreno; la abogada general, Luz Mar\u00eda Jaimes Legorreta, as\u00ed como integrantes del gabinete universitario y los comit\u00e9s ejecutivos de ambas organizaciones gremiales.<\/p>\n","protected":false},"excerpt":{"rendered":"<p>&nbsp; Encabeza el rector de la UAEM\u00e9x, Carlos Eduardo Barrera D\u00edaz, la instalaci\u00f3n de la Comisi\u00f3n Mixta Temporal para la Revisi\u00f3n Salarial 2024 con la \u00a0FAAPAUAEM y el SUTESUAEM. \ud83d\udfe2\ud83d\udfe1 Toluca, M\u00e9xico, 8 de enero de 2024. Construir acuerdos para determinar el incremento salarial para el personal de la Universidad Aut\u00f3noma del Estado de M\u00e9xico [&hellip;]<\/p>\n","protected":false},"author":3,"featured_media":67508,"comment_status":"open","ping_status":"open","sticky":false,"template":"","format":"standard","meta":{"footnotes":""},"categories":[9148,16],"tags":[31408,22229,16668,12945,31409,23301],"class_list":{"0":"post-67507","1":"post","2":"type-post","3":"status-publish","4":"format-standard","5":"has-post-thumbnail","7":"category-educacion","8":"category-foto","9":"tag-comision-para-revsision-salarial-2024","10":"tag-faapauaem-y-sutesuaem","11":"tag-gilda-gonzalez-villasenor","12":"tag-pedro-rodriguez-magallanes","13":"tag-preparan-revision-salarial-en-uaemex","14":"tag-rector-carlos-eduardo-barrera-diaz"},"wps_subtitle":"","_links":{"self":[{"href":"https:\/\/www.porlalibreedomex.com\/index.php?rest_route=\/wp\/v2\/posts\/67507","targetHints":{"allow":["GET"]}}],"collection":[{"href":"https:\/\/www.porlalibreedomex.com\/index.php?rest_route=\/wp\/v2\/posts"}],"about":[{"href":"https:\/\/www.porlalibreedomex.com\/index.php?rest_route=\/wp\/v2\/types\/post"}],"author":[{"embeddable":true,"href":"https:\/\/www.porlalibreedomex.com\/index.php?rest_route=\/wp\/v2\/users\/3"}],"replies":[{"embeddable":true,"href":"https:\/\/www.porlalibreedomex.com\/index.php?rest_route=%2Fwp%2Fv2%2Fcomments&post=67507"}],"version-history":[{"count":1,"href":"https:\/\/www.porlalibreedomex.com\/index.php?rest_route=\/wp\/v2\/posts\/67507\/revisions"}],"predecessor-version":[{"id":67511,"href":"https:\/\/www.porlalibreedomex.com\/index.php?rest_route=\/wp\/v2\/posts\/67507\/revisions\/67511"}],"wp:featuredmedia":[{"embeddable":true,"href":"https:\/\/www.porlalibreedomex.com\/index.php?rest_route=\/wp\/v2\/media\/67508"}],"wp:attachment":[{"href":"https:\/\/www.porlalibreedomex.com\/index.php?rest_route=%2Fwp%2Fv2%2Fmedia&parent=67507"}],"wp:term":[{"taxonomy":"category","embeddable":true,"href":"https:\/\/www.porlalibreedomex.com\/index.php?rest_route=%2Fwp%2Fv2%2Fcategories&post=67507"},{"taxonomy":"post_tag","embeddable":true,"href":"https:\/\/www.porlalibreedomex.com\/index.php?rest_route=%2Fwp%2Fv2%2Ftags&post=67507"}],"curies":[{"name":"wp","href":"https:\/\/api.w.org\/{rel}","templated":true}]}}