{"id":67474,"date":"2024-01-07T00:58:10","date_gmt":"2024-01-07T06:58:10","guid":{"rendered":"https:\/\/porlalibreedomex.com\/?p=67474"},"modified":"2024-01-08T00:59:06","modified_gmt":"2024-01-08T06:59:06","slug":"designa-el-ieem-consejerias-y-vocalias-distritales-y-municipales-para-el-proceso-electoral-2024","status":"publish","type":"post","link":"https:\/\/www.porlalibreedomex.com\/?p=67474","title":{"rendered":"DESIGNA EL IEEM CONSEJER\u00cdAS Y VOCAL\u00cdAS DISTRITALES Y MUNICIPALES PARA EL PROCESO ELECTORAL 2024"},"content":{"rendered":"<p>&nbsp;<\/p>\n<p><em><strong>\u25cf Durante la primera sesi\u00f3n extraordinaria del Consejo General, tambi\u00e9n se aprob\u00f3 la<\/strong><\/em><br \/>\n<em><strong>convocatoria para las y los interesados en participar como observadores electorales.<\/strong><\/em><\/p>\n<p><strong>Toluca, Estado de M\u00e9xico, 7 de enero de 2024.-<\/strong> El Consejo General del Instituto Electoral del Estado de M\u00e9xico (IEEM) llev\u00f3 a cabo el proceso para la asignaci\u00f3n de las y los consejeros y vocales que se encargar\u00e1n de<br \/>\norganizar el Proceso para la Elecci\u00f3n de Diputaciones Locales y Ayuntamientos 2024; adem\u00e1s aprob\u00f3 la convocatoria para la ciudadan\u00eda interesada en participar como como observadora electoral y ratific\u00f3 la integraci\u00f3n de las Comisiones Permanentes y Especiales.<br \/>\nLa Consejera Electoral y Presidenta de la Comisi\u00f3n Especial de Vinculaci\u00f3n con \u00d3rganos<br \/>\nDesconcentrados, Karina Ivonne Vaquera Montoya, explic\u00f3 que los <strong>270 consejeros<\/strong><br \/>\n<strong>distritales y 750 consejeros municipales propietarios,<\/strong> que fueron seleccionados mediante<br \/>\ninsaculaci\u00f3n ejecutada de forma aleatoria, tendr\u00e1n a su cargo tareas fundamentales para la organizaci\u00f3n del proceso electoral en curso. Entre sus responsabilidades se encuentra su participaci\u00f3n en la entrega y recepci\u00f3n de la documentaci\u00f3n electoral, el acompa\u00f1amiento en los recorridos dentro de los consejos, as\u00ed como votar los acuerdos y resoluciones presentados ante el pleno, entre otras.<\/p>\n<figure id=\"attachment_67477\" aria-describedby=\"caption-attachment-67477\" style=\"width: 800px\" class=\"wp-caption aligncenter\"><a href=\"http:\/\/porlalibreedomex.com\/wp-content\/uploads\/2024\/01\/IMG_336-e1704696809548.jpeg\"><img loading=\"lazy\" decoding=\"async\" class=\"size-large wp-image-67477\" src=\"http:\/\/porlalibreedomex.com\/wp-content\/uploads\/2024\/01\/IMG_336-e1704696809548-1024x389.jpeg\" alt=\"\" width=\"800\" height=\"304\" srcset=\"https:\/\/www.porlalibreedomex.com\/wp-content\/uploads\/2024\/01\/IMG_336-e1704696809548-1024x389.jpeg 1024w, https:\/\/www.porlalibreedomex.com\/wp-content\/uploads\/2024\/01\/IMG_336-e1704696809548-300x114.jpeg 300w, https:\/\/www.porlalibreedomex.com\/wp-content\/uploads\/2024\/01\/IMG_336-e1704696809548-768x291.jpeg 768w, https:\/\/www.porlalibreedomex.com\/wp-content\/uploads\/2024\/01\/IMG_336-e1704696809548-1536x583.jpeg 1536w, https:\/\/www.porlalibreedomex.com\/wp-content\/uploads\/2024\/01\/IMG_336-e1704696809548.jpeg 1594w\" sizes=\"auto, (max-width: 800px) 100vw, 800px\" \/><\/a><figcaption id=\"caption-attachment-67477\" class=\"wp-caption-text\">IEEM sprob\u00f3 ls designaci\u00f3n de Consejeros Distritales y Municipales para las elecciones de 2024.<\/figcaption><\/figure>\n<p>En cuanto al Proyecto de Acuerdo para designar vocal\u00edas para la Elecci\u00f3n de Diputaciones Locales y Ayuntamientos 2024, el Consejo General aval\u00f3 a 135 personas como vocales distritales y 250 como vocales municipales.<br \/>\nDurante la primera Sesi\u00f3n Extraordinaria del Consejo General del IEEM, y respecto a la convocatoria a la ciudadan\u00eda para participar como observadora electoral, la Consejera Presidenta del IEEM, Amalia Pulido G\u00f3mez, destac\u00f3 que la observaci\u00f3n electoral representa un crucial mecanismo de vigilancia y participaci\u00f3n c\u00edvica. Subray\u00f3 que su papel es fundamental en el involucramiento de la sociedad en las distintas fases del<br \/>\nproceso electoral, fortaleciendo as\u00ed la democracia en la entidad.\u00a0La Consejera Electoral Patricia Lozano Sanabria afirm\u00f3 que aquellos interesados en la gesti\u00f3n de las elecciones tendr\u00e1n la oportunidad, a trav\u00e9s de este sistema, de observar y evaluar la labor de las autoridades electorales involucradas en el proceso desde una<br \/>\nperspectiva ciudadana. Explic\u00f3 que las y los interesados podr\u00e1n presentar sus solicitudes desde el 5 de enero y hasta el 7 de mayo.<br \/>\nLa convocatoria estar\u00e1 disponible en formatos accesibles, como lectura f\u00e1cil, audio y sistema braille, con el objetivo de garantizar el acceso a todas las personas; asegur\u00f3 que el Centro de Orientaci\u00f3n Electoral (COE) brindar\u00e1 informaci\u00f3n a la ciudadan\u00eda de manera telef\u00f3nica o presencial en las instalaciones del IEEM.<br \/>\nDurante su intervenci\u00f3n, la Consejera Electoral Sandra L\u00f3pez Bringas explic\u00f3 que este mecanismo ofrece a la ciudadan\u00eda una alternativa adicional para participar en el proceso electoral, al tiempo que proporciona acompa\u00f1amiento a todas las personas involucradas en su organizaci\u00f3n. Record\u00f3 que la convocatoria cuenta con elementos y mecanismos dise\u00f1ados para promover la inclusi\u00f3n.<br \/>\nAl respecto del tema, la Consejera Electoral Karina Ivonne Vaquera Montoya destac\u00f3 que este ejercicio de observaci\u00f3n se realiz\u00f3 durante el proceso electoral de 2023, en que las y los participantes tuvieron la oportunidad de involucrarse en diversas actividades relacionadas con \u00e9l. Adem\u00e1s, propusieron sugerencias a las autoridades electorales para contribuir a la mejora continua de dichos procesos.<br \/>\nExtendi\u00f3 la invitaci\u00f3n a aquellos ciudadanos que no hayan participado anteriormente a<br \/>\nregistrarse como observadores, resaltando la relevancia de esta experiencia tanto para<br \/>\nellos como para el Instituto.<\/p>\n<figure id=\"attachment_67476\" aria-describedby=\"caption-attachment-67476\" style=\"width: 800px\" class=\"wp-caption aligncenter\"><a href=\"http:\/\/porlalibreedomex.com\/wp-content\/uploads\/2024\/01\/IMG_335-e1704697048702.jpeg\"><img loading=\"lazy\" decoding=\"async\" class=\"size-large wp-image-67476\" src=\"http:\/\/porlalibreedomex.com\/wp-content\/uploads\/2024\/01\/IMG_335-e1704697048702-1024x397.jpeg\" alt=\"\" width=\"800\" height=\"310\" srcset=\"https:\/\/www.porlalibreedomex.com\/wp-content\/uploads\/2024\/01\/IMG_335-e1704697048702-1024x397.jpeg 1024w, https:\/\/www.porlalibreedomex.com\/wp-content\/uploads\/2024\/01\/IMG_335-e1704697048702-300x116.jpeg 300w, https:\/\/www.porlalibreedomex.com\/wp-content\/uploads\/2024\/01\/IMG_335-e1704697048702-768x298.jpeg 768w, https:\/\/www.porlalibreedomex.com\/wp-content\/uploads\/2024\/01\/IMG_335-e1704697048702-1536x596.jpeg 1536w, https:\/\/www.porlalibreedomex.com\/wp-content\/uploads\/2024\/01\/IMG_335-e1704697048702.jpeg 1552w\" sizes=\"auto, (max-width: 800px) 100vw, 800px\" \/><\/a><figcaption id=\"caption-attachment-67476\" class=\"wp-caption-text\">SESI\u00d3N IEEM<\/figcaption><\/figure>\n<p>Si quieres conocer m\u00e1s de las actividades que lleva a cabo el IEEM visita sus redes<br \/>\nsociales. En YouTube b\u00fascanos como IEEM Oficial y en Facebook como IEEM; en X,<br \/>\nThreads, TikTok e Instagram como @IEEM_MX o entra a www.ieem.org.mx.<\/p>\n","protected":false},"excerpt":{"rendered":"<p>&nbsp; \u25cf Durante la primera sesi\u00f3n extraordinaria del Consejo General, tambi\u00e9n se aprob\u00f3 la convocatoria para las y los interesados en participar como observadores electorales. Toluca, Estado de M\u00e9xico, 7 de enero de 2024.- El Consejo General del Instituto Electoral del Estado de M\u00e9xico (IEEM) llev\u00f3 a cabo el proceso para la asignaci\u00f3n de las [&hellip;]<\/p>\n","protected":false},"author":3,"featured_media":67475,"comment_status":"open","ping_status":"open","sticky":false,"template":"","format":"standard","meta":{"footnotes":""},"categories":[16,9150],"tags":[31389,31387,31388,31386],"class_list":{"0":"post-67474","1":"post","2":"type-post","3":"status-publish","4":"format-standard","5":"has-post-thumbnail","7":"category-foto","8":"category-politica","9":"tag-consejera-karina-ivonne-vaquera-montoya","10":"tag-consejeros-distritales-y-municipales","11":"tag-consejeros-por-proceso-de-insaculacion","12":"tag-designa-ieem-consejeros"},"wps_subtitle":"","_links":{"self":[{"href":"https:\/\/www.porlalibreedomex.com\/index.php?rest_route=\/wp\/v2\/posts\/67474","targetHints":{"allow":["GET"]}}],"collection":[{"href":"https:\/\/www.porlalibreedomex.com\/index.php?rest_route=\/wp\/v2\/posts"}],"about":[{"href":"https:\/\/www.porlalibreedomex.com\/index.php?rest_route=\/wp\/v2\/types\/post"}],"author":[{"embeddable":true,"href":"https:\/\/www.porlalibreedomex.com\/index.php?rest_route=\/wp\/v2\/users\/3"}],"replies":[{"embeddable":true,"href":"https:\/\/www.porlalibreedomex.com\/index.php?rest_route=%2Fwp%2Fv2%2Fcomments&post=67474"}],"version-history":[{"count":1,"href":"https:\/\/www.porlalibreedomex.com\/index.php?rest_route=\/wp\/v2\/posts\/67474\/revisions"}],"predecessor-version":[{"id":67478,"href":"https:\/\/www.porlalibreedomex.com\/index.php?rest_route=\/wp\/v2\/posts\/67474\/revisions\/67478"}],"wp:featuredmedia":[{"embeddable":true,"href":"https:\/\/www.porlalibreedomex.com\/index.php?rest_route=\/wp\/v2\/media\/67475"}],"wp:attachment":[{"href":"https:\/\/www.porlalibreedomex.com\/index.php?rest_route=%2Fwp%2Fv2%2Fmedia&parent=67474"}],"wp:term":[{"taxonomy":"category","embeddable":true,"href":"https:\/\/www.porlalibreedomex.com\/index.php?rest_route=%2Fwp%2Fv2%2Fcategories&post=67474"},{"taxonomy":"post_tag","embeddable":true,"href":"https:\/\/www.porlalibreedomex.com\/index.php?rest_route=%2Fwp%2Fv2%2Ftags&post=67474"}],"curies":[{"name":"wp","href":"https:\/\/api.w.org\/{rel}","templated":true}]}}