{"id":67314,"date":"2023-12-20T02:00:53","date_gmt":"2023-12-20T08:00:53","guid":{"rendered":"https:\/\/porlalibreedomex.com\/?p=67314"},"modified":"2023-12-21T02:01:31","modified_gmt":"2023-12-21T08:01:31","slug":"%f0%9f%a7%a0%f0%9f%93%9a-uaemex-y-uanl-comparten-experiencias-sobre-el-uso-de-inteligencia-artificial-en-el-ambito-educativo","status":"publish","type":"post","link":"https:\/\/www.porlalibreedomex.com\/?p=67314","title":{"rendered":"\ud83e\udde0\ud83d\udcda UAEM\u00e9x y UANL comparten experiencias sobre el uso de Inteligencia Artificial en el \u00e1mbito educativo"},"content":{"rendered":"<ul>\n<li><em><strong>La directora de Estudios de Nivel Medio Superior, Eva Lilia Garc\u00eda Escobar, mencion\u00f3 que compartir experiencias, a trav\u00e9s de estas actividades, permite guiar de manera informada al alumnado sobre temas actuales.<\/strong><\/em><\/li>\n<\/ul>\n<p><strong>\ud83d\udfe2\ud83d\udfe1 Toluca, M\u00e9xico, 20 de diciembre de 2023.<\/strong> Se inaugur\u00f3 el Primer Foro Web \u201cDid\u00e1ctica e Innovaci\u00f3n, Fundamentos y Demostraci\u00f3n\u201d, que reuni\u00f3, en colaboraci\u00f3n, a la Universidad Aut\u00f3noma del Estado de M\u00e9xico (UAEM\u00e9x) y a la Universidad Aut\u00f3noma de Nuevo Le\u00f3n (UANL).<br \/>\nLa <strong>directora de Estudios de Nivel Medio Superior, Eva Lilia Garc\u00eda Escobar<\/strong>, mencion\u00f3 que compartir experiencias, a trav\u00e9s de estas actividades, permite guiar de manera informada al alumnado sobre temas actuales, a trav\u00e9s de instrumentos virtuales que son un gran complemento para el desarrollo de conocimientos y habilidades dentro del desempe\u00f1o acad\u00e9mico, haciendo un uso responsable, \u00e9tico y humano de las mismas para una buena formaci\u00f3n.<br \/>\nor su parte,<strong> la directora de la Preparatoria 7 \u201cDr. Oscar Vela Cant\u00fa\u201d de la UANL<\/strong>, Cenia de la Garza Salinas, resalt\u00f3 que los espacios de reflexi\u00f3n en torno a una educaci\u00f3n innovadora contribuyen a enriquecer las discusiones y fomentan la colaboraci\u00f3n internacional educativa a trav\u00e9s de conferencias, paneles y demostraciones que promueven una calidad educativa y un desarrollo sostenible de la educaci\u00f3n.<br \/>\nComo primera actividad del Foro, la investigadora Mar\u00eda del Socorro Casta\u00f1eda D\u00edaz, del Instituto de Ciencias Agropecuarias y Rurales (ICAR) de la Aut\u00f3noma mexiquense, ofreci\u00f3 la Conferencia Magistral \u201cInteligencia Artificial y \u00e9tica: el \u201cnuevo\u201d reto de la educaci\u00f3n\u201d, donde recalc\u00f3 que la inteligencia artificial no es un tema novedoso; sin embargo, est\u00e1 causando miedo e incertidumbre en la sociedad, pues se cree que podr\u00eda salirse de control.<br \/>\nDentro de las actividades cotidianas, las personas se encuentran familiarizadas con la \u201cinteligencia especial\u201d, pues son aquellas m\u00e1quinas que resuelven tareas concretas que pueden llegar a equivocarse, pero existe la idea colectiva de que una \u201csuperinteligencia\u201d puede superar al raciocinio humano, sin tomar en cuenta un detalle importante: \u201cTodas las herramientas consideradas como inteligencia artificial est\u00e1n ligadas y fueron creadas por el pensamiento humano de personas expertas en sistemas y de las y los programadores que las dise\u00f1an\u201d.<br \/>\nEs por ello que Casta\u00f1eda D\u00edaz considera que el uso adecuado a estos instrumentos se basa en la \u00e9tica, pues dentro de la educaci\u00f3n, tanto docentes como el estudiantado, hacen uso de la inteligencia artificial para ahorrar tiempo o resolver tareas; sin embargo, es necesario establecer un l\u00edmite razonable para que estas herramientas no logren sustituir un pensamiento propio.<br \/>\nLa ponente indic\u00f3 que estas herramientas no podr\u00e1n sustituir a un cerebro humano porque la formaci\u00f3n de las y los estudiantes tambi\u00e9n implica comprender la autonom\u00eda propia y de las personas con las que nos relacionamos, adem\u00e1s de otras habilidades necesarias para el desarrollo: \u201cSe trata de ense\u00f1arles a colaborar, a comunicar, c\u00f3mo ser resilientes, proactivos y emp\u00e1ticos, c\u00f3mo trabajar en equipo, cosas que no ense\u00f1an las m\u00e1quinas, sino que est\u00e1n en nosotros\u201d, recalc\u00f3.<br \/>\nPor \u00faltimo, Casta\u00f1eda D\u00edaz invit\u00f3 al equipo acad\u00e9mico a hacer uso de las herramientas tecnol\u00f3gicas, pero cuidando que no sustituyan sus capacidades, pues siempre haremos uso de ellas, pero se necesita priorizar al ser humano, su responsabilidad moral y, sobre todo, su capacidad de mantener el control de los instrumentos \u00fatiles en la vida cotidiana.<br \/>\nAl acto tambi\u00e9n asistieron Erick Vieyra M\u00e9ndez, director del Plantel \u201cNezahualc\u00f3yotl\u201d de la Escuela Preparatoria; Humberto Thom\u00e9 Ortiz, director del ICAR; y Mar\u00eda Teresa Escamilla Cruz, subdirectora acad\u00e9mica de la Preparatoria 7 \u201cDr. Oscar Vela Cant\u00fa\u201d (UANL).<\/p>\n","protected":false},"excerpt":{"rendered":"<p>La directora de Estudios de Nivel Medio Superior, Eva Lilia Garc\u00eda Escobar, mencion\u00f3 que compartir experiencias, a trav\u00e9s de estas actividades, permite guiar de manera informada al alumnado sobre temas actuales. \ud83d\udfe2\ud83d\udfe1 Toluca, M\u00e9xico, 20 de diciembre de 2023. Se inaugur\u00f3 el Primer Foro Web \u201cDid\u00e1ctica e Innovaci\u00f3n, Fundamentos y Demostraci\u00f3n\u201d, que reuni\u00f3, en colaboraci\u00f3n, [&hellip;]<\/p>\n","protected":false},"author":3,"featured_media":67315,"comment_status":"open","ping_status":"open","sticky":false,"template":"","format":"standard","meta":{"footnotes":""},"categories":[9148,16],"tags":[31298,31299,31300,31296,31295,31297],"class_list":{"0":"post-67314","1":"post","2":"type-post","3":"status-publish","4":"format-standard","5":"has-post-thumbnail","7":"category-educacion","8":"category-foto","9":"tag-cenia-de-la-garza-salinas","10":"tag-estudios-de-nivel-medio-superior","11":"tag-eva-lilia-garcia-escobar","12":"tag-intercambio-uaemex-uanl","13":"tag-primer-foro-web-didactica-e-innovacion","14":"tag-uso-de-inteligencia-artificial"},"wps_subtitle":"","_links":{"self":[{"href":"https:\/\/www.porlalibreedomex.com\/index.php?rest_route=\/wp\/v2\/posts\/67314","targetHints":{"allow":["GET"]}}],"collection":[{"href":"https:\/\/www.porlalibreedomex.com\/index.php?rest_route=\/wp\/v2\/posts"}],"about":[{"href":"https:\/\/www.porlalibreedomex.com\/index.php?rest_route=\/wp\/v2\/types\/post"}],"author":[{"embeddable":true,"href":"https:\/\/www.porlalibreedomex.com\/index.php?rest_route=\/wp\/v2\/users\/3"}],"replies":[{"embeddable":true,"href":"https:\/\/www.porlalibreedomex.com\/index.php?rest_route=%2Fwp%2Fv2%2Fcomments&post=67314"}],"version-history":[{"count":1,"href":"https:\/\/www.porlalibreedomex.com\/index.php?rest_route=\/wp\/v2\/posts\/67314\/revisions"}],"predecessor-version":[{"id":67317,"href":"https:\/\/www.porlalibreedomex.com\/index.php?rest_route=\/wp\/v2\/posts\/67314\/revisions\/67317"}],"wp:featuredmedia":[{"embeddable":true,"href":"https:\/\/www.porlalibreedomex.com\/index.php?rest_route=\/wp\/v2\/media\/67315"}],"wp:attachment":[{"href":"https:\/\/www.porlalibreedomex.com\/index.php?rest_route=%2Fwp%2Fv2%2Fmedia&parent=67314"}],"wp:term":[{"taxonomy":"category","embeddable":true,"href":"https:\/\/www.porlalibreedomex.com\/index.php?rest_route=%2Fwp%2Fv2%2Fcategories&post=67314"},{"taxonomy":"post_tag","embeddable":true,"href":"https:\/\/www.porlalibreedomex.com\/index.php?rest_route=%2Fwp%2Fv2%2Ftags&post=67314"}],"curies":[{"name":"wp","href":"https:\/\/api.w.org\/{rel}","templated":true}]}}