{"id":67284,"date":"2023-12-19T02:00:42","date_gmt":"2023-12-19T08:00:42","guid":{"rendered":"https:\/\/porlalibreedomex.com\/?p=67284"},"modified":"2023-12-19T02:01:20","modified_gmt":"2023-12-19T08:01:20","slug":"mal-arranque-del-tren-maya-maullidos-urbanos","status":"publish","type":"post","link":"https:\/\/www.porlalibreedomex.com\/?p=67284","title":{"rendered":"Mal arranque del Tren Maya \/ Maullidos Urbanos"},"content":{"rendered":"<p>&nbsp;<\/p>\n<p align=\"right\"><strong><a href=\"mailto:gatodebarrio@yahoo.com.mx\" target=\"_blank\" rel=\"nofollow noopener\"><i>gatodebarrio@yahoo.com.mx \/<\/i><\/a><\/strong><i><\/i><\/p>\n<p>A pesar del derroche de optimismo del presidente Andr\u00e9s Manuel L\u00f3pez Obrador con el inicio de operaciones del Tren Maya, bueno, del primer tramo que corre entre Campeche y Canc\u00fan, en su primer d\u00eda de operaciones \u201cnormales\u201d, se registraron diversos incidentes que \u201cmancharon\u201d el arranque de una de las obras insignia del actual gobierno federal.<\/p>\n<p>Las quejas de quienes usaron ese tren son m\u00faltiples, van desde cuestiones que pese a calificarse como incidentes menores y quiz\u00e1 intrascendentes, como la carta del men\u00fa con m\u00faltiples errores ortogr\u00e1ficos, pasando por problemas de aire acondicionado y falta de suficientes bocadillos para la demanda de los usuarios, hasta el hecho de registrarse un retraso de cuatro horas, debido a que el sistema de cambio de v\u00edas no est\u00e1 automatizado.<\/p>\n<p>Fueron diversas las inconformidades de los usuarios. Por ejemplo, lo caro de las botanas y bocadillos: Caf\u00e9 americano, 108 pesos; refresco de 235 mililitros, 43 pesos; leche de chocolate, 28 pesos; jugo, 36 pesos; t\u00e9 o tizana, 108 pesos; tequila, 110 pesos; whisky, 95 pesos; mezcal, 96 pesos; cerveza de lata, 50 pesos; chocolates, 60 pesos; mazap\u00e1n, 35 pesos; gomitas, 35 pesos; hojuelas cubiertas con chocolate, 35 pesos; y frituras, 27 pesos.<\/p>\n<p>Pero eso no fue lo m\u00e1s caro: si bien el costo en este primer tramo es en clase turista de mil 166 pesos y en clase premier de mil 862 pesos, llegar a las estaciones en Campeche y en Canc\u00fan puede resultar m\u00e1s caro, debido a que no se encuentran cerca de zonas tur\u00edsticas, y faltan opciones de transporte adecuadas para los m\u00e1s de 200 pasajeros que pueden viajar en una corrida, adem\u00e1s de que no hay tarifas fijas para los traslados.<\/p>\n<p>En Campeche se estableci\u00f3 un servicio de autobuses por 50 pesos por persona con destino al centro, y en Canc\u00fan el Tren Maya puso a disposici\u00f3n de los usuarios un servicio de traslado gratuito al aeropuerto, adem\u00e1s la empresa ADO tambi\u00e9n ofreci\u00f3 servicios de autob\u00fas por 120 pesos a la zona hotelera, pero resultaron insuficientes para la demanda. As\u00ed, un trayecto menor a 10 kil\u00f3metros puede costar a un viajero entre 800 y mil 700 pesos si se contrata el servicio de transportaci\u00f3n desde algunas de las cuatro terminales de Canc\u00fan.<\/p>\n<p>Adem\u00e1s de que las estaciones intermedias aun no est\u00e1n terminadas, en las pocas que ya operan no existen tiendas de ning\u00fan tipo. El d\u00eda de la inauguraci\u00f3n en Campeche hab\u00eda algunas, pero solo eran escenograf\u00eda ya que una vez terminado el acto inaugural fueron desmontadas y los locales quedaron vac\u00edos. En fin, estos solo fueron parte de las quejas e inconformidades de los primeros usuarios del Tren Maya.<\/p>\n<p>Sin embargo, el presidente L\u00f3pez Obrador ya se defendi\u00f3 en la ma\u00f1anera de este lunes y sin reconocer abiertamente las fallas,\u00a0defendi\u00f3 su mega proyecto y pidi\u00f3 paciencia; asegur\u00f3 que poco a poco ir\u00e1 mejorando. Dijo: \u201cAh\u00ed est\u00e1n ahora con lo del Tren Maya, enojad\u00edsimos que no tiene clima, pero van hasta con chamarra. Dicen que es muy aburrido\u2026. Van dormidos. Una de las cosas buenas que tienen los trenes es que a diferencia del avi\u00f3n o el autob\u00fas y se relaja; va uno relajado, relajado, relajado.\u201d<\/p>\n<p>En fin, ya est\u00e1 programado que el pr\u00f3ximo 31 de diciembre sea inaugurado el segundo tramo, que correr\u00e1 desde Canc\u00fan a Palenque, Chiapas, mientras el resto de los otros cinco tramos se espera ya funcionen en febrero de 2024, seg\u00fan la promesa de L\u00f3pez Obrador, solo falta ver si en las mismas condiciones que el primer tramo o con mayores avances en sus terminados.<\/p>\n","protected":false},"excerpt":{"rendered":"<p>&nbsp; gatodebarrio@yahoo.com.mx \/ A pesar del derroche de optimismo del presidente Andr\u00e9s Manuel L\u00f3pez Obrador con el inicio de operaciones del Tren Maya, bueno, del primer tramo que corre entre Campeche y Canc\u00fan, en su primer d\u00eda de operaciones \u201cnormales\u201d, se registraron diversos incidentes que \u201cmancharon\u201d el arranque de una de las obras insignia del [&hellip;]<\/p>\n","protected":false},"author":3,"featured_media":67285,"comment_status":"open","ping_status":"open","sticky":false,"template":"","format":"standard","meta":{"footnotes":""},"categories":[23,12273,16],"tags":[31276,6315,11389,31277],"class_list":{"0":"post-67284","1":"post","2":"type-post","3":"status-publish","4":"format-standard","5":"has-post-thumbnail","7":"category-columna","8":"category-comunicaciones-y-transportes","9":"category-foto","10":"tag-el-tren-maya-otra-pifia-de-amlo","11":"tag-gato-de-barrio","12":"tag-maullidos-urbanos","13":"tag-tren-maya-sin-rutas-alimentadoras"},"wps_subtitle":"","_links":{"self":[{"href":"https:\/\/www.porlalibreedomex.com\/index.php?rest_route=\/wp\/v2\/posts\/67284","targetHints":{"allow":["GET"]}}],"collection":[{"href":"https:\/\/www.porlalibreedomex.com\/index.php?rest_route=\/wp\/v2\/posts"}],"about":[{"href":"https:\/\/www.porlalibreedomex.com\/index.php?rest_route=\/wp\/v2\/types\/post"}],"author":[{"embeddable":true,"href":"https:\/\/www.porlalibreedomex.com\/index.php?rest_route=\/wp\/v2\/users\/3"}],"replies":[{"embeddable":true,"href":"https:\/\/www.porlalibreedomex.com\/index.php?rest_route=%2Fwp%2Fv2%2Fcomments&post=67284"}],"version-history":[{"count":2,"href":"https:\/\/www.porlalibreedomex.com\/index.php?rest_route=\/wp\/v2\/posts\/67284\/revisions"}],"predecessor-version":[{"id":67287,"href":"https:\/\/www.porlalibreedomex.com\/index.php?rest_route=\/wp\/v2\/posts\/67284\/revisions\/67287"}],"wp:featuredmedia":[{"embeddable":true,"href":"https:\/\/www.porlalibreedomex.com\/index.php?rest_route=\/wp\/v2\/media\/67285"}],"wp:attachment":[{"href":"https:\/\/www.porlalibreedomex.com\/index.php?rest_route=%2Fwp%2Fv2%2Fmedia&parent=67284"}],"wp:term":[{"taxonomy":"category","embeddable":true,"href":"https:\/\/www.porlalibreedomex.com\/index.php?rest_route=%2Fwp%2Fv2%2Fcategories&post=67284"},{"taxonomy":"post_tag","embeddable":true,"href":"https:\/\/www.porlalibreedomex.com\/index.php?rest_route=%2Fwp%2Fv2%2Ftags&post=67284"}],"curies":[{"name":"wp","href":"https:\/\/api.w.org\/{rel}","templated":true}]}}