{"id":66721,"date":"2023-10-28T02:56:53","date_gmt":"2023-10-28T08:56:53","guid":{"rendered":"https:\/\/porlalibreedomex.com\/?p=66721"},"modified":"2023-10-29T02:57:49","modified_gmt":"2023-10-29T08:57:49","slug":"inaugura-fernando-flores-ofrenda-monumental-en-la-escalinata-del-calvario-de-metepec","status":"publish","type":"post","link":"https:\/\/www.porlalibreedomex.com\/?p=66721","title":{"rendered":"INAUGURA FERNANDO FLORES OFRENDA MONUMENTAL EN LA ESCALINATA DEL CALVARIO DE METEPEC"},"content":{"rendered":"<p>&nbsp;<\/p>\n<ul>\n<li><em><strong>El alcalde de Metepec, Fernando Flores, inaugur\u00f3 la Ofrenda en la escalinata del Calvario.<\/strong><\/em><\/li>\n<li><em><strong>La conservaci\u00f3n de las tradiciones populares es una constante en este Pueblo M\u00e1gico.<\/strong><\/em><\/li>\n<li><em><strong>Miles de personas se dieron cita la noche de este s\u00e1bado para presenciar la inauguraci\u00f3n.<\/strong><\/em><\/li>\n<\/ul>\n<p>Arte Gr\u00e1fico: Alejandro Ganem<\/p>\n<p><strong>Metepec, M\u00e9xico, 28 de octubre de 2023.-<\/strong> Sabedores de que con Fernando Flores, Presidente Municipal de este Pueblo M\u00e1gico, se impulsan y se respetan las tradiciones populares, miles de \u00abciudadanos gobernando\u00bb se dieron cita en la escalinata del Calvario para presenciar la inauguraci\u00f3n de la Ofrenda Monumental colocada con motivo de las festividades de los D\u00edas de Muertos, que fue todo un espect\u00e1culo.<\/p>\n<p><a href=\"http:\/\/porlalibreedomex.com\/wp-content\/uploads\/2023\/10\/La-iglesia-del-Calvario-en-el-Pueblo-Magico-de-Metepec-en-la-inauguracion-de-la-Ofrenda-Monumental.jpeg\"><img loading=\"lazy\" decoding=\"async\" class=\"aligncenter size-large wp-image-66722\" src=\"http:\/\/porlalibreedomex.com\/wp-content\/uploads\/2023\/10\/La-iglesia-del-Calvario-en-el-Pueblo-Magico-de-Metepec-en-la-inauguracion-de-la-Ofrenda-Monumental-1024x460.jpeg\" alt=\"\" width=\"800\" height=\"359\" srcset=\"https:\/\/www.porlalibreedomex.com\/wp-content\/uploads\/2023\/10\/La-iglesia-del-Calvario-en-el-Pueblo-Magico-de-Metepec-en-la-inauguracion-de-la-Ofrenda-Monumental-1024x460.jpeg 1024w, https:\/\/www.porlalibreedomex.com\/wp-content\/uploads\/2023\/10\/La-iglesia-del-Calvario-en-el-Pueblo-Magico-de-Metepec-en-la-inauguracion-de-la-Ofrenda-Monumental-300x135.jpeg 300w, https:\/\/www.porlalibreedomex.com\/wp-content\/uploads\/2023\/10\/La-iglesia-del-Calvario-en-el-Pueblo-Magico-de-Metepec-en-la-inauguracion-de-la-Ofrenda-Monumental-768x345.jpeg 768w, https:\/\/www.porlalibreedomex.com\/wp-content\/uploads\/2023\/10\/La-iglesia-del-Calvario-en-el-Pueblo-Magico-de-Metepec-en-la-inauguracion-de-la-Ofrenda-Monumental-1536x690.jpeg 1536w, https:\/\/www.porlalibreedomex.com\/wp-content\/uploads\/2023\/10\/La-iglesia-del-Calvario-en-el-Pueblo-Magico-de-Metepec-en-la-inauguracion-de-la-Ofrenda-Monumental.jpeg 1600w\" sizes=\"auto, (max-width: 800px) 100vw, 800px\" \/><\/a><\/p>\n<p>Con la presencia del cuerpo edilicio del Ayuntamiento de Metepec, encabezados por el alcalde, se desarroll\u00f3 un espect\u00e1culo que al mismo tiempo de constituir un elemento de conservaci\u00f3n de las tradiciones y la cultura ancestral, se inaugur\u00f3 la ofrenda que incluye los elementos que la misma gente utiliza en las ofrendas que pone en sus casas para recordar y esperar a los Fieles Difuntos en estas fechas; d\u00eda uno de noviembre, los \u00abmuertos Chiquitos\u00bb; d\u00eda dos de noviembre, los \u00abMuertos Grndes\u00bb. Se incluyen los alimentos y bebidas que le m\u00e1s le gustaban a los difuntos en esta vida.<\/p>\n<div style=\"width: 480px;\" class=\"wp-video\"><video class=\"wp-video-shortcode\" id=\"video-66721-1\" width=\"480\" height=\"864\" preload=\"metadata\" controls=\"controls\"><source type=\"video\/mp4\" src=\"http:\/\/porlalibreedomex.com\/wp-content\/uploads\/2023\/10\/Inaugura-el-Alcalde-de-Metepec-Fernando-Flores-Fernandez-la-Ofrenda-Monumental-de-Muertos-en-la-escalinata-del-Calvario.mp4?_=1\" \/><a href=\"http:\/\/porlalibreedomex.com\/wp-content\/uploads\/2023\/10\/Inaugura-el-Alcalde-de-Metepec-Fernando-Flores-Fernandez-la-Ofrenda-Monumental-de-Muertos-en-la-escalinata-del-Calvario.mp4\">http:\/\/porlalibreedomex.com\/wp-content\/uploads\/2023\/10\/Inaugura-el-Alcalde-de-Metepec-Fernando-Flores-Fernandez-la-Ofrenda-Monumental-de-Muertos-en-la-escalinata-del-Calvario.mp4<\/a><\/video><\/div>\n<p>&nbsp;<\/p>\n<p>No faltan el mole, carne, frutas, y sus bebidas favoritas. Siempre debe haber agua para calmar la sed despu\u00e9s de un largo viaje, y claro, se incluyen las bebidas alcoh\u00f3licas favoritas de difuntos y difuntas: no falta la cerveza, el tequila, un brandy, ron, pulque, tequila, y por qu\u00e9 no?, en ocasiones tambi\u00e9n est\u00e1n en la ofrenda el vodka, whisky y cognac.<\/p>\n<p>Esta Ofrenda Monumental es al mismo tiempo un atractivo y un pretexto para venir a \u00abMetepequear\u00bb, o sea, a pasear y disfrutar del Pueblo M\u00e1gico de Metepec, con amigos, con la familia, con la pareja o con quien gustes, sabiendo que adem\u00e1s del ambiente tranquilo,\u00a0 hay mucho que ver, adem\u00b4s de los restaurantes y bares que siempre reciben a los visitantes con los brazos abiertos.<\/p>\n<p><a href=\"http:\/\/porlalibreedomex.com\/wp-content\/uploads\/2023\/10\/Todo-un-espectaculo-la-inauguracion-de-la-Ofrenda-Monumental-de-Metepec.jpeg\"><img loading=\"lazy\" decoding=\"async\" class=\"aligncenter size-large wp-image-66724\" src=\"http:\/\/porlalibreedomex.com\/wp-content\/uploads\/2023\/10\/Todo-un-espectaculo-la-inauguracion-de-la-Ofrenda-Monumental-de-Metepec-460x1024.jpeg\" alt=\"\" width=\"460\" height=\"1024\" srcset=\"https:\/\/www.porlalibreedomex.com\/wp-content\/uploads\/2023\/10\/Todo-un-espectaculo-la-inauguracion-de-la-Ofrenda-Monumental-de-Metepec-460x1024.jpeg 460w, https:\/\/www.porlalibreedomex.com\/wp-content\/uploads\/2023\/10\/Todo-un-espectaculo-la-inauguracion-de-la-Ofrenda-Monumental-de-Metepec-135x300.jpeg 135w, https:\/\/www.porlalibreedomex.com\/wp-content\/uploads\/2023\/10\/Todo-un-espectaculo-la-inauguracion-de-la-Ofrenda-Monumental-de-Metepec-690x1536.jpeg 690w, https:\/\/www.porlalibreedomex.com\/wp-content\/uploads\/2023\/10\/Todo-un-espectaculo-la-inauguracion-de-la-Ofrenda-Monumental-de-Metepec.jpeg 719w\" sizes=\"auto, (max-width: 460px) 100vw, 460px\" \/><\/a><\/p>\n","protected":false},"excerpt":{"rendered":"<p>&nbsp; El alcalde de Metepec, Fernando Flores, inaugur\u00f3 la Ofrenda en la escalinata del Calvario. La conservaci\u00f3n de las tradiciones populares es una constante en este Pueblo M\u00e1gico. Miles de personas se dieron cita la noche de este s\u00e1bado para presenciar la inauguraci\u00f3n. Arte Gr\u00e1fico: Alejandro Ganem Metepec, M\u00e9xico, 28 de octubre de 2023.- Sabedores [&hellip;]<\/p>\n","protected":false},"author":3,"featured_media":66722,"comment_status":"open","ping_status":"open","sticky":false,"template":"","format":"standard","meta":{"footnotes":""},"categories":[9157,16,9147],"tags":[30980,30983,30982,30984,30981,7868],"class_list":{"0":"post-66721","1":"post","2":"type-post","3":"status-publish","4":"format-standard","5":"has-post-thumbnail","7":"category-edomex","8":"category-foto","9":"category-turismo","10":"tag-alcalde-fernando-flores","11":"tag-atractivo-turistico-y-cultural","12":"tag-ciudadanos-gobernando","13":"tag-fuegos-artificiales-metepec","14":"tag-ofrenda-en-la-escalinata-del-calvario","15":"tag-ofrenda-monumental-en-metepec"},"wps_subtitle":"OTRO BUEN MOTIVO PARA \"METEPEQUEAR\" ESTE FIN DE SEMANA Y EN EL PUENTE DE MUERTOS","_links":{"self":[{"href":"https:\/\/www.porlalibreedomex.com\/index.php?rest_route=\/wp\/v2\/posts\/66721","targetHints":{"allow":["GET"]}}],"collection":[{"href":"https:\/\/www.porlalibreedomex.com\/index.php?rest_route=\/wp\/v2\/posts"}],"about":[{"href":"https:\/\/www.porlalibreedomex.com\/index.php?rest_route=\/wp\/v2\/types\/post"}],"author":[{"embeddable":true,"href":"https:\/\/www.porlalibreedomex.com\/index.php?rest_route=\/wp\/v2\/users\/3"}],"replies":[{"embeddable":true,"href":"https:\/\/www.porlalibreedomex.com\/index.php?rest_route=%2Fwp%2Fv2%2Fcomments&post=66721"}],"version-history":[{"count":1,"href":"https:\/\/www.porlalibreedomex.com\/index.php?rest_route=\/wp\/v2\/posts\/66721\/revisions"}],"predecessor-version":[{"id":66726,"href":"https:\/\/www.porlalibreedomex.com\/index.php?rest_route=\/wp\/v2\/posts\/66721\/revisions\/66726"}],"wp:featuredmedia":[{"embeddable":true,"href":"https:\/\/www.porlalibreedomex.com\/index.php?rest_route=\/wp\/v2\/media\/66722"}],"wp:attachment":[{"href":"https:\/\/www.porlalibreedomex.com\/index.php?rest_route=%2Fwp%2Fv2%2Fmedia&parent=66721"}],"wp:term":[{"taxonomy":"category","embeddable":true,"href":"https:\/\/www.porlalibreedomex.com\/index.php?rest_route=%2Fwp%2Fv2%2Fcategories&post=66721"},{"taxonomy":"post_tag","embeddable":true,"href":"https:\/\/www.porlalibreedomex.com\/index.php?rest_route=%2Fwp%2Fv2%2Ftags&post=66721"}],"curies":[{"name":"wp","href":"https:\/\/api.w.org\/{rel}","templated":true}]}}