{"id":66506,"date":"2023-10-11T00:20:33","date_gmt":"2023-10-11T06:20:33","guid":{"rendered":"https:\/\/porlalibreedomex.com\/?p=66506"},"modified":"2023-10-12T00:21:35","modified_gmt":"2023-10-12T06:21:35","slug":"mujeres-en-la-ciencia-adelaida-rojas-garcia-investigadora-uaemex-analiza-la-violencia-de-genero-contra-las-mujeres-en-paises-de-america-latina","status":"publish","type":"post","link":"https:\/\/www.porlalibreedomex.com\/?p=66506","title":{"rendered":"Mujeres en la ciencia:\u00a0Adelaida Rojas Garc\u00eda, investigadora UAEM\u00e9x, analiza la violencia de g\u00e9nero contra las mujeres en pa\u00edses de Am\u00e9rica Latina\u00a0"},"content":{"rendered":"<p>&nbsp;<\/p>\n<ul>\n<li><strong><em>La acad\u00e9mica de la Facultad de Ciencias de la Conducta realiz\u00f3 un an\u00e1lisis longitudinal del feminicidio, desde la visi\u00f3n de tres pa\u00edses: M\u00e9xico, Per\u00fa y Ecuador, al identificar similitudes culturales, sociales, educativas y econ\u00f3micas.\u00a0\u00a0<\/em><\/strong><\/li>\n<\/ul>\n<ul>\n<li><strong><em>Detect\u00f3 que las mujeres de estos tres pa\u00edses se encuentran en situaciones vulnerables, lo cual las hace luchar por el respeto de sus derechos humanos.<\/em><\/strong><\/li>\n<\/ul>\n<p><strong>Toluca, M\u00e9xico, 11 de octubre de 2023. <\/strong>Con la inquietud de promover la prevenci\u00f3n del feminicidio y erradicar la violencia hacia las mujeres, Adelaida Rojas Garc\u00eda, investigadora de la Facultad de Ciencias de la Conducta de la Universidad Aut\u00f3noma del Estado de M\u00e9xico (UAEM\u00e9x), realiza un an\u00e1lisis longitudinal sobre el feminicidio y el impacto de la violencia hacia las mujeres en tres pa\u00edses: M\u00e9xico, Per\u00fa y Ecuador.<\/p>\n<p style=\"font-weight: 400;\">En estos tres pa\u00edses latinoamericanos, la investigadora detect\u00f3 que poseen similitudes culturales, sociales, educativas y econ\u00f3micas, adem\u00e1s de compartir que las mujeres se encuentran en situaciones vulnerables.<\/p>\n<p>Rojas Garc\u00eda propone la mejora y creaci\u00f3n de nuevas pol\u00edticas p\u00fablicas, a trav\u00e9s de reformas en su marco normativo, desde una perspectiva de g\u00e9nero y el respeto a los derechos humanos, adem\u00e1s de promover programas de ayuda con todas las herramientas cognitivas y psicol\u00f3gicas necesarias para las mujeres.<\/p>\n<figure id=\"attachment_66507\" aria-describedby=\"caption-attachment-66507\" style=\"width: 800px\" class=\"wp-caption aligncenter\"><a href=\"http:\/\/porlalibreedomex.com\/wp-content\/uploads\/2023\/10\/Adelaida-Rojas-Garcia-investigadora-UAEMex-encontro-similitudes-entre-Mexico-Peru-y-Ecuador-que-originan-violencia-de-genero-contra-ls-mujere-scaled.jpeg\"><img loading=\"lazy\" decoding=\"async\" class=\"size-large wp-image-66507\" src=\"http:\/\/porlalibreedomex.com\/wp-content\/uploads\/2023\/10\/Adelaida-Rojas-Garcia-investigadora-UAEMex-encontro-similitudes-entre-Mexico-Peru-y-Ecuador-que-originan-violencia-de-genero-contra-ls-mujere-1024x683.jpeg\" alt=\"\" width=\"800\" height=\"534\" srcset=\"https:\/\/www.porlalibreedomex.com\/wp-content\/uploads\/2023\/10\/Adelaida-Rojas-Garcia-investigadora-UAEMex-encontro-similitudes-entre-Mexico-Peru-y-Ecuador-que-originan-violencia-de-genero-contra-ls-mujere-1024x683.jpeg 1024w, https:\/\/www.porlalibreedomex.com\/wp-content\/uploads\/2023\/10\/Adelaida-Rojas-Garcia-investigadora-UAEMex-encontro-similitudes-entre-Mexico-Peru-y-Ecuador-que-originan-violencia-de-genero-contra-ls-mujere-300x200.jpeg 300w, https:\/\/www.porlalibreedomex.com\/wp-content\/uploads\/2023\/10\/Adelaida-Rojas-Garcia-investigadora-UAEMex-encontro-similitudes-entre-Mexico-Peru-y-Ecuador-que-originan-violencia-de-genero-contra-ls-mujere-768x512.jpeg 768w, https:\/\/www.porlalibreedomex.com\/wp-content\/uploads\/2023\/10\/Adelaida-Rojas-Garcia-investigadora-UAEMex-encontro-similitudes-entre-Mexico-Peru-y-Ecuador-que-originan-violencia-de-genero-contra-ls-mujere-1536x1024.jpeg 1536w, https:\/\/www.porlalibreedomex.com\/wp-content\/uploads\/2023\/10\/Adelaida-Rojas-Garcia-investigadora-UAEMex-encontro-similitudes-entre-Mexico-Peru-y-Ecuador-que-originan-violencia-de-genero-contra-ls-mujere-2048x1365.jpeg 2048w\" sizes=\"auto, (max-width: 800px) 100vw, 800px\" \/><\/a><figcaption id=\"caption-attachment-66507\" class=\"wp-caption-text\">Adelaida Rojas Garc\u00eda, investigadora UAEM\u00e9x, encontr\u00f3 similitudes entre M\u00e9xico, Per\u00fa y Ecuador, que originan violencia de g\u00e9nero contra ls mujeres.<\/figcaption><\/figure>\n<p style=\"font-weight: 400;\">La violencia de g\u00e9nero, dijo, representa una ruptura del estado de Derecho, donde las mujeres viven con la sensaci\u00f3n de desprotecci\u00f3n y se pide, en consecuencia, la procuraci\u00f3n de seguridad y justicia, donde las autoridades puedan atender las denuncias de manera r\u00e1pida y oportuna.\u00a0Si bien, pa\u00edses como M\u00e9xico tienen un avance importante en la materia, en comparaci\u00f3n con Per\u00fa y Ecuador, que tambi\u00e9n poseen alertas de violencia de g\u00e9nero y se tipifican cr\u00edmenes como el \u201cfeminicidio\u201d; subray\u00f3, que es necesario atenderlos con mayor eficacia con la intenci\u00f3n de prevenir e identificar las principales se\u00f1ales de alerta.<\/p>\n<figure id=\"attachment_66508\" aria-describedby=\"caption-attachment-66508\" style=\"width: 800px\" class=\"wp-caption aligncenter\"><a href=\"http:\/\/porlalibreedomex.com\/wp-content\/uploads\/2023\/10\/La-existencia-de-una-cultura-machista-es-origen-de-violencia-ontra-las-mujeres-senala-la-investigadora-de-la-UAEMex-scaled.jpeg\"><img loading=\"lazy\" decoding=\"async\" class=\"size-large wp-image-66508\" src=\"http:\/\/porlalibreedomex.com\/wp-content\/uploads\/2023\/10\/La-existencia-de-una-cultura-machista-es-origen-de-violencia-ontra-las-mujeres-senala-la-investigadora-de-la-UAEMex-1024x683.jpeg\" alt=\"\" width=\"800\" height=\"534\" srcset=\"https:\/\/www.porlalibreedomex.com\/wp-content\/uploads\/2023\/10\/La-existencia-de-una-cultura-machista-es-origen-de-violencia-ontra-las-mujeres-senala-la-investigadora-de-la-UAEMex-1024x683.jpeg 1024w, https:\/\/www.porlalibreedomex.com\/wp-content\/uploads\/2023\/10\/La-existencia-de-una-cultura-machista-es-origen-de-violencia-ontra-las-mujeres-senala-la-investigadora-de-la-UAEMex-300x200.jpeg 300w, https:\/\/www.porlalibreedomex.com\/wp-content\/uploads\/2023\/10\/La-existencia-de-una-cultura-machista-es-origen-de-violencia-ontra-las-mujeres-senala-la-investigadora-de-la-UAEMex-768x512.jpeg 768w, https:\/\/www.porlalibreedomex.com\/wp-content\/uploads\/2023\/10\/La-existencia-de-una-cultura-machista-es-origen-de-violencia-ontra-las-mujeres-senala-la-investigadora-de-la-UAEMex-1536x1024.jpeg 1536w, https:\/\/www.porlalibreedomex.com\/wp-content\/uploads\/2023\/10\/La-existencia-de-una-cultura-machista-es-origen-de-violencia-ontra-las-mujeres-senala-la-investigadora-de-la-UAEMex-2048x1365.jpeg 2048w\" sizes=\"auto, (max-width: 800px) 100vw, 800px\" \/><\/a><figcaption id=\"caption-attachment-66508\" class=\"wp-caption-text\">La existencia de una cultura machista es origen de violencia ontra las mujeres, se\u00f1ala la investigadora de la UAEM\u00e9x.<\/figcaption><\/figure>\n<p style=\"font-weight: 400;\">Rojas Garc\u00eda hace hincapi\u00e9 en que<strong> los abusos generados hacia mujeres est\u00e1n relacionados con una cultura machista que afecta fuertemente a los pa\u00edses latinoamericanos. \u201cCuando se hace una denuncia normalmente la gente revictimiza a las mujeres, por su manera de vestir o por salir de noche, y a\u00fan vivimos comportamientos donde los hombres tienden a dictar las normas de trabajo dentro de un hogar o espacio determinado\u201d, resalt\u00f3.\u00a0<\/strong><\/p>\n<p>Tambi\u00e9n mencion\u00f3 que, previo al feminicidio, la mujer puede sufrir alg\u00fan otro tipo o modalidad de violencia, por ejemplo, la dom\u00e9stica, donde le es dif\u00edcil salir a denunciar o se sienten incapacitadas por miedo o diferentes factores psicosociales, por lo que es necesaria la ayuda psicol\u00f3gica y legal, a la que no siempre se tiene acceso. El feminicidio, dijo, afecta a mujeres de todos los niveles socioecon\u00f3micos y educativos.<\/p>\n<p>Dentro de esta investigaci\u00f3n, las integrantes de su Cuerpo Acad\u00e9mico realizaron un estudio que concluy\u00f3 en la formaci\u00f3n de perfiles victimarios de feminicidio, a partir del an\u00e1lisis psicopatol\u00f3gico de estos individuos.<\/p>\n<p style=\"font-weight: 400;\">Como resultado de su trabajo, se promueven programas que ayuden a las mujeres y se busca establecer leyes en la materia, adem\u00e1s de realizar un programa destinado a integrantes de educaci\u00f3n b\u00e1sica para ense\u00f1ar a las infancias sobre equidad de g\u00e9nero y la r\u00e1pida identificaci\u00f3n de riesgo ante el abuso y la violencia en sus diferentes modalidades.<\/p>\n<p><strong>Como mujer e investigadora, Adelaida Rojas considera que el principal paso para evitar ser v\u00edctimas de violencia de g\u00e9nero es conocer nuestros derechos humanos, ser conscientes de la importancia que tiene la dignidad de las mujeres, para lograr que, como ella, las futuras investigadoras busquen \u201chacer algo en defensa de nosotras mismas\u201d.\u00a0<\/strong><\/p>\n","protected":false},"excerpt":{"rendered":"<p>&nbsp; La acad\u00e9mica de la Facultad de Ciencias de la Conducta realiz\u00f3 un an\u00e1lisis longitudinal del feminicidio, desde la visi\u00f3n de tres pa\u00edses: M\u00e9xico, Per\u00fa y Ecuador, al identificar similitudes culturales, sociales, educativas y econ\u00f3micas.\u00a0\u00a0 Detect\u00f3 que las mujeres de estos tres pa\u00edses se encuentran en situaciones vulnerables, lo cual las hace luchar por el [&hellip;]<\/p>\n","protected":false},"author":3,"featured_media":66509,"comment_status":"open","ping_status":"open","sticky":false,"template":"","format":"standard","meta":{"footnotes":""},"categories":[9148,16],"tags":[30870,30872,30871,27173,30873],"class_list":{"0":"post-66506","1":"post","2":"type-post","3":"status-publish","4":"format-standard","5":"has-post-thumbnail","7":"category-educacion","8":"category-foto","9":"tag-adelaida-rojas-garcia","10":"tag-analisis-de-la-violencia-de-genero","11":"tag-investigadora-de-la-facico","12":"tag-investigadora-de-la-uaemex","13":"tag-similitudes-mexico-peru-y-ecuador"},"wps_subtitle":"","_links":{"self":[{"href":"https:\/\/www.porlalibreedomex.com\/index.php?rest_route=\/wp\/v2\/posts\/66506","targetHints":{"allow":["GET"]}}],"collection":[{"href":"https:\/\/www.porlalibreedomex.com\/index.php?rest_route=\/wp\/v2\/posts"}],"about":[{"href":"https:\/\/www.porlalibreedomex.com\/index.php?rest_route=\/wp\/v2\/types\/post"}],"author":[{"embeddable":true,"href":"https:\/\/www.porlalibreedomex.com\/index.php?rest_route=\/wp\/v2\/users\/3"}],"replies":[{"embeddable":true,"href":"https:\/\/www.porlalibreedomex.com\/index.php?rest_route=%2Fwp%2Fv2%2Fcomments&post=66506"}],"version-history":[{"count":2,"href":"https:\/\/www.porlalibreedomex.com\/index.php?rest_route=\/wp\/v2\/posts\/66506\/revisions"}],"predecessor-version":[{"id":66511,"href":"https:\/\/www.porlalibreedomex.com\/index.php?rest_route=\/wp\/v2\/posts\/66506\/revisions\/66511"}],"wp:featuredmedia":[{"embeddable":true,"href":"https:\/\/www.porlalibreedomex.com\/index.php?rest_route=\/wp\/v2\/media\/66509"}],"wp:attachment":[{"href":"https:\/\/www.porlalibreedomex.com\/index.php?rest_route=%2Fwp%2Fv2%2Fmedia&parent=66506"}],"wp:term":[{"taxonomy":"category","embeddable":true,"href":"https:\/\/www.porlalibreedomex.com\/index.php?rest_route=%2Fwp%2Fv2%2Fcategories&post=66506"},{"taxonomy":"post_tag","embeddable":true,"href":"https:\/\/www.porlalibreedomex.com\/index.php?rest_route=%2Fwp%2Fv2%2Ftags&post=66506"}],"curies":[{"name":"wp","href":"https:\/\/api.w.org\/{rel}","templated":true}]}}