{"id":66493,"date":"2023-10-10T03:51:25","date_gmt":"2023-10-10T09:51:25","guid":{"rendered":"https:\/\/porlalibreedomex.com\/?p=66493"},"modified":"2023-10-11T03:52:50","modified_gmt":"2023-10-11T09:52:50","slug":"miles-de-asistentes-se-congregan-en-los-espectaculos-de-quimera-2023-en-metepec","status":"publish","type":"post","link":"https:\/\/www.porlalibreedomex.com\/?p=66493","title":{"rendered":"MILES DE ASISTENTES SE CONGREGAN EN LOS ESPECT\u00c1CULOS DE QUIMERA 2023, EN METEPEC"},"content":{"rendered":"<p><strong>Fotograf\u00eda: Alejandro Ganem<\/strong><\/p>\n<ul>\n<li><strong>Gran \u00e9xito en la presentaci\u00f3n del espect\u00e1culo de Tango Jazz, del grupo Pat\u00e9 de Fua, en el marco del Festival QUIMERA 2023.<\/strong><\/li>\n<li><strong>Para este mi\u00e9rcoles se presentar\u00e1 BIG BAND JAZZ a las 21:00 horas tambi\u00e9n en el escenario de la Plaza Ju\u00e1rez, y a lo largo del d\u00eda habr\u00e1 m\u00e1s eventos de arte y cultura.\u00a0\u00a0<\/strong><\/li>\n<li><strong>El hecho de TODOS los espect\u00e1culos de QUIMERA 2023 sean gratuitos, agregan aractivo para disfrutarlos.<\/strong><\/li>\n<\/ul>\n<p><a href=\"http:\/\/porlalibreedomex.com\/wp-content\/uploads\/2023\/10\/Sensacional-presentacion-de-Pate-de-Fua-en-QUIMERA-2023-en-Metepec.jpg\"><img loading=\"lazy\" decoding=\"async\" class=\"aligncenter size-full wp-image-66499\" src=\"http:\/\/porlalibreedomex.com\/wp-content\/uploads\/2023\/10\/Sensacional-presentacion-de-Pate-de-Fua-en-QUIMERA-2023-en-Metepec.jpg\" alt=\"\" width=\"1599\" height=\"1066\" srcset=\"https:\/\/www.porlalibreedomex.com\/wp-content\/uploads\/2023\/10\/Sensacional-presentacion-de-Pate-de-Fua-en-QUIMERA-2023-en-Metepec.jpg 1599w, https:\/\/www.porlalibreedomex.com\/wp-content\/uploads\/2023\/10\/Sensacional-presentacion-de-Pate-de-Fua-en-QUIMERA-2023-en-Metepec-300x200.jpg 300w, https:\/\/www.porlalibreedomex.com\/wp-content\/uploads\/2023\/10\/Sensacional-presentacion-de-Pate-de-Fua-en-QUIMERA-2023-en-Metepec-1024x683.jpg 1024w, https:\/\/www.porlalibreedomex.com\/wp-content\/uploads\/2023\/10\/Sensacional-presentacion-de-Pate-de-Fua-en-QUIMERA-2023-en-Metepec-768x512.jpg 768w, https:\/\/www.porlalibreedomex.com\/wp-content\/uploads\/2023\/10\/Sensacional-presentacion-de-Pate-de-Fua-en-QUIMERA-2023-en-Metepec-1536x1024.jpg 1536w\" sizes=\"auto, (max-width: 1599px) 100vw, 1599px\" \/><\/a><\/p>\n<p>&nbsp;<\/p>\n<figure id=\"attachment_66494\" aria-describedby=\"caption-attachment-66494\" style=\"width: 1599px\" class=\"wp-caption aligncenter\"><a href=\"http:\/\/porlalibreedomex.com\/wp-content\/uploads\/2023\/10\/Gran-cantidad-de-asistentes-al-concierto-del-grupo-Pate-de-Fua-en-la-Plaza-Juarez-de-Metepec-en-el-marco-del-Festival-QUIMERA-33.jpg\"><img loading=\"lazy\" decoding=\"async\" class=\"size-full wp-image-66494\" src=\"http:\/\/porlalibreedomex.com\/wp-content\/uploads\/2023\/10\/Gran-cantidad-de-asistentes-al-concierto-del-grupo-Pate-de-Fua-en-la-Plaza-Juarez-de-Metepec-en-el-marco-del-Festival-QUIMERA-33.jpg\" alt=\"\" width=\"1599\" height=\"1066\" srcset=\"https:\/\/www.porlalibreedomex.com\/wp-content\/uploads\/2023\/10\/Gran-cantidad-de-asistentes-al-concierto-del-grupo-Pate-de-Fua-en-la-Plaza-Juarez-de-Metepec-en-el-marco-del-Festival-QUIMERA-33.jpg 1599w, https:\/\/www.porlalibreedomex.com\/wp-content\/uploads\/2023\/10\/Gran-cantidad-de-asistentes-al-concierto-del-grupo-Pate-de-Fua-en-la-Plaza-Juarez-de-Metepec-en-el-marco-del-Festival-QUIMERA-33-300x200.jpg 300w, https:\/\/www.porlalibreedomex.com\/wp-content\/uploads\/2023\/10\/Gran-cantidad-de-asistentes-al-concierto-del-grupo-Pate-de-Fua-en-la-Plaza-Juarez-de-Metepec-en-el-marco-del-Festival-QUIMERA-33-1024x683.jpg 1024w, https:\/\/www.porlalibreedomex.com\/wp-content\/uploads\/2023\/10\/Gran-cantidad-de-asistentes-al-concierto-del-grupo-Pate-de-Fua-en-la-Plaza-Juarez-de-Metepec-en-el-marco-del-Festival-QUIMERA-33-768x512.jpg 768w, https:\/\/www.porlalibreedomex.com\/wp-content\/uploads\/2023\/10\/Gran-cantidad-de-asistentes-al-concierto-del-grupo-Pate-de-Fua-en-la-Plaza-Juarez-de-Metepec-en-el-marco-del-Festival-QUIMERA-33-1536x1024.jpg 1536w\" sizes=\"auto, (max-width: 1599px) 100vw, 1599px\" \/><\/a><figcaption id=\"caption-attachment-66494\" class=\"wp-caption-text\">Gran cantidad de asistentes al concierto del grupo Pat\u00e9 de Fua, en la Plaza Ju\u00e1rez de Metepec, en el marco del Festival QUIMERA 33.<\/figcaption><\/figure>\n<p>&nbsp;<\/p>\n<figure id=\"attachment_66497\" aria-describedby=\"caption-attachment-66497\" style=\"width: 1599px\" class=\"wp-caption aligncenter\"><a href=\"http:\/\/porlalibreedomex.com\/wp-content\/uploads\/2023\/10\/La-magistral-ejecucion-de-los-integrantes-de-Pate-de-Fua-mantuvo-a-los-espectadores-coreando-sus-canciones.jpg\"><img loading=\"lazy\" decoding=\"async\" class=\"size-full wp-image-66497\" src=\"http:\/\/porlalibreedomex.com\/wp-content\/uploads\/2023\/10\/La-magistral-ejecucion-de-los-integrantes-de-Pate-de-Fua-mantuvo-a-los-espectadores-coreando-sus-canciones.jpg\" alt=\"\" width=\"1599\" height=\"1066\" srcset=\"https:\/\/www.porlalibreedomex.com\/wp-content\/uploads\/2023\/10\/La-magistral-ejecucion-de-los-integrantes-de-Pate-de-Fua-mantuvo-a-los-espectadores-coreando-sus-canciones.jpg 1599w, https:\/\/www.porlalibreedomex.com\/wp-content\/uploads\/2023\/10\/La-magistral-ejecucion-de-los-integrantes-de-Pate-de-Fua-mantuvo-a-los-espectadores-coreando-sus-canciones-300x200.jpg 300w, https:\/\/www.porlalibreedomex.com\/wp-content\/uploads\/2023\/10\/La-magistral-ejecucion-de-los-integrantes-de-Pate-de-Fua-mantuvo-a-los-espectadores-coreando-sus-canciones-1024x683.jpg 1024w, https:\/\/www.porlalibreedomex.com\/wp-content\/uploads\/2023\/10\/La-magistral-ejecucion-de-los-integrantes-de-Pate-de-Fua-mantuvo-a-los-espectadores-coreando-sus-canciones-768x512.jpg 768w, https:\/\/www.porlalibreedomex.com\/wp-content\/uploads\/2023\/10\/La-magistral-ejecucion-de-los-integrantes-de-Pate-de-Fua-mantuvo-a-los-espectadores-coreando-sus-canciones-1536x1024.jpg 1536w\" sizes=\"auto, (max-width: 1599px) 100vw, 1599px\" \/><\/a><figcaption id=\"caption-attachment-66497\" class=\"wp-caption-text\">La magistral ejecuci\u00f3n de los integrantes de Pat\u00e9 de Fua mantuvo a los espectadores coreando sus canciones.<\/figcaption><\/figure>\n<p>&nbsp;<\/p>\n<figure id=\"attachment_66498\" aria-describedby=\"caption-attachment-66498\" style=\"width: 1599px\" class=\"wp-caption aligncenter\"><a href=\"http:\/\/porlalibreedomex.com\/wp-content\/uploads\/2023\/10\/QUIMERA-2023-recupera-su-nivel-de-excelencia-y-refrenda-su-lugar-como-el-mejor-Festical-de-Arte-y-Cultura-del-Estado-de-Mexico.jpg\"><img loading=\"lazy\" decoding=\"async\" class=\"size-full wp-image-66498\" src=\"http:\/\/porlalibreedomex.com\/wp-content\/uploads\/2023\/10\/QUIMERA-2023-recupera-su-nivel-de-excelencia-y-refrenda-su-lugar-como-el-mejor-Festical-de-Arte-y-Cultura-del-Estado-de-Mexico.jpg\" alt=\"\" width=\"1599\" height=\"1066\" srcset=\"https:\/\/www.porlalibreedomex.com\/wp-content\/uploads\/2023\/10\/QUIMERA-2023-recupera-su-nivel-de-excelencia-y-refrenda-su-lugar-como-el-mejor-Festical-de-Arte-y-Cultura-del-Estado-de-Mexico.jpg 1599w, https:\/\/www.porlalibreedomex.com\/wp-content\/uploads\/2023\/10\/QUIMERA-2023-recupera-su-nivel-de-excelencia-y-refrenda-su-lugar-como-el-mejor-Festical-de-Arte-y-Cultura-del-Estado-de-Mexico-300x200.jpg 300w, https:\/\/www.porlalibreedomex.com\/wp-content\/uploads\/2023\/10\/QUIMERA-2023-recupera-su-nivel-de-excelencia-y-refrenda-su-lugar-como-el-mejor-Festical-de-Arte-y-Cultura-del-Estado-de-Mexico-1024x683.jpg 1024w, https:\/\/www.porlalibreedomex.com\/wp-content\/uploads\/2023\/10\/QUIMERA-2023-recupera-su-nivel-de-excelencia-y-refrenda-su-lugar-como-el-mejor-Festical-de-Arte-y-Cultura-del-Estado-de-Mexico-768x512.jpg 768w, https:\/\/www.porlalibreedomex.com\/wp-content\/uploads\/2023\/10\/QUIMERA-2023-recupera-su-nivel-de-excelencia-y-refrenda-su-lugar-como-el-mejor-Festical-de-Arte-y-Cultura-del-Estado-de-Mexico-1536x1024.jpg 1536w\" sizes=\"auto, (max-width: 1599px) 100vw, 1599px\" \/><\/a><figcaption id=\"caption-attachment-66498\" class=\"wp-caption-text\">QUIMERA 2023 recupera su nivel de excelencia, y refrenda su lugar como el mejor Festival de Arte y Cultura del Estado de M\u00e9xico.<\/figcaption><\/figure>\n<p>&nbsp;<\/p>\n<p><a href=\"http:\/\/porlalibreedomex.com\/wp-content\/uploads\/2023\/10\/En-el-quinto-dia-del-Festival-de-Arte-y-Cultura-QUIMERA-2023-los-integrantes-de-Pate-de-Fua-se-lucieron-en-la-Plaza-Juarez-del-Pueblo-Magico-de-Metepec.jpg\"><img loading=\"lazy\" decoding=\"async\" class=\"aligncenter size-full wp-image-66496\" src=\"http:\/\/porlalibreedomex.com\/wp-content\/uploads\/2023\/10\/En-el-quinto-dia-del-Festival-de-Arte-y-Cultura-QUIMERA-2023-los-integrantes-de-Pate-de-Fua-se-lucieron-en-la-Plaza-Juarez-del-Pueblo-Magico-de-Metepec.jpg\" alt=\"\" width=\"1599\" height=\"1066\" srcset=\"https:\/\/www.porlalibreedomex.com\/wp-content\/uploads\/2023\/10\/En-el-quinto-dia-del-Festival-de-Arte-y-Cultura-QUIMERA-2023-los-integrantes-de-Pate-de-Fua-se-lucieron-en-la-Plaza-Juarez-del-Pueblo-Magico-de-Metepec.jpg 1599w, https:\/\/www.porlalibreedomex.com\/wp-content\/uploads\/2023\/10\/En-el-quinto-dia-del-Festival-de-Arte-y-Cultura-QUIMERA-2023-los-integrantes-de-Pate-de-Fua-se-lucieron-en-la-Plaza-Juarez-del-Pueblo-Magico-de-Metepec-300x200.jpg 300w, https:\/\/www.porlalibreedomex.com\/wp-content\/uploads\/2023\/10\/En-el-quinto-dia-del-Festival-de-Arte-y-Cultura-QUIMERA-2023-los-integrantes-de-Pate-de-Fua-se-lucieron-en-la-Plaza-Juarez-del-Pueblo-Magico-de-Metepec-1024x683.jpg 1024w, https:\/\/www.porlalibreedomex.com\/wp-content\/uploads\/2023\/10\/En-el-quinto-dia-del-Festival-de-Arte-y-Cultura-QUIMERA-2023-los-integrantes-de-Pate-de-Fua-se-lucieron-en-la-Plaza-Juarez-del-Pueblo-Magico-de-Metepec-768x512.jpg 768w, https:\/\/www.porlalibreedomex.com\/wp-content\/uploads\/2023\/10\/En-el-quinto-dia-del-Festival-de-Arte-y-Cultura-QUIMERA-2023-los-integrantes-de-Pate-de-Fua-se-lucieron-en-la-Plaza-Juarez-del-Pueblo-Magico-de-Metepec-1536x1024.jpg 1536w\" sizes=\"auto, (max-width: 1599px) 100vw, 1599px\" \/><\/a><\/p>\n<p>&nbsp;<\/p>\n<p><a href=\"http:\/\/porlalibreedomex.com\/wp-content\/uploads\/2023\/10\/Pate-de-Fua-hizo-las-delicias-de-los-asistentes-a-su-concierto-de-Tango-Jazz-en-el-principal-escenario-de-QUIMERA-la-Plaza-Juarez-de-Metepec.jpg\"><img loading=\"lazy\" decoding=\"async\" class=\"aligncenter size-full wp-image-66495\" src=\"http:\/\/porlalibreedomex.com\/wp-content\/uploads\/2023\/10\/Pate-de-Fua-hizo-las-delicias-de-los-asistentes-a-su-concierto-de-Tango-Jazz-en-el-principal-escenario-de-QUIMERA-la-Plaza-Juarez-de-Metepec.jpg\" alt=\"\" width=\"1599\" height=\"1066\" srcset=\"https:\/\/www.porlalibreedomex.com\/wp-content\/uploads\/2023\/10\/Pate-de-Fua-hizo-las-delicias-de-los-asistentes-a-su-concierto-de-Tango-Jazz-en-el-principal-escenario-de-QUIMERA-la-Plaza-Juarez-de-Metepec.jpg 1599w, https:\/\/www.porlalibreedomex.com\/wp-content\/uploads\/2023\/10\/Pate-de-Fua-hizo-las-delicias-de-los-asistentes-a-su-concierto-de-Tango-Jazz-en-el-principal-escenario-de-QUIMERA-la-Plaza-Juarez-de-Metepec-300x200.jpg 300w, https:\/\/www.porlalibreedomex.com\/wp-content\/uploads\/2023\/10\/Pate-de-Fua-hizo-las-delicias-de-los-asistentes-a-su-concierto-de-Tango-Jazz-en-el-principal-escenario-de-QUIMERA-la-Plaza-Juarez-de-Metepec-1024x683.jpg 1024w, https:\/\/www.porlalibreedomex.com\/wp-content\/uploads\/2023\/10\/Pate-de-Fua-hizo-las-delicias-de-los-asistentes-a-su-concierto-de-Tango-Jazz-en-el-principal-escenario-de-QUIMERA-la-Plaza-Juarez-de-Metepec-768x512.jpg 768w, https:\/\/www.porlalibreedomex.com\/wp-content\/uploads\/2023\/10\/Pate-de-Fua-hizo-las-delicias-de-los-asistentes-a-su-concierto-de-Tango-Jazz-en-el-principal-escenario-de-QUIMERA-la-Plaza-Juarez-de-Metepec-1536x1024.jpg 1536w\" sizes=\"auto, (max-width: 1599px) 100vw, 1599px\" \/><\/a><\/p>\n<p>&nbsp;<\/p>\n<p>&nbsp;<\/p>\n<p>&nbsp;<\/p>\n","protected":false},"excerpt":{"rendered":"<p>Fotograf\u00eda: Alejandro Ganem Gran \u00e9xito en la presentaci\u00f3n del espect\u00e1culo de Tango Jazz, del grupo Pat\u00e9 de Fua, en el marco del Festival QUIMERA 2023. Para este mi\u00e9rcoles se presentar\u00e1 BIG BAND JAZZ a las 21:00 horas tambi\u00e9n en el escenario de la Plaza Ju\u00e1rez, y a lo largo del d\u00eda habr\u00e1 m\u00e1s eventos de [&hellip;]<\/p>\n","protected":false},"author":3,"featured_media":66495,"comment_status":"open","ping_status":"open","sticky":false,"template":"","format":"standard","meta":{"footnotes":""},"categories":[9873,9157,16],"tags":[30865,30866,22558,30867],"class_list":{"0":"post-66493","1":"post","2":"type-post","3":"status-publish","4":"format-standard","5":"has-post-thumbnail","7":"category-cultura","8":"category-edomex","9":"category-foto","10":"tag-festival-de-arte-y-cultura-quimera-2023","11":"tag-miles-de-asistentes","12":"tag-presentacion-de-pate-de-fua","13":"tag-todos-los-espectaculos-son-gratuitos"},"wps_subtitle":"Pat\u00e9 de Fua logr\u00f3 una asistencia de miles de seguidores de su m\u00fasica, en la Plaza Ju\u00e1rez, en Metepec, M\u00e9x.","_links":{"self":[{"href":"https:\/\/www.porlalibreedomex.com\/index.php?rest_route=\/wp\/v2\/posts\/66493","targetHints":{"allow":["GET"]}}],"collection":[{"href":"https:\/\/www.porlalibreedomex.com\/index.php?rest_route=\/wp\/v2\/posts"}],"about":[{"href":"https:\/\/www.porlalibreedomex.com\/index.php?rest_route=\/wp\/v2\/types\/post"}],"author":[{"embeddable":true,"href":"https:\/\/www.porlalibreedomex.com\/index.php?rest_route=\/wp\/v2\/users\/3"}],"replies":[{"embeddable":true,"href":"https:\/\/www.porlalibreedomex.com\/index.php?rest_route=%2Fwp%2Fv2%2Fcomments&post=66493"}],"version-history":[{"count":3,"href":"https:\/\/www.porlalibreedomex.com\/index.php?rest_route=\/wp\/v2\/posts\/66493\/revisions"}],"predecessor-version":[{"id":66502,"href":"https:\/\/www.porlalibreedomex.com\/index.php?rest_route=\/wp\/v2\/posts\/66493\/revisions\/66502"}],"wp:featuredmedia":[{"embeddable":true,"href":"https:\/\/www.porlalibreedomex.com\/index.php?rest_route=\/wp\/v2\/media\/66495"}],"wp:attachment":[{"href":"https:\/\/www.porlalibreedomex.com\/index.php?rest_route=%2Fwp%2Fv2%2Fmedia&parent=66493"}],"wp:term":[{"taxonomy":"category","embeddable":true,"href":"https:\/\/www.porlalibreedomex.com\/index.php?rest_route=%2Fwp%2Fv2%2Fcategories&post=66493"},{"taxonomy":"post_tag","embeddable":true,"href":"https:\/\/www.porlalibreedomex.com\/index.php?rest_route=%2Fwp%2Fv2%2Ftags&post=66493"}],"curies":[{"name":"wp","href":"https:\/\/api.w.org\/{rel}","templated":true}]}}