{"id":66476,"date":"2023-10-06T00:36:41","date_gmt":"2023-10-06T06:36:41","guid":{"rendered":"https:\/\/porlalibreedomex.com\/?p=66476"},"modified":"2023-10-10T00:38:15","modified_gmt":"2023-10-10T06:38:15","slug":"herminio-cahue-rinde-su-informe-de-actividades-y-continua-al-frente-del-suteym","status":"publish","type":"post","link":"https:\/\/www.porlalibreedomex.com\/?p=66476","title":{"rendered":"HERMINIO CAHUE RINDE SU INFORME DE ACTIVIDADES Y CONTIN\u00daA AL FRENTE DEL SUTEYM"},"content":{"rendered":"<hr \/>\n<p><strong>Zinacantepec, Estado de M\u00e9xico, 6 de octubre de 2023.<\/strong> En Asamblea Estatal Ordinaria del Sindicato \u00danico de Trabajadores de los Poderes, Municipios e Instituciones Descentralizadas del<br \/>\nEstado de M\u00e9xico (SUTEYM), Herminio Cahue Calder\u00f3n, secretario general de la<br \/>\norganizaci\u00f3n, present\u00f3 su octavo informe de actividades al frente del gremio.<br \/>\nCon base en los estatutos que rigen al sindicato, acudieron al llamado de su<br \/>\norganizaci\u00f3n delegados municipales y departamentales, secretarios seccionales,<br \/>\ncoordinadores y estructura del gremio. Con el cu\u00f3rum legal, Cahue Calder\u00f3n<br \/>\ndetall\u00f3 el estado que guarda el gremio y las acciones que ha realizado el Comit\u00e9<br \/>\nEjecutivo Estatal, a trav\u00e9s de las secretar\u00edas y centros que competen a la gesti\u00f3n<br \/>\nestatal.<br \/>\nEntre las actividades destac\u00f3 la conclusi\u00f3n de 3 proyectos : el equipamiento y<br \/>\npuesta en funcionamiento del Centro de Integraci\u00f3n Familiar para Servidores<br \/>\nP\u00fablicos Mexiquenses \u201cCIF\u201d; la construcci\u00f3n, equipamiento y funcionamiento de la<br \/>\nUnidad Deportiva del Servidor P\u00fablico Mexiquense; y la construcci\u00f3n y<br \/>\nequipamiento del Centro de Servicios Funerarios del SUTEYM para Servidores<br \/>\nP\u00fablicos Mexiquenses.<br \/>\n\u201cDesde el primer d\u00eda que me distinguieron con su confianza, el principal<br \/>\ncompromiso que asum\u00ed como Secretario General fue que juntos consolidar\u00edamos el<br \/>\nbienestar de todas y todos; defender\u00edamos cada una de las conquistas laborales<br \/>\nque se han conseguido a lo largo de nuestra historia. Hoy, en un balance objetivo,<br \/>\ncon sinceridad les puedo decir que lo hemos logrado, sin embargo, ustedes son los<br \/>\nmejores jueces y me someter\u00e9 a su escrutinio\u201d, expres\u00f3 el dirigente estatal.<br \/>\nHerminio Cahue manifest\u00f3 que el balance de su gesti\u00f3n sindical deja constancia de<br \/>\nun trabajo permanente y escrupuloso, de cercan\u00eda, de esfuerzos colectivos y de<br \/>\nrespeto hacia los interlocutores. En este sentido, agradeci\u00f3 a las autoridades que<br \/>\nofrecieron disposici\u00f3n y trato digno al gremio.<br \/>\n\u201cDesde aqu\u00ed nuestra gratitud a los titulares de los poderes del estado, presidentes<br \/>\nmunicipales, titulares de organismos descentralizados y funcionarios que, con gran<br \/>\nvisi\u00f3n y \u00e1nimo constructivo, han hecho posible una relaci\u00f3n estable, en la cual,<br \/>\ntodas y todos salimos ganando\u201d, dijo el secretario general.<br \/>\nLa asamblea tambi\u00e9n fue escenario para que Ren\u00e9 Palomares Parra, presidente de<br \/>\nla Comisi\u00f3n de Vigilancia e Investigaci\u00f3n, presentara su s\u00e9ptimo informe de<br \/>\nactividades. En \u00e9ste refiri\u00f3 los cambios de representaci\u00f3n que se han llevado a<br \/>\ncabo en toda la entidad y en todos los niveles.<\/p>\n<p>Ambos informes fueron aprobados por unanimidad por el \u00f3rgano elector. Los<br \/>\nasuntos abordados por la asamblea derivaron en el respaldo de la membres\u00eda para<br \/>\nque la gesti\u00f3n de Hermino Cahue Calder\u00f3n contin\u00fae por un periodo m\u00e1s. Cabe<br \/>\ndestacar que este acto cont\u00f3 con la presencia del notario Luis Gerardo de la Pe\u00f1a<br \/>\nGuti\u00e9rrez, para dar fe de lo acontecido.<\/p>\n","protected":false},"excerpt":{"rendered":"<p>Zinacantepec, Estado de M\u00e9xico, 6 de octubre de 2023. En Asamblea Estatal Ordinaria del Sindicato \u00danico de Trabajadores de los Poderes, Municipios e Instituciones Descentralizadas del Estado de M\u00e9xico (SUTEYM), Herminio Cahue Calder\u00f3n, secretario general de la organizaci\u00f3n, present\u00f3 su octavo informe de actividades al frente del gremio. Con base en los estatutos que rigen [&hellip;]<\/p>\n","protected":false},"author":3,"featured_media":54023,"comment_status":"open","ping_status":"open","sticky":false,"template":"","format":"standard","meta":{"footnotes":""},"categories":[9157,16],"tags":[6235,30852,30853,22642],"class_list":{"0":"post-66476","1":"post","2":"type-post","3":"status-publish","4":"format-standard","5":"has-post-thumbnail","7":"category-edomex","8":"category-foto","9":"tag-herminio-cahue-calderon","10":"tag-herminio-cahue-sigue-al-frente","11":"tag-informe-lider-del-suteym","12":"tag-suteym-herminio-cahue"},"wps_subtitle":"","_links":{"self":[{"href":"https:\/\/www.porlalibreedomex.com\/index.php?rest_route=\/wp\/v2\/posts\/66476","targetHints":{"allow":["GET"]}}],"collection":[{"href":"https:\/\/www.porlalibreedomex.com\/index.php?rest_route=\/wp\/v2\/posts"}],"about":[{"href":"https:\/\/www.porlalibreedomex.com\/index.php?rest_route=\/wp\/v2\/types\/post"}],"author":[{"embeddable":true,"href":"https:\/\/www.porlalibreedomex.com\/index.php?rest_route=\/wp\/v2\/users\/3"}],"replies":[{"embeddable":true,"href":"https:\/\/www.porlalibreedomex.com\/index.php?rest_route=%2Fwp%2Fv2%2Fcomments&post=66476"}],"version-history":[{"count":1,"href":"https:\/\/www.porlalibreedomex.com\/index.php?rest_route=\/wp\/v2\/posts\/66476\/revisions"}],"predecessor-version":[{"id":66477,"href":"https:\/\/www.porlalibreedomex.com\/index.php?rest_route=\/wp\/v2\/posts\/66476\/revisions\/66477"}],"wp:featuredmedia":[{"embeddable":true,"href":"https:\/\/www.porlalibreedomex.com\/index.php?rest_route=\/wp\/v2\/media\/54023"}],"wp:attachment":[{"href":"https:\/\/www.porlalibreedomex.com\/index.php?rest_route=%2Fwp%2Fv2%2Fmedia&parent=66476"}],"wp:term":[{"taxonomy":"category","embeddable":true,"href":"https:\/\/www.porlalibreedomex.com\/index.php?rest_route=%2Fwp%2Fv2%2Fcategories&post=66476"},{"taxonomy":"post_tag","embeddable":true,"href":"https:\/\/www.porlalibreedomex.com\/index.php?rest_route=%2Fwp%2Fv2%2Ftags&post=66476"}],"curies":[{"name":"wp","href":"https:\/\/api.w.org\/{rel}","templated":true}]}}