{"id":66439,"date":"2023-10-06T00:07:09","date_gmt":"2023-10-06T06:07:09","guid":{"rendered":"https:\/\/porlalibreedomex.com\/?p=66439"},"modified":"2023-10-07T00:07:53","modified_gmt":"2023-10-07T06:07:53","slug":"celebra-la-uaemex-el-dia-mundial-de-la-radio-universitaria","status":"publish","type":"post","link":"https:\/\/www.porlalibreedomex.com\/?p=66439","title":{"rendered":"Celebra la UAEM\u00e9x el D\u00eda Mundial de la Radio Universitaria\u00a0"},"content":{"rendered":"<ul style=\"font-weight: 400;\">\n<li><em>Como parte de las actividades de esta conmemoraci\u00f3n, se llev\u00f3 a cabo el Festival Universitario \u201cViva la Radio\u201d y una charla intergeneracional de las y los integrantes que han conformado H\u00edbrido Radio, espacio radiof\u00f3nico producido por el estudiantado desde hace 20 a\u00f1os.\u00a0<\/em><em>\u00a0<\/em><\/li>\n<\/ul>\n<p style=\"font-weight: 400;\"><strong>Toluca, M\u00e9xico, 6 de octubre de 2023. <\/strong>En el marco del D\u00eda Mundial de la Radio Universitaria, la Universidad Aut\u00f3noma del Estado de M\u00e9xico (UAEM\u00e9x) a trav\u00e9s de UniRadio 99.7 FM, H\u00edbrido Radio y el Centro Universitario de Producci\u00f3n Audiovisual (CUPA), llev\u00f3 a cabo el Festival Universitario \u201cViva la Radio\u201d en la Facultad de Ciencias Pol\u00edticas y Sociales (FCPyS).<\/p>\n<p style=\"font-weight: 400;\">Como parte de las actividades de este evento, se realiz\u00f3 una charla intergeneracional de las y los integrantes que han conformado H\u00edbrido Radio, un espacio radiof\u00f3nico producido por el estudiantado desde hace 20 a\u00f1os.<\/p>\n<p style=\"font-weight: 400;\">Ante el alumnado de la Licenciatura en Comunicaci\u00f3n de la FCPyS, participaron miembros fundadores de este proyecto estudiantil -que inici\u00f3 actividades en mayo de 2003- como Jos\u00e9 Reynaldo Cabrera Rebollo, Sandra Cecilia Vargas Cervantes, Carlos Hern\u00e1ndez Zarza y Manuel Luna Garc\u00eda.<\/p>\n<p style=\"font-weight: 400;\">Refirieron que el antecedente de H\u00edbrido Radio fue XECUPA Radio, un circuito cerrado dentro de la facultad que a\u00f1os m\u00e1s tarde, transit\u00f3 a un espacio digital, en el cual se materializaron ideas en producciones radiof\u00f3nicas diversas.<\/p>\n<p><a href=\"http:\/\/porlalibreedomex.com\/wp-content\/uploads\/2023\/10\/Sandra-Cecilia-Vargas-Cervantes-primera-coordinadora-del-proyecto-enfatizo-que-Hibrido-Radio-se-mantiene-vigente-scaled-e1696658581462.jpeg\"><img loading=\"lazy\" decoding=\"async\" class=\"aligncenter size-large wp-image-66441\" src=\"http:\/\/porlalibreedomex.com\/wp-content\/uploads\/2023\/10\/Sandra-Cecilia-Vargas-Cervantes-primera-coordinadora-del-proyecto-enfatizo-que-Hibrido-Radio-se-mantiene-vigente-scaled-e1696658581462-1024x530.jpeg\" alt=\"\" width=\"800\" height=\"414\" srcset=\"https:\/\/www.porlalibreedomex.com\/wp-content\/uploads\/2023\/10\/Sandra-Cecilia-Vargas-Cervantes-primera-coordinadora-del-proyecto-enfatizo-que-Hibrido-Radio-se-mantiene-vigente-scaled-e1696658581462-1024x530.jpeg 1024w, https:\/\/www.porlalibreedomex.com\/wp-content\/uploads\/2023\/10\/Sandra-Cecilia-Vargas-Cervantes-primera-coordinadora-del-proyecto-enfatizo-que-Hibrido-Radio-se-mantiene-vigente-scaled-e1696658581462-300x155.jpeg 300w, https:\/\/www.porlalibreedomex.com\/wp-content\/uploads\/2023\/10\/Sandra-Cecilia-Vargas-Cervantes-primera-coordinadora-del-proyecto-enfatizo-que-Hibrido-Radio-se-mantiene-vigente-scaled-e1696658581462-768x398.jpeg 768w, https:\/\/www.porlalibreedomex.com\/wp-content\/uploads\/2023\/10\/Sandra-Cecilia-Vargas-Cervantes-primera-coordinadora-del-proyecto-enfatizo-que-Hibrido-Radio-se-mantiene-vigente-scaled-e1696658581462-1536x795.jpeg 1536w, https:\/\/www.porlalibreedomex.com\/wp-content\/uploads\/2023\/10\/Sandra-Cecilia-Vargas-Cervantes-primera-coordinadora-del-proyecto-enfatizo-que-Hibrido-Radio-se-mantiene-vigente-scaled-e1696658581462-2048x1060.jpeg 2048w\" sizes=\"auto, (max-width: 800px) 100vw, 800px\" \/><\/a><\/p>\n<p style=\"font-weight: 400;\">Por su parte, Jes\u00fas Filiberto Trinidad P\u00e9rez, quien form\u00f3 parte de H\u00edbrido Radio entre 2007 y 2009, destac\u00f3 que en ese periodo, se sumaron a la programaci\u00f3n de UniRadio 99.7 FM, lo cual fortaleci\u00f3 a este laboratorio radiof\u00f3nico. En este sentido, Sandra Cecilia Vargas Cervantes, primera coordinadora del proyecto, enfatiz\u00f3 que H\u00edbrido Radio se mantiene vigente y se ha consolidado como un lugar seguro que permite a las y los estudiantes aprender, cuestionar, investigar y expresar sus ideas.<\/p>\n<p style=\"font-weight: 400;\">En su oportunidad, Javier Mill\u00e1n G\u00f3mez mencion\u00f3 que gracias a su participaci\u00f3n en H\u00edbrido Radio en 2008, adquiri\u00f3 herramientas que hasta hoy en d\u00eda utiliza en su experiencia profesional. De igual forma, Sharon Rocha Goicochea invit\u00f3 al estudiantado a hacer cosas que les saqu\u00e9 de su zona de confort.<\/p>\n<p style=\"font-weight: 400;\">En tanto, Karla Michell Serrano Ar\u00e9valo, quien tambi\u00e9n form\u00f3 parte de este proyecto en 2012, destac\u00f3 que durante su participaci\u00f3n se crearon espacios de convivencia entre las tres licenciaturas de la facultad.<\/p>\n<p style=\"font-weight: 400;\">Finalmente, la actual coordinadora de H\u00edbrido Radio, Padme Lizeth Morales Garc\u00e9s y la colaboradora Paulina Aguilar Hern\u00e1ndez coincidieron que actualmente H\u00edbrido Radio contin\u00faa generando espacios de compa\u00f1erismo que les permite seguir aprendiendo a generar radio estudiantil que durante 20 a\u00f1os ha crecido y nutrido de las voces universitarias.<\/p>\n<p><a href=\"http:\/\/porlalibreedomex.com\/wp-content\/uploads\/2023\/10\/Universitarios-que-son-o-fueron-parte-de-Hibrido-Radio-participaron-de-las-actividades-conmemorativas-efectuadas-en-la-FCPyS-scaled-e1696658726689.jpeg\"><img loading=\"lazy\" decoding=\"async\" class=\"aligncenter size-large wp-image-66443\" src=\"http:\/\/porlalibreedomex.com\/wp-content\/uploads\/2023\/10\/Universitarios-que-son-o-fueron-parte-de-Hibrido-Radio-participaron-de-las-actividades-conmemorativas-efectuadas-en-la-FCPyS-scaled-e1696658726689-1024x506.jpeg\" alt=\"\" width=\"800\" height=\"395\" srcset=\"https:\/\/www.porlalibreedomex.com\/wp-content\/uploads\/2023\/10\/Universitarios-que-son-o-fueron-parte-de-Hibrido-Radio-participaron-de-las-actividades-conmemorativas-efectuadas-en-la-FCPyS-scaled-e1696658726689-1024x506.jpeg 1024w, https:\/\/www.porlalibreedomex.com\/wp-content\/uploads\/2023\/10\/Universitarios-que-son-o-fueron-parte-de-Hibrido-Radio-participaron-de-las-actividades-conmemorativas-efectuadas-en-la-FCPyS-scaled-e1696658726689-300x148.jpeg 300w, https:\/\/www.porlalibreedomex.com\/wp-content\/uploads\/2023\/10\/Universitarios-que-son-o-fueron-parte-de-Hibrido-Radio-participaron-de-las-actividades-conmemorativas-efectuadas-en-la-FCPyS-scaled-e1696658726689-768x379.jpeg 768w, https:\/\/www.porlalibreedomex.com\/wp-content\/uploads\/2023\/10\/Universitarios-que-son-o-fueron-parte-de-Hibrido-Radio-participaron-de-las-actividades-conmemorativas-efectuadas-en-la-FCPyS-scaled-e1696658726689-1536x758.jpeg 1536w, https:\/\/www.porlalibreedomex.com\/wp-content\/uploads\/2023\/10\/Universitarios-que-son-o-fueron-parte-de-Hibrido-Radio-participaron-de-las-actividades-conmemorativas-efectuadas-en-la-FCPyS-scaled-e1696658726689-2048x1011.jpeg 2048w\" sizes=\"auto, (max-width: 800px) 100vw, 800px\" \/><\/a><\/p>\n<p style=\"font-weight: 400;\">Como parte de esta conmemoraci\u00f3n, y en presencia de la directora de la FCPyS, Laura Benhumea Gonz\u00e1lez, la directora de UniRadio 99.7 FM, Jacqueline Valderrabano Malag\u00f3n y la coordinadora del CUPA, Edith Cort\u00e9s Romero, se inaugur\u00f3 la exposici\u00f3n fotogr\u00e1fica \u201cH\u00edbrido Radio 20 aniversario\u201d, la cual hace un recorrido visual a lo largo de las generaciones que han formado parte de esta radio estudiantil.<\/p>\n<p style=\"font-weight: 400;\">Este viernes, el Festival Universitario \u201cViva la Radio\u201d contempla la participaci\u00f3n del acad\u00e9mico de la Universidad Aut\u00f3noma Metropolitana (UAM), Guillermo Fern\u00e1ndez con la conferencia \u201cPodcast vs radio\u201d, en la FCPyS; en tanto, en el Plantel \u201cLic. Adolfo L\u00f3pez Mateos\u201d de la Escuela Preparatoria se concluir\u00e1 este programa con un concierto.<\/p>\n","protected":false},"excerpt":{"rendered":"<p>Como parte de las actividades de esta conmemoraci\u00f3n, se llev\u00f3 a cabo el Festival Universitario \u201cViva la Radio\u201d y una charla intergeneracional de las y los integrantes que han conformado H\u00edbrido Radio, espacio radiof\u00f3nico producido por el estudiantado desde hace 20 a\u00f1os.\u00a0\u00a0 Toluca, M\u00e9xico, 6 de octubre de 2023. En el marco del D\u00eda Mundial [&hellip;]<\/p>\n","protected":false},"author":3,"featured_media":66440,"comment_status":"open","ping_status":"open","sticky":false,"template":"","format":"standard","meta":{"footnotes":""},"categories":[12273,9148,16],"tags":[30824,30827,30829,30830,30825,30828,30826,25498],"class_list":{"0":"post-66439","1":"post","2":"type-post","3":"status-publish","4":"format-standard","5":"has-post-thumbnail","7":"category-comunicaciones-y-transportes","8":"category-educacion","9":"category-foto","10":"tag-dia-mundial-de-la-radio-universitaria","11":"tag-directora-de-la-fcpys","12":"tag-festival-universitario-viva-la-radio","13":"tag-filiberto-trinidad-hibrido-radio","14":"tag-hibrido-radio","15":"tag-laura-benhumea-gonzalez","16":"tag-padme-lizeth-morales-garces","17":"tag-uniradio-99-7-fm"},"wps_subtitle":"","_links":{"self":[{"href":"https:\/\/www.porlalibreedomex.com\/index.php?rest_route=\/wp\/v2\/posts\/66439","targetHints":{"allow":["GET"]}}],"collection":[{"href":"https:\/\/www.porlalibreedomex.com\/index.php?rest_route=\/wp\/v2\/posts"}],"about":[{"href":"https:\/\/www.porlalibreedomex.com\/index.php?rest_route=\/wp\/v2\/types\/post"}],"author":[{"embeddable":true,"href":"https:\/\/www.porlalibreedomex.com\/index.php?rest_route=\/wp\/v2\/users\/3"}],"replies":[{"embeddable":true,"href":"https:\/\/www.porlalibreedomex.com\/index.php?rest_route=%2Fwp%2Fv2%2Fcomments&post=66439"}],"version-history":[{"count":2,"href":"https:\/\/www.porlalibreedomex.com\/index.php?rest_route=\/wp\/v2\/posts\/66439\/revisions"}],"predecessor-version":[{"id":66445,"href":"https:\/\/www.porlalibreedomex.com\/index.php?rest_route=\/wp\/v2\/posts\/66439\/revisions\/66445"}],"wp:featuredmedia":[{"embeddable":true,"href":"https:\/\/www.porlalibreedomex.com\/index.php?rest_route=\/wp\/v2\/media\/66440"}],"wp:attachment":[{"href":"https:\/\/www.porlalibreedomex.com\/index.php?rest_route=%2Fwp%2Fv2%2Fmedia&parent=66439"}],"wp:term":[{"taxonomy":"category","embeddable":true,"href":"https:\/\/www.porlalibreedomex.com\/index.php?rest_route=%2Fwp%2Fv2%2Fcategories&post=66439"},{"taxonomy":"post_tag","embeddable":true,"href":"https:\/\/www.porlalibreedomex.com\/index.php?rest_route=%2Fwp%2Fv2%2Ftags&post=66439"}],"curies":[{"name":"wp","href":"https:\/\/api.w.org\/{rel}","templated":true}]}}