{"id":66140,"date":"2023-09-16T03:41:08","date_gmt":"2023-09-16T09:41:08","guid":{"rendered":"https:\/\/porlalibreedomex.com\/?p=66140"},"modified":"2023-09-17T03:41:52","modified_gmt":"2023-09-17T09:41:52","slug":"presenciaron-el-desfile-en-metepec-alrededor-de-15-mil-personas","status":"publish","type":"post","link":"https:\/\/www.porlalibreedomex.com\/?p=66140","title":{"rendered":"PRESENCIARON EL DESFILE EN METEPEC ALREDEDOR DE 15 MIL PERSONAS"},"content":{"rendered":"<ul>\n<li><em><strong>La ma\u00f1ana del 16 de septiembre, se llev\u00f3 a cabo el Desfile C\u00edvico, por las principales calles del centro de Metepec, y\u00a0 al igual que la noche anterior, hubo saldo blanco en el trayecto establecido.<\/strong><\/em><\/li>\n<\/ul>\n<p><strong>Metepec, M\u00e9x. 16 de septiembre de 2023.<\/strong>\u00a0 El alcalde Fernando Flores Fern\u00e1ndez y la presidenta honoraria del DIF, Ira\u00ed Albarr\u00e1n Segura, presidieron el paso de contingentes del desfile realizado en este Pueblo M\u00e1gico, en el que marcharon 4 mil 460 participantes, en 29 contingentes divididos en 18 escuelas; grupos de Scouts; del Pentatlhon, Casas de Dia, y Clubes de la tercera edad del DIF municipal; el Heroico Cuerpo de Bomberos, Protecci\u00f3n Civil, Seguridad P\u00fablica y Tr\u00e1nsito de Metepec, al igual que la Cruz Roja y la Secretar\u00eda de Seguridad de la entidad.<\/p>\n<p><a href=\"http:\/\/porlalibreedomex.com\/wp-content\/uploads\/2023\/09\/Desde-el-balcon-de-la-presidencia-municipal-de-Metepec-presenciaron-el-desfile-el-alcalde-Fernando-Flores-la-presidenta-del-DIF-Irai-Albarran-y-miembros-del-ayuntamiento.jpeg\"><img loading=\"lazy\" decoding=\"async\" class=\"size-large wp-image-66141\" src=\"http:\/\/porlalibreedomex.com\/wp-content\/uploads\/2023\/09\/Desde-el-balcon-de-la-presidencia-municipal-de-Metepec-presenciaron-el-desfile-el-alcalde-Fernando-Flores-la-presidenta-del-DIF-Irai-Albarran-y-miembros-del-ayuntamiento-1024x683.jpeg\" alt=\"\" width=\"800\" height=\"534\" srcset=\"https:\/\/www.porlalibreedomex.com\/wp-content\/uploads\/2023\/09\/Desde-el-balcon-de-la-presidencia-municipal-de-Metepec-presenciaron-el-desfile-el-alcalde-Fernando-Flores-la-presidenta-del-DIF-Irai-Albarran-y-miembros-del-ayuntamiento-1024x683.jpeg 1024w, https:\/\/www.porlalibreedomex.com\/wp-content\/uploads\/2023\/09\/Desde-el-balcon-de-la-presidencia-municipal-de-Metepec-presenciaron-el-desfile-el-alcalde-Fernando-Flores-la-presidenta-del-DIF-Irai-Albarran-y-miembros-del-ayuntamiento-300x200.jpeg 300w, https:\/\/www.porlalibreedomex.com\/wp-content\/uploads\/2023\/09\/Desde-el-balcon-de-la-presidencia-municipal-de-Metepec-presenciaron-el-desfile-el-alcalde-Fernando-Flores-la-presidenta-del-DIF-Irai-Albarran-y-miembros-del-ayuntamiento-768x512.jpeg 768w, https:\/\/www.porlalibreedomex.com\/wp-content\/uploads\/2023\/09\/Desde-el-balcon-de-la-presidencia-municipal-de-Metepec-presenciaron-el-desfile-el-alcalde-Fernando-Flores-la-presidenta-del-DIF-Irai-Albarran-y-miembros-del-ayuntamiento.jpeg 1500w\" sizes=\"auto, (max-width: 800px) 100vw, 800px\" \/><\/a><\/p>\n<p>Desde el balc\u00f3n de la presidencia municipal de Metepec, presenciaron el desfile, el alcalde Fernando Flores, la presidenta del DIF, Ira\u00ed Albarr\u00e1n y miembros del ayuntamiento.<\/p>\n<div id='gallery-1' class='gallery galleryid-66140 gallery-columns-3 gallery-size-large'><figure class='gallery-item'>\n\t\t\t<div class='gallery-icon landscape'>\n\t\t\t\t<a href='https:\/\/www.porlalibreedomex.com\/?attachment_id=66149'><img loading=\"lazy\" decoding=\"async\" width=\"696\" height=\"464\" src=\"https:\/\/www.porlalibreedomex.com\/wp-content\/uploads\/2023\/09\/Los-cuerpos-de-Socorro-como-la-Cruz-Roja-presentes-en-la-parada-civica-con-motivo-de-la-INdependencia-Nacional-1024x683.jpeg\" class=\"attachment-large size-large\" alt=\"\" srcset=\"https:\/\/www.porlalibreedomex.com\/wp-content\/uploads\/2023\/09\/Los-cuerpos-de-Socorro-como-la-Cruz-Roja-presentes-en-la-parada-civica-con-motivo-de-la-INdependencia-Nacional-1024x683.jpeg 1024w, https:\/\/www.porlalibreedomex.com\/wp-content\/uploads\/2023\/09\/Los-cuerpos-de-Socorro-como-la-Cruz-Roja-presentes-en-la-parada-civica-con-motivo-de-la-INdependencia-Nacional-300x200.jpeg 300w, https:\/\/www.porlalibreedomex.com\/wp-content\/uploads\/2023\/09\/Los-cuerpos-de-Socorro-como-la-Cruz-Roja-presentes-en-la-parada-civica-con-motivo-de-la-INdependencia-Nacional-768x512.jpeg 768w, https:\/\/www.porlalibreedomex.com\/wp-content\/uploads\/2023\/09\/Los-cuerpos-de-Socorro-como-la-Cruz-Roja-presentes-en-la-parada-civica-con-motivo-de-la-INdependencia-Nacional.jpeg 1500w\" sizes=\"auto, (max-width: 696px) 100vw, 696px\" \/><\/a>\n\t\t\t<\/div><\/figure><figure class='gallery-item'>\n\t\t\t<div class='gallery-icon landscape'>\n\t\t\t\t<a href='https:\/\/www.porlalibreedomex.com\/?attachment_id=66147'><img loading=\"lazy\" decoding=\"async\" width=\"696\" height=\"464\" src=\"https:\/\/www.porlalibreedomex.com\/wp-content\/uploads\/2023\/09\/En-el-213-aniversario-del-inicio-de-la-lucha-por-la-Independencia-Nacional-1024x683.jpeg\" class=\"attachment-large size-large\" alt=\"\" srcset=\"https:\/\/www.porlalibreedomex.com\/wp-content\/uploads\/2023\/09\/En-el-213-aniversario-del-inicio-de-la-lucha-por-la-Independencia-Nacional-1024x683.jpeg 1024w, https:\/\/www.porlalibreedomex.com\/wp-content\/uploads\/2023\/09\/En-el-213-aniversario-del-inicio-de-la-lucha-por-la-Independencia-Nacional-300x200.jpeg 300w, https:\/\/www.porlalibreedomex.com\/wp-content\/uploads\/2023\/09\/En-el-213-aniversario-del-inicio-de-la-lucha-por-la-Independencia-Nacional-768x512.jpeg 768w, https:\/\/www.porlalibreedomex.com\/wp-content\/uploads\/2023\/09\/En-el-213-aniversario-del-inicio-de-la-lucha-por-la-Independencia-Nacional.jpeg 1500w\" sizes=\"auto, (max-width: 696px) 100vw, 696px\" \/><\/a>\n\t\t\t<\/div><\/figure><figure class='gallery-item'>\n\t\t\t<div class='gallery-icon landscape'>\n\t\t\t\t<a href='https:\/\/www.porlalibreedomex.com\/?attachment_id=66146'><img loading=\"lazy\" decoding=\"async\" width=\"696\" height=\"464\" src=\"https:\/\/www.porlalibreedomex.com\/wp-content\/uploads\/2023\/09\/Diversas-corporaciones-participaron-en-el-desfile-ante-unos-15-mil-espectadores-que-estuvieron-distribuidos-en-el-recorrido-1024x683.jpeg\" class=\"attachment-large size-large\" alt=\"\" srcset=\"https:\/\/www.porlalibreedomex.com\/wp-content\/uploads\/2023\/09\/Diversas-corporaciones-participaron-en-el-desfile-ante-unos-15-mil-espectadores-que-estuvieron-distribuidos-en-el-recorrido-1024x683.jpeg 1024w, https:\/\/www.porlalibreedomex.com\/wp-content\/uploads\/2023\/09\/Diversas-corporaciones-participaron-en-el-desfile-ante-unos-15-mil-espectadores-que-estuvieron-distribuidos-en-el-recorrido-300x200.jpeg 300w, https:\/\/www.porlalibreedomex.com\/wp-content\/uploads\/2023\/09\/Diversas-corporaciones-participaron-en-el-desfile-ante-unos-15-mil-espectadores-que-estuvieron-distribuidos-en-el-recorrido-768x512.jpeg 768w, https:\/\/www.porlalibreedomex.com\/wp-content\/uploads\/2023\/09\/Diversas-corporaciones-participaron-en-el-desfile-ante-unos-15-mil-espectadores-que-estuvieron-distribuidos-en-el-recorrido.jpeg 1500w\" sizes=\"auto, (max-width: 696px) 100vw, 696px\" \/><\/a>\n\t\t\t<\/div><\/figure>\n\t\t<\/div>\n\n<p>Tambi\u00e9n, saludaron a los asistentes y autoridades, personal del Ayuntamiento de las \u00e1reas de Educaci\u00f3n, de Atenci\u00f3n Ciudadana y Servicios *7311, el grupo Tlanchana, personal del programa M\u00e9dico en tu Casa y la Unidad contra las Adicciones.<\/p>\n<div id='gallery-2' class='gallery galleryid-66140 gallery-columns-3 gallery-size-large'><figure class='gallery-item'>\n\t\t\t<div class='gallery-icon landscape'>\n\t\t\t\t<a href='https:\/\/www.porlalibreedomex.com\/?attachment_id=66150'><img loading=\"lazy\" decoding=\"async\" width=\"696\" height=\"464\" src=\"https:\/\/www.porlalibreedomex.com\/wp-content\/uploads\/2023\/09\/No-podiann-faltar-los-Charros-en-este-desfile-efectuado-en-Metepec-con-motivo-de-las-Fiestas-Patrias-1024x683.jpeg\" class=\"attachment-large size-large\" alt=\"\" srcset=\"https:\/\/www.porlalibreedomex.com\/wp-content\/uploads\/2023\/09\/No-podiann-faltar-los-Charros-en-este-desfile-efectuado-en-Metepec-con-motivo-de-las-Fiestas-Patrias-1024x683.jpeg 1024w, https:\/\/www.porlalibreedomex.com\/wp-content\/uploads\/2023\/09\/No-podiann-faltar-los-Charros-en-este-desfile-efectuado-en-Metepec-con-motivo-de-las-Fiestas-Patrias-300x200.jpeg 300w, https:\/\/www.porlalibreedomex.com\/wp-content\/uploads\/2023\/09\/No-podiann-faltar-los-Charros-en-este-desfile-efectuado-en-Metepec-con-motivo-de-las-Fiestas-Patrias-768x512.jpeg 768w, https:\/\/www.porlalibreedomex.com\/wp-content\/uploads\/2023\/09\/No-podiann-faltar-los-Charros-en-este-desfile-efectuado-en-Metepec-con-motivo-de-las-Fiestas-Patrias.jpeg 1500w\" sizes=\"auto, (max-width: 696px) 100vw, 696px\" \/><\/a>\n\t\t\t<\/div><\/figure><figure class='gallery-item'>\n\t\t\t<div class='gallery-icon landscape'>\n\t\t\t\t<a href='https:\/\/www.porlalibreedomex.com\/?attachment_id=66151'><img loading=\"lazy\" decoding=\"async\" width=\"696\" height=\"464\" src=\"https:\/\/www.porlalibreedomex.com\/wp-content\/uploads\/2023\/09\/Charros-de-Metepec-participaron-en-el-desfile-1024x683.jpeg\" class=\"attachment-large size-large\" alt=\"\" srcset=\"https:\/\/www.porlalibreedomex.com\/wp-content\/uploads\/2023\/09\/Charros-de-Metepec-participaron-en-el-desfile-1024x683.jpeg 1024w, https:\/\/www.porlalibreedomex.com\/wp-content\/uploads\/2023\/09\/Charros-de-Metepec-participaron-en-el-desfile-300x200.jpeg 300w, https:\/\/www.porlalibreedomex.com\/wp-content\/uploads\/2023\/09\/Charros-de-Metepec-participaron-en-el-desfile-768x512.jpeg 768w, https:\/\/www.porlalibreedomex.com\/wp-content\/uploads\/2023\/09\/Charros-de-Metepec-participaron-en-el-desfile.jpeg 1500w\" sizes=\"auto, (max-width: 696px) 100vw, 696px\" \/><\/a>\n\t\t\t<\/div><\/figure>\n\t\t<\/div>\n\n<p>Con el mismo fervor patrio, desfilaron por casi 2 kil\u00f3metros ante unos 15 mil espectadores ubicados en el recorrido, los charros de Metepec.<\/p>\n","protected":false},"excerpt":{"rendered":"<p>La ma\u00f1ana del 16 de septiembre, se llev\u00f3 a cabo el Desfile C\u00edvico, por las principales calles del centro de Metepec, y\u00a0 al igual que la noche anterior, hubo saldo blanco en el trayecto establecido. Metepec, M\u00e9x. 16 de septiembre de 2023.\u00a0 El alcalde Fernando Flores Fern\u00e1ndez y la presidenta honoraria del DIF, Ira\u00ed Albarr\u00e1n [&hellip;]<\/p>\n","protected":false},"author":3,"featured_media":66148,"comment_status":"open","ping_status":"open","sticky":false,"template":"","format":"standard","meta":{"footnotes":""},"categories":[9157,16],"tags":[25725,30661,30659,30660,30658],"class_list":{"0":"post-66140","1":"post","2":"type-post","3":"status-publish","4":"format-standard","5":"has-post-thumbnail","7":"category-edomex","8":"category-foto","9":"tag-alcalde-fernando-flores-fernandez","10":"tag-asociacion-de-charros-de-metepec","11":"tag-desfilan-29-contingentes-en-metepec","12":"tag-presidenta-del-smdif-irai-albarran","13":"tag-saldo-blanco-en-el-desfile-en-metepec"},"wps_subtitle":"Desfilaron 4 mil 460 integrantes de 29 contingentes.","_links":{"self":[{"href":"https:\/\/www.porlalibreedomex.com\/index.php?rest_route=\/wp\/v2\/posts\/66140","targetHints":{"allow":["GET"]}}],"collection":[{"href":"https:\/\/www.porlalibreedomex.com\/index.php?rest_route=\/wp\/v2\/posts"}],"about":[{"href":"https:\/\/www.porlalibreedomex.com\/index.php?rest_route=\/wp\/v2\/types\/post"}],"author":[{"embeddable":true,"href":"https:\/\/www.porlalibreedomex.com\/index.php?rest_route=\/wp\/v2\/users\/3"}],"replies":[{"embeddable":true,"href":"https:\/\/www.porlalibreedomex.com\/index.php?rest_route=%2Fwp%2Fv2%2Fcomments&post=66140"}],"version-history":[{"count":2,"href":"https:\/\/www.porlalibreedomex.com\/index.php?rest_route=\/wp\/v2\/posts\/66140\/revisions"}],"predecessor-version":[{"id":66153,"href":"https:\/\/www.porlalibreedomex.com\/index.php?rest_route=\/wp\/v2\/posts\/66140\/revisions\/66153"}],"wp:featuredmedia":[{"embeddable":true,"href":"https:\/\/www.porlalibreedomex.com\/index.php?rest_route=\/wp\/v2\/media\/66148"}],"wp:attachment":[{"href":"https:\/\/www.porlalibreedomex.com\/index.php?rest_route=%2Fwp%2Fv2%2Fmedia&parent=66140"}],"wp:term":[{"taxonomy":"category","embeddable":true,"href":"https:\/\/www.porlalibreedomex.com\/index.php?rest_route=%2Fwp%2Fv2%2Fcategories&post=66140"},{"taxonomy":"post_tag","embeddable":true,"href":"https:\/\/www.porlalibreedomex.com\/index.php?rest_route=%2Fwp%2Fv2%2Ftags&post=66140"}],"curies":[{"name":"wp","href":"https:\/\/api.w.org\/{rel}","templated":true}]}}