{"id":66128,"date":"2023-09-15T02:24:38","date_gmt":"2023-09-15T08:24:38","guid":{"rendered":"https:\/\/porlalibreedomex.com\/?p=66128"},"modified":"2023-09-17T02:42:31","modified_gmt":"2023-09-17T08:42:31","slug":"encabeza-fernando-flores-el-grito-en-metepec-ante-el-entusiasmo-de-la-ciudadania","status":"publish","type":"post","link":"https:\/\/www.porlalibreedomex.com\/?p=66128","title":{"rendered":"ENCABEZA FERNANDO FLORES EL GRITO EN METEPEC, ANTE EL ENTUSIASMO DE LA CIUDADAN\u00cdA"},"content":{"rendered":"<p>&nbsp;<\/p>\n<ul>\n<li><em><strong>El presidente municipal de Metepec, Fernando Flores Fern\u00e1ndez, encabez\u00f3 la ceremonia con motivo del 213 Aniversario del Inicio de la Independencia de M\u00e9xico.<\/strong><\/em><\/li>\n<li><em><strong>Asisti\u00f3 al pueblo de San Jer\u00f3nimo Chicahualco, a la Unidad Habitacional Andr\u00e9s Molina Enr\u00edquez, as\u00ed como en la Plaza Ju\u00e1rez de la cabecera municipal, donde fue el acto principal.<\/strong><\/em><\/li>\n<\/ul>\n<p><strong> Metepec, M\u00e9xico, 15 de septiembre de 2023.<\/strong> Al igual que el a\u00f1o pasado, el alcalde visit\u00f3 dos comunidades para presidir la ceremonia c\u00edvica y replicar el Grito de Dolores, y en los tres lugares, como en el resto del municipio, se vivi\u00f3 la festividad con algarab\u00eda de miles de familias reunidas en\u00a0 las distintas delegaciones con mayor presencia en el Pueblo M\u00e1gico donde se tuvo registro, de acuerdo a Protecci\u00f3n Civil, de la asistencia de m\u00e1s de 10 mil personas.<\/p>\n<figure id=\"attachment_66131\" aria-describedby=\"caption-attachment-66131\" style=\"width: 800px\" class=\"wp-caption aligncenter\"><a href=\"http:\/\/porlalibreedomex.com\/wp-content\/uploads\/2023\/09\/La-Presidenta-Honoraria-del-DIF-municipal-de-Metepec-acompano-en-todo-momento-a-su-esposo-en-esta-celebracion-lo-mismo-que-los-miembros-del-Cabildo.jpeg\"><img loading=\"lazy\" decoding=\"async\" class=\"size-large wp-image-66131\" src=\"http:\/\/porlalibreedomex.com\/wp-content\/uploads\/2023\/09\/La-Presidenta-Honoraria-del-DIF-municipal-de-Metepec-acompano-en-todo-momento-a-su-esposo-en-esta-celebracion-lo-mismo-que-los-miembros-del-Cabildo-1024x682.jpeg\" alt=\"\" width=\"800\" height=\"533\" srcset=\"https:\/\/www.porlalibreedomex.com\/wp-content\/uploads\/2023\/09\/La-Presidenta-Honoraria-del-DIF-municipal-de-Metepec-acompano-en-todo-momento-a-su-esposo-en-esta-celebracion-lo-mismo-que-los-miembros-del-Cabildo-1024x682.jpeg 1024w, https:\/\/www.porlalibreedomex.com\/wp-content\/uploads\/2023\/09\/La-Presidenta-Honoraria-del-DIF-municipal-de-Metepec-acompano-en-todo-momento-a-su-esposo-en-esta-celebracion-lo-mismo-que-los-miembros-del-Cabildo-300x200.jpeg 300w, https:\/\/www.porlalibreedomex.com\/wp-content\/uploads\/2023\/09\/La-Presidenta-Honoraria-del-DIF-municipal-de-Metepec-acompano-en-todo-momento-a-su-esposo-en-esta-celebracion-lo-mismo-que-los-miembros-del-Cabildo-768x512.jpeg 768w, https:\/\/www.porlalibreedomex.com\/wp-content\/uploads\/2023\/09\/La-Presidenta-Honoraria-del-DIF-municipal-de-Metepec-acompano-en-todo-momento-a-su-esposo-en-esta-celebracion-lo-mismo-que-los-miembros-del-Cabildo.jpeg 1280w\" sizes=\"auto, (max-width: 800px) 100vw, 800px\" \/><\/a><figcaption id=\"caption-attachment-66131\" class=\"wp-caption-text\">La Presidenta Honoraria del DIF municipal de Metepec, Ira\u00ed Albarr\u00e1n Segura, acompa\u00f1\u00f3 en todo momento a su esposo en esta celebraci\u00f3n, lo mismo que los miembros del Cabildo.<\/figcaption><\/figure>\n<p>El operativo coordinado que se dise\u00f1\u00f3 para esta fecha, report\u00f3 saldo blanco. Se aplic\u00f3 un operativo especial en el que particip\u00f3aron la Corporaci\u00f3n de Polic\u00eda, La Coordinaci\u00f3n de Protecci\u00f3n Civil y Bomberos, al igual que personal de Gobernaci\u00f3n, todas del municipio, con apoyo de la Secretar\u00eda de Seguridad Estatal.<\/p>\n<div id='gallery-1' class='gallery galleryid-66128 gallery-columns-3 gallery-size-large'><figure class='gallery-item'>\n\t\t\t<div class='gallery-icon landscape'>\n\t\t\t\t<a href='https:\/\/www.porlalibreedomex.com\/?attachment_id=66136'><img loading=\"lazy\" decoding=\"async\" width=\"696\" height=\"521\" src=\"https:\/\/www.porlalibreedomex.com\/wp-content\/uploads\/2023\/09\/Miles-de-metepequenses-se-dieron-cita-para-el-Grito-de-Independencia-que-dio-el-Presidente-Municipal-Fernando-Flores-en-Metepec-1024x767.jpeg\" class=\"attachment-large size-large\" alt=\"\" srcset=\"https:\/\/www.porlalibreedomex.com\/wp-content\/uploads\/2023\/09\/Miles-de-metepequenses-se-dieron-cita-para-el-Grito-de-Independencia-que-dio-el-Presidente-Municipal-Fernando-Flores-en-Metepec-1024x767.jpeg 1024w, https:\/\/www.porlalibreedomex.com\/wp-content\/uploads\/2023\/09\/Miles-de-metepequenses-se-dieron-cita-para-el-Grito-de-Independencia-que-dio-el-Presidente-Municipal-Fernando-Flores-en-Metepec-300x225.jpeg 300w, https:\/\/www.porlalibreedomex.com\/wp-content\/uploads\/2023\/09\/Miles-de-metepequenses-se-dieron-cita-para-el-Grito-de-Independencia-que-dio-el-Presidente-Municipal-Fernando-Flores-en-Metepec-768x575.jpeg 768w, https:\/\/www.porlalibreedomex.com\/wp-content\/uploads\/2023\/09\/Miles-de-metepequenses-se-dieron-cita-para-el-Grito-de-Independencia-que-dio-el-Presidente-Municipal-Fernando-Flores-en-Metepec.jpeg 1280w\" sizes=\"auto, (max-width: 696px) 100vw, 696px\" \/><\/a>\n\t\t\t<\/div><\/figure><figure class='gallery-item'>\n\t\t\t<div class='gallery-icon landscape'>\n\t\t\t\t<a href='https:\/\/www.porlalibreedomex.com\/?attachment_id=66137'><img loading=\"lazy\" decoding=\"async\" width=\"696\" height=\"464\" src=\"https:\/\/www.porlalibreedomex.com\/wp-content\/uploads\/2023\/09\/Presentaciones-artisticas-en-la-noche-del-15-en-la-Plaza-Juarez-de-Metepec-1024x682.jpeg\" class=\"attachment-large size-large\" alt=\"\" srcset=\"https:\/\/www.porlalibreedomex.com\/wp-content\/uploads\/2023\/09\/Presentaciones-artisticas-en-la-noche-del-15-en-la-Plaza-Juarez-de-Metepec-1024x682.jpeg 1024w, https:\/\/www.porlalibreedomex.com\/wp-content\/uploads\/2023\/09\/Presentaciones-artisticas-en-la-noche-del-15-en-la-Plaza-Juarez-de-Metepec-300x200.jpeg 300w, https:\/\/www.porlalibreedomex.com\/wp-content\/uploads\/2023\/09\/Presentaciones-artisticas-en-la-noche-del-15-en-la-Plaza-Juarez-de-Metepec-768x512.jpeg 768w, https:\/\/www.porlalibreedomex.com\/wp-content\/uploads\/2023\/09\/Presentaciones-artisticas-en-la-noche-del-15-en-la-Plaza-Juarez-de-Metepec.jpeg 1280w\" sizes=\"auto, (max-width: 696px) 100vw, 696px\" \/><\/a>\n\t\t\t<\/div><\/figure><figure class='gallery-item'>\n\t\t\t<div class='gallery-icon landscape'>\n\t\t\t\t<a href='https:\/\/www.porlalibreedomex.com\/?attachment_id=66138'><img loading=\"lazy\" decoding=\"async\" width=\"696\" height=\"464\" src=\"https:\/\/www.porlalibreedomex.com\/wp-content\/uploads\/2023\/09\/Ambiente-de-verdadera-fiesta-durante-el-Grito-de-Independencia-en-Metepec-1024x683.jpeg\" class=\"attachment-large size-large\" alt=\"\" srcset=\"https:\/\/www.porlalibreedomex.com\/wp-content\/uploads\/2023\/09\/Ambiente-de-verdadera-fiesta-durante-el-Grito-de-Independencia-en-Metepec-1024x683.jpeg 1024w, https:\/\/www.porlalibreedomex.com\/wp-content\/uploads\/2023\/09\/Ambiente-de-verdadera-fiesta-durante-el-Grito-de-Independencia-en-Metepec-300x200.jpeg 300w, https:\/\/www.porlalibreedomex.com\/wp-content\/uploads\/2023\/09\/Ambiente-de-verdadera-fiesta-durante-el-Grito-de-Independencia-en-Metepec-768x512.jpeg 768w, https:\/\/www.porlalibreedomex.com\/wp-content\/uploads\/2023\/09\/Ambiente-de-verdadera-fiesta-durante-el-Grito-de-Independencia-en-Metepec.jpeg 1253w\" sizes=\"auto, (max-width: 696px) 100vw, 696px\" \/><\/a>\n\t\t\t<\/div><\/figure>\n\t\t<\/div>\n\n<p>Por disposici\u00f3n del Cabildo, se restringi\u00f3 la venta y consumo de bebidas alcoh\u00f3licas, al igual que el uso de sprays y espumas, lo que contribuy\u00f3 para tener una jornada tranquila y ejemplar.<\/p>\n<p><a href=\"http:\/\/porlalibreedomex.com\/wp-content\/uploads\/2023\/09\/Como-parte-del-programa-el-Presidente-Municipal-acompanado-por-el-Comisario-Jesus-Ramirez-Manzur-dejo-en-libertad-a-los-detenidos-por-faltas-administrativas.jpeg\"><img loading=\"lazy\" decoding=\"async\" class=\"aligncenter size-large wp-image-66130\" src=\"http:\/\/porlalibreedomex.com\/wp-content\/uploads\/2023\/09\/Como-parte-del-programa-el-Presidente-Municipal-acompanado-por-el-Comisario-Jesus-Ramirez-Manzur-dejo-en-libertad-a-los-detenidos-por-faltas-administrativas-1024x682.jpeg\" alt=\"\" width=\"800\" height=\"533\" srcset=\"https:\/\/www.porlalibreedomex.com\/wp-content\/uploads\/2023\/09\/Como-parte-del-programa-el-Presidente-Municipal-acompanado-por-el-Comisario-Jesus-Ramirez-Manzur-dejo-en-libertad-a-los-detenidos-por-faltas-administrativas-1024x682.jpeg 1024w, https:\/\/www.porlalibreedomex.com\/wp-content\/uploads\/2023\/09\/Como-parte-del-programa-el-Presidente-Municipal-acompanado-por-el-Comisario-Jesus-Ramirez-Manzur-dejo-en-libertad-a-los-detenidos-por-faltas-administrativas-300x200.jpeg 300w, https:\/\/www.porlalibreedomex.com\/wp-content\/uploads\/2023\/09\/Como-parte-del-programa-el-Presidente-Municipal-acompanado-por-el-Comisario-Jesus-Ramirez-Manzur-dejo-en-libertad-a-los-detenidos-por-faltas-administrativas-768x512.jpeg 768w, https:\/\/www.porlalibreedomex.com\/wp-content\/uploads\/2023\/09\/Como-parte-del-programa-el-Presidente-Municipal-acompanado-por-el-Comisario-Jesus-Ramirez-Manzur-dejo-en-libertad-a-los-detenidos-por-faltas-administrativas.jpeg 1280w\" sizes=\"auto, (max-width: 800px) 100vw, 800px\" \/><\/a><\/p>\n<p>Como parte del programa, el alcalde Fernando Flores, estuvo la noche del viernes\u00a0 en las instalaciones de la Direcci\u00f3n de Seguridad P\u00fablica municipal para liberar a las personas resguardadas por faltas administrativas, como gesto que se origin\u00f3 la noche de esta fecha, pero de 1810, cuando el cura Miguel Hidalgo liber\u00f3 a los presos de la c\u00e1rcel.<\/p>\n<p>Las actividades desarrolladas en fiesta en Metepec, que incluy\u00f3 verbena popular, interpretaciones art\u00edsticas, juegos pirot\u00e9cnicos, honores a los s\u00edmbolos patrios y m\u00e1s, tuvo la presentaci\u00f3n del artista estelar Julio Preciado. La actividad en general durante toda la jornada c\u00edvica, se vivi\u00f3 en calma, con j\u00fabilo, emoci\u00f3n y orgullo de los asistentes.<\/p>\n<p><a href=\"http:\/\/porlalibreedomex.com\/wp-content\/uploads\/2023\/09\/Gran-entusiasmo-ciudadano-en-la-celebracion-de-la-ceremonia-del-Grito-de-Independencia-en-Metepec-Mexico.jpeg\"><img loading=\"lazy\" decoding=\"async\" class=\"aligncenter size-large wp-image-66132\" src=\"http:\/\/porlalibreedomex.com\/wp-content\/uploads\/2023\/09\/Gran-entusiasmo-ciudadano-en-la-celebracion-de-la-ceremonia-del-Grito-de-Independencia-en-Metepec-Mexico-1024x682.jpeg\" alt=\"\" width=\"800\" height=\"533\" srcset=\"https:\/\/www.porlalibreedomex.com\/wp-content\/uploads\/2023\/09\/Gran-entusiasmo-ciudadano-en-la-celebracion-de-la-ceremonia-del-Grito-de-Independencia-en-Metepec-Mexico-1024x682.jpeg 1024w, https:\/\/www.porlalibreedomex.com\/wp-content\/uploads\/2023\/09\/Gran-entusiasmo-ciudadano-en-la-celebracion-de-la-ceremonia-del-Grito-de-Independencia-en-Metepec-Mexico-300x200.jpeg 300w, https:\/\/www.porlalibreedomex.com\/wp-content\/uploads\/2023\/09\/Gran-entusiasmo-ciudadano-en-la-celebracion-de-la-ceremonia-del-Grito-de-Independencia-en-Metepec-Mexico-768x512.jpeg 768w, https:\/\/www.porlalibreedomex.com\/wp-content\/uploads\/2023\/09\/Gran-entusiasmo-ciudadano-en-la-celebracion-de-la-ceremonia-del-Grito-de-Independencia-en-Metepec-Mexico.jpeg 1280w\" sizes=\"auto, (max-width: 800px) 100vw, 800px\" \/><\/a><\/p>\n<p>Previo a las actividades de la noche del 15 de septiembre, el alcalde Fernando Flores, realiz\u00f3 el abanderamiento de algunas Delegaciones en tres distintos puntos.<\/p>\n","protected":false},"excerpt":{"rendered":"<p>&nbsp; El presidente municipal de Metepec, Fernando Flores Fern\u00e1ndez, encabez\u00f3 la ceremonia con motivo del 213 Aniversario del Inicio de la Independencia de M\u00e9xico. Asisti\u00f3 al pueblo de San Jer\u00f3nimo Chicahualco, a la Unidad Habitacional Andr\u00e9s Molina Enr\u00edquez, as\u00ed como en la Plaza Ju\u00e1rez de la cabecera municipal, donde fue el acto principal. Metepec, M\u00e9xico, [&hellip;]<\/p>\n","protected":false},"author":3,"featured_media":66129,"comment_status":"open","ping_status":"open","sticky":false,"template":"","format":"standard","meta":{"footnotes":""},"categories":[16,9145],"tags":[30656,30657,30654,30655],"class_list":{"0":"post-66128","1":"post","2":"type-post","3":"status-publish","4":"format-standard","5":"has-post-thumbnail","7":"category-foto","8":"category-general","9":"tag-abanderamiento-en-delegaciones-de-metepec","10":"tag-alcalde-libero-a-detenidos-en-la-municipal","11":"tag-encabezo-fernando-flores-ceremonia-del-grito","12":"tag-reportaron-saldo-blanco-en-metepec"},"wps_subtitle":"REPORTARON SALDO BLANCO EN ESTA FIESTA C\u00cdVICA","_links":{"self":[{"href":"https:\/\/www.porlalibreedomex.com\/index.php?rest_route=\/wp\/v2\/posts\/66128","targetHints":{"allow":["GET"]}}],"collection":[{"href":"https:\/\/www.porlalibreedomex.com\/index.php?rest_route=\/wp\/v2\/posts"}],"about":[{"href":"https:\/\/www.porlalibreedomex.com\/index.php?rest_route=\/wp\/v2\/types\/post"}],"author":[{"embeddable":true,"href":"https:\/\/www.porlalibreedomex.com\/index.php?rest_route=\/wp\/v2\/users\/3"}],"replies":[{"embeddable":true,"href":"https:\/\/www.porlalibreedomex.com\/index.php?rest_route=%2Fwp%2Fv2%2Fcomments&post=66128"}],"version-history":[{"count":3,"href":"https:\/\/www.porlalibreedomex.com\/index.php?rest_route=\/wp\/v2\/posts\/66128\/revisions"}],"predecessor-version":[{"id":66139,"href":"https:\/\/www.porlalibreedomex.com\/index.php?rest_route=\/wp\/v2\/posts\/66128\/revisions\/66139"}],"wp:featuredmedia":[{"embeddable":true,"href":"https:\/\/www.porlalibreedomex.com\/index.php?rest_route=\/wp\/v2\/media\/66129"}],"wp:attachment":[{"href":"https:\/\/www.porlalibreedomex.com\/index.php?rest_route=%2Fwp%2Fv2%2Fmedia&parent=66128"}],"wp:term":[{"taxonomy":"category","embeddable":true,"href":"https:\/\/www.porlalibreedomex.com\/index.php?rest_route=%2Fwp%2Fv2%2Fcategories&post=66128"},{"taxonomy":"post_tag","embeddable":true,"href":"https:\/\/www.porlalibreedomex.com\/index.php?rest_route=%2Fwp%2Fv2%2Ftags&post=66128"}],"curies":[{"name":"wp","href":"https:\/\/api.w.org\/{rel}","templated":true}]}}