{"id":66103,"date":"2023-09-13T02:21:16","date_gmt":"2023-09-13T08:21:16","guid":{"rendered":"https:\/\/porlalibreedomex.com\/?p=66103"},"modified":"2023-09-14T02:22:07","modified_gmt":"2023-09-14T08:22:07","slug":"la-gobernadora-electa-delfina-gomez-da-a-conocer-los-nombres-de-quienes-seran-secretarios-en-su-administracion","status":"publish","type":"post","link":"https:\/\/www.porlalibreedomex.com\/?p=66103","title":{"rendered":"LA GOBERNADORA ELECTA, DELFINA G\u00d3MEZ, DA A CONOCER LOS NOMBRES DE QUIENES SER\u00c1N SECRETARIOS EN SU ADMINISTRACI\u00d3N"},"content":{"rendered":"<p>&nbsp;<\/p>\n<p><strong>Toluca, M\u00e9xico, 13 de septiembre de 2013.<\/strong> La Gobernadora Electa, Delfina G\u00f3mez \u00c1lvarez, dio un mensaje ante medios de comunicaci\u00f3n en Palacio de Gobierno en Toluca, en el que dio a conocer la lista de quienes ser\u00e1n los funcionarios de su administraci\u00f3n.<\/p>\n<p>Asegur\u00f3 que cada uno ha demostrado la capacidad necesaria para desempe\u00f1ar sus funciones, y que fueron seleccionados entre muchos candidatos.<\/p>\n<p>Tambi\u00e9n afirm\u00f3 \u00abnos interesa tener una relaci\u00f3n muy estrecha entre los medios de comunicaci\u00f3n y el gobierno estatal\u00bb.<\/p>\n<p><a href=\"http:\/\/porlalibreedomex.com\/wp-content\/uploads\/2023\/09\/La-Gobernadora-Electa-Delfina-Gomez-presento-en-un-encuentro-con-los-medios-a-quienes-seran-Secretarios-y-Secretarias-en-su-administracion.jpeg\"><img loading=\"lazy\" decoding=\"async\" class=\"aligncenter size-large wp-image-66104\" src=\"http:\/\/porlalibreedomex.com\/wp-content\/uploads\/2023\/09\/La-Gobernadora-Electa-Delfina-Gomez-presento-en-un-encuentro-con-los-medios-a-quienes-seran-Secretarios-y-Secretarias-en-su-administracion-1024x768.jpeg\" alt=\"\" width=\"800\" height=\"600\" srcset=\"https:\/\/www.porlalibreedomex.com\/wp-content\/uploads\/2023\/09\/La-Gobernadora-Electa-Delfina-Gomez-presento-en-un-encuentro-con-los-medios-a-quienes-seran-Secretarios-y-Secretarias-en-su-administracion-1024x768.jpeg 1024w, https:\/\/www.porlalibreedomex.com\/wp-content\/uploads\/2023\/09\/La-Gobernadora-Electa-Delfina-Gomez-presento-en-un-encuentro-con-los-medios-a-quienes-seran-Secretarios-y-Secretarias-en-su-administracion-300x225.jpeg 300w, https:\/\/www.porlalibreedomex.com\/wp-content\/uploads\/2023\/09\/La-Gobernadora-Electa-Delfina-Gomez-presento-en-un-encuentro-con-los-medios-a-quienes-seran-Secretarios-y-Secretarias-en-su-administracion-768x576.jpeg 768w, https:\/\/www.porlalibreedomex.com\/wp-content\/uploads\/2023\/09\/La-Gobernadora-Electa-Delfina-Gomez-presento-en-un-encuentro-con-los-medios-a-quienes-seran-Secretarios-y-Secretarias-en-su-administracion-1536x1152.jpeg 1536w, https:\/\/www.porlalibreedomex.com\/wp-content\/uploads\/2023\/09\/La-Gobernadora-Electa-Delfina-Gomez-presento-en-un-encuentro-con-los-medios-a-quienes-seran-Secretarios-y-Secretarias-en-su-administracion.jpeg 1600w\" sizes=\"auto, (max-width: 800px) 100vw, 800px\" \/><\/a><\/p>\n<p>Con excepci\u00f3n de la Secretar\u00eda de Desarrollo Urbano e Infraestructura, cuyo nombre no fue dado a conocer, las Secretar\u00edas y titulares son:<\/p>\n<p>* Secretar\u00eda General de Gobierno: Horacio Duarte Olivares<br \/>\n* Secretar\u00eda de Seguridad la encabezar\u00e1: Andr\u00e9s Andrade T\u00e9llez<br \/>\n* Secretar\u00eda de Salud la encabezar\u00e1: Macarena Montoya Olvera<br \/>\n* Secretar\u00eda del Trabajo la encabezar\u00e1: Norberto Morales Poblete<br \/>\n* Secretar\u00eda de Educaci\u00f3n, Ciencia, Tecnolog\u00eda e Innovaci\u00f3n la encabezar\u00e1: Miguel \u00c1ngel Hern\u00e1ndez Espejel<br \/>\n* Secretar\u00eda de Bienestar (antes de Desarrollo Social) la encabezar\u00e1: Juan Carlos Gonz\u00e1lez Romero<br \/>\n* Secretar\u00eda de Desarrollo Urbano e Infraestructura la encabezar\u00e1:<br \/>\n* Secretar\u00eda del Campo la encabezar\u00e1: Mar\u00eda Eugenia Lozano Vald\u00e9s<br \/>\n* Secretar\u00eda de Desarrollo Econ\u00f3mico la encabezar\u00e1: Laura Gonz\u00e1lez Hern\u00e1ndez<br \/>\n* Secretar\u00eda de Cultura y Turismo la encabezar\u00e1: Nelly Carrasco God\u00ednez<br \/>\n* Secretar\u00eda de Contralor\u00eda la encabezar\u00e1: HIlda Salazar Gil<br \/>\n* Secretar\u00eda de Medio Ambiente y Desarrollo Sostenible la encabezar\u00e1: Arely Rubio Arroniz<br \/>\n* Secretar\u00eda del Agua (de reciente creaci\u00f3n) la encabezar\u00e1: Pedro Moctezuma Barrag\u00e1n<br \/>\n* Secretar\u00eda de las Mujeres la encabezar\u00e1: M\u00f3nica Ch\u00e1vez Miranda<br \/>\n* Secretar\u00eda de Movilidad la encabezar\u00e1: Daniel Andr\u00e9s Sibaja Gonz\u00e1lez<br \/>\n* Consejer\u00eda Jur\u00eddica la encabezar\u00e1: Jes\u00fas George Zamora<br \/>\n* Encargado de asuntos de Proyectos Especiales de la Gubernatura: Higinio Mart\u00ednez Miranda<\/p>\n","protected":false},"excerpt":{"rendered":"<p>&nbsp; Toluca, M\u00e9xico, 13 de septiembre de 2013. La Gobernadora Electa, Delfina G\u00f3mez \u00c1lvarez, dio un mensaje ante medios de comunicaci\u00f3n en Palacio de Gobierno en Toluca, en el que dio a conocer la lista de quienes ser\u00e1n los funcionarios de su administraci\u00f3n. Asegur\u00f3 que cada uno ha demostrado la capacidad necesaria para desempe\u00f1ar sus [&hellip;]<\/p>\n","protected":false},"author":3,"featured_media":66105,"comment_status":"open","ping_status":"open","sticky":false,"template":"","format":"standard","meta":{"footnotes":""},"categories":[16,9150],"tags":[30636,30637,30635,12637],"class_list":{"0":"post-66103","1":"post","2":"type-post","3":"status-publish","4":"format-standard","5":"has-post-thumbnail","7":"category-foto","8":"category-politica","9":"tag-gobernadora-electa-delfina-gomez-alvarez","10":"tag-nombres-de-los-nuevos-secretarios-y-secretarias","11":"tag-nombres-del-gabinete-de-delfina-gomez","12":"tag-secretaria-de-desarrollo-urbano-edomex"},"wps_subtitle":"S\u00f3lo falt\u00f3 el nombre del titular de la Secretar\u00eda de Desarrollo Urbano e Infraestructura.","_links":{"self":[{"href":"https:\/\/www.porlalibreedomex.com\/index.php?rest_route=\/wp\/v2\/posts\/66103","targetHints":{"allow":["GET"]}}],"collection":[{"href":"https:\/\/www.porlalibreedomex.com\/index.php?rest_route=\/wp\/v2\/posts"}],"about":[{"href":"https:\/\/www.porlalibreedomex.com\/index.php?rest_route=\/wp\/v2\/types\/post"}],"author":[{"embeddable":true,"href":"https:\/\/www.porlalibreedomex.com\/index.php?rest_route=\/wp\/v2\/users\/3"}],"replies":[{"embeddable":true,"href":"https:\/\/www.porlalibreedomex.com\/index.php?rest_route=%2Fwp%2Fv2%2Fcomments&post=66103"}],"version-history":[{"count":1,"href":"https:\/\/www.porlalibreedomex.com\/index.php?rest_route=\/wp\/v2\/posts\/66103\/revisions"}],"predecessor-version":[{"id":66106,"href":"https:\/\/www.porlalibreedomex.com\/index.php?rest_route=\/wp\/v2\/posts\/66103\/revisions\/66106"}],"wp:featuredmedia":[{"embeddable":true,"href":"https:\/\/www.porlalibreedomex.com\/index.php?rest_route=\/wp\/v2\/media\/66105"}],"wp:attachment":[{"href":"https:\/\/www.porlalibreedomex.com\/index.php?rest_route=%2Fwp%2Fv2%2Fmedia&parent=66103"}],"wp:term":[{"taxonomy":"category","embeddable":true,"href":"https:\/\/www.porlalibreedomex.com\/index.php?rest_route=%2Fwp%2Fv2%2Fcategories&post=66103"},{"taxonomy":"post_tag","embeddable":true,"href":"https:\/\/www.porlalibreedomex.com\/index.php?rest_route=%2Fwp%2Fv2%2Ftags&post=66103"}],"curies":[{"name":"wp","href":"https:\/\/api.w.org\/{rel}","templated":true}]}}