{"id":65966,"date":"2023-09-02T01:00:26","date_gmt":"2023-09-02T07:00:26","guid":{"rendered":"https:\/\/porlalibreedomex.com\/?p=65966"},"modified":"2023-09-03T01:02:10","modified_gmt":"2023-09-03T07:02:10","slug":"impulsan-la-comision-de-atencion-a-victimas-y-poder-judicial-salas-remotas-de-audiencias-para-proteger-a-menores-de-edad","status":"publish","type":"post","link":"https:\/\/www.porlalibreedomex.com\/?p=65966","title":{"rendered":"IMPULSAN LA COMISI\u00d3N DE ATENCI\u00d3N A V\u00cdCTIMAS Y PODER JUDICIAL, SALAS REMOTAS DE AUDIENCIAS PARA PROTEGER A MENORES DE EDAD"},"content":{"rendered":"<p>&nbsp;<\/p>\n<p>\u2022 <em><strong>Generan y coordinan herramientas para el desahogo de audiencias virtuales de v\u00edctimas directas e indirectas ante autoridades jurisdiccionales y administrativas.<\/strong><\/em><br \/>\n<strong><em>\u2022 Promueven un trato diferenciado y especializado a la infancia al participar en juicios en un lugar seguro, confortable, digno y acorde a su etapa de desarrollo<\/em>.<\/strong><\/p>\n<p><strong>Toluca, Estado de M\u00e9xico, 2 de septiembre de 2023.<\/strong> El Presidente del Tribunal Superior de Justicia (TSJEM), Ricardo Sodi Cuellar, y la titular de la Comisi\u00f3n Ejecutiva de Atenci\u00f3n a V\u00edctimas del Estado de M\u00e9xico (CEAVEM), Carolina Alan\u00eds Moreno, firmaron un convenio de colaboraci\u00f3n para generar y coordinar herramientas para el desahogo de audiencias virtuales donde intervengan ni\u00f1as, ni\u00f1os y adolescentes, con calidad de v\u00edctimas directas e indirectas ante autoridades jurisdiccionales y administrativas.<\/p>\n<p>En este marco, Carolina Alan\u00eds Moreno indic\u00f3 que, mediante la instalaci\u00f3n y equipamiento de salas remotas para la asistencia psicojur\u00eddica, se tendr\u00e1 el resguardo de informaci\u00f3n con la recepci\u00f3n de testimonios por parte de los jueces penales que as\u00ed lo requieran, promoviendo as\u00ed un trato diferenciado y especializado a la infancia al participar en juicios en un lugar seguro, confortable, digno y acorde a su etapa de desarrollo.<\/p>\n<figure id=\"attachment_65967\" aria-describedby=\"caption-attachment-65967\" style=\"width: 800px\" class=\"wp-caption aligncenter\"><a href=\"http:\/\/porlalibreedomex.com\/wp-content\/uploads\/2023\/09\/Carolina-Aanis-titular-de-la-Comision-de-Atencion-a-Victimas-del-delito-y-Ricardo-Sodi-titular-del-Poder-Judicial-firmaron-el-convenio.jpeg\"><img loading=\"lazy\" decoding=\"async\" class=\"size-large wp-image-65967\" src=\"http:\/\/porlalibreedomex.com\/wp-content\/uploads\/2023\/09\/Carolina-Aanis-titular-de-la-Comision-de-Atencion-a-Victimas-del-delito-y-Ricardo-Sodi-titular-del-Poder-Judicial-firmaron-el-convenio-1024x768.jpeg\" alt=\"\" width=\"800\" height=\"600\" srcset=\"https:\/\/www.porlalibreedomex.com\/wp-content\/uploads\/2023\/09\/Carolina-Aanis-titular-de-la-Comision-de-Atencion-a-Victimas-del-delito-y-Ricardo-Sodi-titular-del-Poder-Judicial-firmaron-el-convenio-1024x768.jpeg 1024w, https:\/\/www.porlalibreedomex.com\/wp-content\/uploads\/2023\/09\/Carolina-Aanis-titular-de-la-Comision-de-Atencion-a-Victimas-del-delito-y-Ricardo-Sodi-titular-del-Poder-Judicial-firmaron-el-convenio-300x225.jpeg 300w, https:\/\/www.porlalibreedomex.com\/wp-content\/uploads\/2023\/09\/Carolina-Aanis-titular-de-la-Comision-de-Atencion-a-Victimas-del-delito-y-Ricardo-Sodi-titular-del-Poder-Judicial-firmaron-el-convenio-768x576.jpeg 768w, https:\/\/www.porlalibreedomex.com\/wp-content\/uploads\/2023\/09\/Carolina-Aanis-titular-de-la-Comision-de-Atencion-a-Victimas-del-delito-y-Ricardo-Sodi-titular-del-Poder-Judicial-firmaron-el-convenio.jpeg 1500w\" sizes=\"auto, (max-width: 800px) 100vw, 800px\" \/><\/a><figcaption id=\"caption-attachment-65967\" class=\"wp-caption-text\">Carolina Alan\u00eds, titular de la Comisi\u00f3n de Atenci\u00f3n a V\u00edctimas del delito, y Ricardo Sodi, titular del Poder Judicial, firmaron el convenio.<\/figcaption><\/figure>\n<p>Asegur\u00f3 que se garantizar\u00e1 el derecho de acceso a la justicia y de participaci\u00f3n para que el contacto con el sistema de justicia, no s\u00f3lo evite una posible revictimizaci\u00f3n sino para asegurar un proceso de redignificaci\u00f3n al participar en el mismo, a trav\u00e9s de un acompa\u00f1amiento especializado por el Estado.<\/p>\n<p>Cabe mencionar que estos espacios ayudar\u00e1n a reducir la ansiedad y el estr\u00e9s de ni\u00f1as, ni\u00f1os y adolescentes al informarles de manera anticipada la participaci\u00f3n que tendr\u00e1n durante el proceso judicial y as\u00ed evitar la aparici\u00f3n de sentimientos de temor y desconfianza.<\/p>\n<p>Adem\u00e1s, cuenta con recursos tecnol\u00f3gicos que permitir\u00e1n realizar las video conferencias remotas con calidad de audio y video, sin interrupciones y con la seguridad informativa para el resguardo de la informaci\u00f3n, material did\u00e1ctico que estar\u00e1 a disposici\u00f3n de personal de psicolog\u00eda, con la finalidad de que se encuentren emocionalmente estables y un refrigerio para que el menor tenga un mejor rendimiento de manera f\u00edsica, an\u00edmica y cognitiva durante la audiencia.<\/p>\n<p>De esta forma, el Gobierno del Estado de M\u00e9xico, a trav\u00e9s de la CEAVEM, fortalece la atenci\u00f3n multidisciplinaria a personas en situaci\u00f3n de v\u00edctimas u ofendidas del delito.<\/p>\n","protected":false},"excerpt":{"rendered":"<p>&nbsp; \u2022 Generan y coordinan herramientas para el desahogo de audiencias virtuales de v\u00edctimas directas e indirectas ante autoridades jurisdiccionales y administrativas. \u2022 Promueven un trato diferenciado y especializado a la infancia al participar en juicios en un lugar seguro, confortable, digno y acorde a su etapa de desarrollo. Toluca, Estado de M\u00e9xico, 2 de [&hellip;]<\/p>\n","protected":false},"author":3,"featured_media":65968,"comment_status":"open","ping_status":"open","sticky":false,"template":"","format":"standard","meta":{"footnotes":""},"categories":[9157,16,9149],"tags":[30561,30562,16604,14411],"class_list":{"0":"post-65966","1":"post","2":"type-post","3":"status-publish","4":"format-standard","5":"has-post-thumbnail","7":"category-edomex","8":"category-foto","9":"category-policiaca","10":"tag-atencion-a-vctimas-del-delito","11":"tag-carolina-alanis-moreno-ceavem","12":"tag-mgdo-ricardo-sodi-cuellar","13":"tag-poder-judicial-edomex"},"wps_subtitle":"","_links":{"self":[{"href":"https:\/\/www.porlalibreedomex.com\/index.php?rest_route=\/wp\/v2\/posts\/65966","targetHints":{"allow":["GET"]}}],"collection":[{"href":"https:\/\/www.porlalibreedomex.com\/index.php?rest_route=\/wp\/v2\/posts"}],"about":[{"href":"https:\/\/www.porlalibreedomex.com\/index.php?rest_route=\/wp\/v2\/types\/post"}],"author":[{"embeddable":true,"href":"https:\/\/www.porlalibreedomex.com\/index.php?rest_route=\/wp\/v2\/users\/3"}],"replies":[{"embeddable":true,"href":"https:\/\/www.porlalibreedomex.com\/index.php?rest_route=%2Fwp%2Fv2%2Fcomments&post=65966"}],"version-history":[{"count":1,"href":"https:\/\/www.porlalibreedomex.com\/index.php?rest_route=\/wp\/v2\/posts\/65966\/revisions"}],"predecessor-version":[{"id":65969,"href":"https:\/\/www.porlalibreedomex.com\/index.php?rest_route=\/wp\/v2\/posts\/65966\/revisions\/65969"}],"wp:featuredmedia":[{"embeddable":true,"href":"https:\/\/www.porlalibreedomex.com\/index.php?rest_route=\/wp\/v2\/media\/65968"}],"wp:attachment":[{"href":"https:\/\/www.porlalibreedomex.com\/index.php?rest_route=%2Fwp%2Fv2%2Fmedia&parent=65966"}],"wp:term":[{"taxonomy":"category","embeddable":true,"href":"https:\/\/www.porlalibreedomex.com\/index.php?rest_route=%2Fwp%2Fv2%2Fcategories&post=65966"},{"taxonomy":"post_tag","embeddable":true,"href":"https:\/\/www.porlalibreedomex.com\/index.php?rest_route=%2Fwp%2Fv2%2Ftags&post=65966"}],"curies":[{"name":"wp","href":"https:\/\/api.w.org\/{rel}","templated":true}]}}