{"id":65778,"date":"2023-08-18T01:00:40","date_gmt":"2023-08-18T07:00:40","guid":{"rendered":"https:\/\/porlalibreedomex.com\/?p=65778"},"modified":"2023-08-19T01:02:09","modified_gmt":"2023-08-19T07:02:09","slug":"apoya-la-fiscalia-general-dela-republica-busqueda-de-dos-menores-desaparecidos-en-guatemala","status":"publish","type":"post","link":"https:\/\/www.porlalibreedomex.com\/?p=65778","title":{"rendered":"APOYA LA FISCAL\u00cdA GENERAL DELA REP\u00daBLICA B\u00daSQUEDA DE DOS MENORES DESAPARECIDOS EN GUATEMALA"},"content":{"rendered":"<p>SE ANEXAN FICHAS DE B\u00daSQUEDA<\/p>\n<p>&nbsp;<\/p>\n<p><a href=\"http:\/\/porlalibreedomex.com\/wp-content\/uploads\/2023\/08\/ARMIN-AARON-CRUZ-PICON.jpg\"><img loading=\"lazy\" decoding=\"async\" class=\"aligncenter size-large wp-image-65779\" src=\"http:\/\/porlalibreedomex.com\/wp-content\/uploads\/2023\/08\/ARMIN-AARON-CRUZ-PICON-792x1024.jpg\" alt=\"\" width=\"792\" height=\"1024\" srcset=\"https:\/\/www.porlalibreedomex.com\/wp-content\/uploads\/2023\/08\/ARMIN-AARON-CRUZ-PICON-792x1024.jpg 792w, https:\/\/www.porlalibreedomex.com\/wp-content\/uploads\/2023\/08\/ARMIN-AARON-CRUZ-PICON-232x300.jpg 232w, https:\/\/www.porlalibreedomex.com\/wp-content\/uploads\/2023\/08\/ARMIN-AARON-CRUZ-PICON-768x993.jpg 768w, https:\/\/www.porlalibreedomex.com\/wp-content\/uploads\/2023\/08\/ARMIN-AARON-CRUZ-PICON.jpg 815w\" sizes=\"auto, (max-width: 792px) 100vw, 792px\" \/><\/a><\/p>\n<p>&nbsp;<\/p>\n<p><a href=\"http:\/\/porlalibreedomex.com\/wp-content\/uploads\/2023\/08\/SAMUEL-NEHEMIAS-GARCIA-FLORES.jpg\"><img loading=\"lazy\" decoding=\"async\" class=\"aligncenter size-large wp-image-65780\" src=\"http:\/\/porlalibreedomex.com\/wp-content\/uploads\/2023\/08\/SAMUEL-NEHEMIAS-GARCIA-FLORES-792x1024.jpg\" alt=\"\" width=\"792\" height=\"1024\" srcset=\"https:\/\/www.porlalibreedomex.com\/wp-content\/uploads\/2023\/08\/SAMUEL-NEHEMIAS-GARCIA-FLORES-792x1024.jpg 792w, https:\/\/www.porlalibreedomex.com\/wp-content\/uploads\/2023\/08\/SAMUEL-NEHEMIAS-GARCIA-FLORES-232x300.jpg 232w, https:\/\/www.porlalibreedomex.com\/wp-content\/uploads\/2023\/08\/SAMUEL-NEHEMIAS-GARCIA-FLORES-768x993.jpg 768w, https:\/\/www.porlalibreedomex.com\/wp-content\/uploads\/2023\/08\/SAMUEL-NEHEMIAS-GARCIA-FLORES.jpg 815w\" sizes=\"auto, (max-width: 792px) 100vw, 792px\" \/><\/a><\/p>\n","protected":false},"excerpt":{"rendered":"<p>SE ANEXAN FICHAS DE B\u00daSQUEDA &nbsp; &nbsp;<\/p>\n","protected":false},"author":3,"featured_media":65779,"comment_status":"open","ping_status":"open","sticky":false,"template":"","format":"standard","meta":{"footnotes":""},"categories":[16,9149],"tags":[30453,22538,30454,30452],"class_list":{"0":"post-65778","1":"post","2":"type-post","3":"status-publish","4":"format-standard","5":"has-post-thumbnail","7":"category-foto","8":"category-policiaca","9":"tag-armin-aaron-cruz-picon","10":"tag-ayudales-a-regresar-a-casa","11":"tag-buscados-en-guatemala-y-mexico","12":"tag-se-busca-samuel-nehemias-garcia-flores"},"wps_subtitle":"Armin Aar\u00f3n, de 8 a\u00f1os, llevaba un brazo fracturado ","_links":{"self":[{"href":"https:\/\/www.porlalibreedomex.com\/index.php?rest_route=\/wp\/v2\/posts\/65778","targetHints":{"allow":["GET"]}}],"collection":[{"href":"https:\/\/www.porlalibreedomex.com\/index.php?rest_route=\/wp\/v2\/posts"}],"about":[{"href":"https:\/\/www.porlalibreedomex.com\/index.php?rest_route=\/wp\/v2\/types\/post"}],"author":[{"embeddable":true,"href":"https:\/\/www.porlalibreedomex.com\/index.php?rest_route=\/wp\/v2\/users\/3"}],"replies":[{"embeddable":true,"href":"https:\/\/www.porlalibreedomex.com\/index.php?rest_route=%2Fwp%2Fv2%2Fcomments&post=65778"}],"version-history":[{"count":2,"href":"https:\/\/www.porlalibreedomex.com\/index.php?rest_route=\/wp\/v2\/posts\/65778\/revisions"}],"predecessor-version":[{"id":65782,"href":"https:\/\/www.porlalibreedomex.com\/index.php?rest_route=\/wp\/v2\/posts\/65778\/revisions\/65782"}],"wp:featuredmedia":[{"embeddable":true,"href":"https:\/\/www.porlalibreedomex.com\/index.php?rest_route=\/wp\/v2\/media\/65779"}],"wp:attachment":[{"href":"https:\/\/www.porlalibreedomex.com\/index.php?rest_route=%2Fwp%2Fv2%2Fmedia&parent=65778"}],"wp:term":[{"taxonomy":"category","embeddable":true,"href":"https:\/\/www.porlalibreedomex.com\/index.php?rest_route=%2Fwp%2Fv2%2Fcategories&post=65778"},{"taxonomy":"post_tag","embeddable":true,"href":"https:\/\/www.porlalibreedomex.com\/index.php?rest_route=%2Fwp%2Fv2%2Ftags&post=65778"}],"curies":[{"name":"wp","href":"https:\/\/api.w.org\/{rel}","templated":true}]}}