{"id":65767,"date":"2023-08-18T01:24:40","date_gmt":"2023-08-18T07:24:40","guid":{"rendered":"https:\/\/porlalibreedomex.com\/?p=65767"},"modified":"2023-08-19T13:21:28","modified_gmt":"2023-08-19T19:21:28","slug":"maullidos-urbanos-diferentes-caminos-de-las-precampanas-que-no-son-precampanas","status":"publish","type":"post","link":"https:\/\/www.porlalibreedomex.com\/?p=65767","title":{"rendered":"Maullidos Urbanos \/ Diferentes caminos de \u00ablas precampa\u00f1as que no son precampa\u00f1as\u00bb"},"content":{"rendered":"<p>&nbsp;<\/p>\n<p><strong>Gato de Barrio \/<\/strong><\/p>\n<p align=\"right\"><b><i>\u00a0\/<\/i><\/b><\/p>\n<p>Dentro de\u00bb las precampa\u00f1as que no son precampa\u00f1as\u00bb de quienes aspiran a ser candidatos a la presidencia de la rep\u00fablica, han sucedido eventos que deben ser comparados. Por un lado, en el Frente Ampl\u00edo por M\u00e9xico (FAM) aunque ya existen finalistas, en el proceso de eliminaci\u00f3n han surgido fricciones que, aparentemente, han sido superadas, pero por el lado de las llamados \u201ccorcholatas\u201d los enfrentamientos se han agudizado entre los punteros.<\/p>\n<p>Vayamos por partes. En el caso del bloque opositor existi\u00f3 molestia entre los perredistas al considerar injusto que ni Miguel \u00c1ngel Mancera ni Silviano Aureoles fueron descartados al, aparentemente, no haber alcanzado las 150 mil firmas en quince estados, por lo que anunciaron una pausa en su participaci\u00f3n, aunque despu\u00e9s rectificaron y contin\u00faan.<\/p>\n<p>Despu\u00e9s, en la siguiente fase, se descart\u00f3 a Enrique de la Madrid por el bajo respaldo en las encuestas aplicadas, por lo que siguen adelante X\u00f3chitl G\u00e1lvez, Beatriz Paredes y Santiago Creel, quienes ahora realizar\u00e1n una serie de foros en diversos puntos del pa\u00eds, donde tendr\u00e1n oportunidad de exponer sus puntos de vista acerca de la situaci\u00f3n nacional.<\/p>\n<p>Incluso a varios de los descartados se les ha invitado a encabezar algunas \u00e1reas para cuando ya se desarrollen las campa\u00f1as de forma legal y abierta, lo que denota unidad.<\/p>\n<p>En el caso de Morena crece la tensi\u00f3n \u2013por no llamarlo a\u00fan enfrentamiento\u2013 entre Claudia Sheinbaum, se\u00f1alada como la clara favorita del inquilino de Palacio Nacional, y Marcelo Ebrard, a quien todas las encuestas lo ubican en un s\u00f3lido segundo lugar, mientras que los cuatro restantes \u2013Ad\u00e1n Augusto L\u00f3pez, Ricardo Monreal, Gerardo Fern\u00e1ndez Noro\u00f1a y Manuel Velasco\u2013 por m\u00e1s que lo intentan <strong>no logran crecer<\/strong> en sus n\u00fameros, aunque conf\u00edan en lograrlo.<\/p>\n<p>Pero este mi\u00e9rcoles Marcelo Ebrard, en conferencia de prensa, <strong>pidi\u00f3 a la dirigencia de Morena ordene detener el uso de todo el aparato del gobierno de la Ciudad de M\u00e9xico, incluso federal, en la cargada en favor de Sheinbaum, lo cual pone en riesgo al proceso interno,<\/strong><\/p>\n<p>Tras precisar que \u00e9l es una persona fr\u00eda, sin arrebatos, afirm\u00f3 que nunca hab\u00eda visto tanto acarreo como los de ahorita, ni tanto pago de encuestas falsas, tampoco una campa\u00f1a negra, incluso contra su familia y expuso encuestas donde se le coloca en primer lugar.<\/p>\n<p>De no resultar del agrado de Ebrard, incluso en la elecci\u00f3n de las encuestadoras que definir\u00e1n al abanderado de Morena, probablemente podr\u00eda registrarse la salida del excanciller de Morena para quiz\u00e1 buscar apoyo en Movimiento Ciudadano, partido que lo recibir\u00eda con gusto al garantizarle una mayor votaci\u00f3n, incluso de legisladores y presidentes municipales.<\/p>\n","protected":false},"excerpt":{"rendered":"<p>&nbsp; Gato de Barrio \/ \u00a0\/ Dentro de\u00bb las precampa\u00f1as que no son precampa\u00f1as\u00bb de quienes aspiran a ser candidatos a la presidencia de la rep\u00fablica, han sucedido eventos que deben ser comparados. Por un lado, en el Frente Ampl\u00edo por M\u00e9xico (FAM) aunque ya existen finalistas, en el proceso de eliminaci\u00f3n han surgido fricciones [&hellip;]<\/p>\n","protected":false},"author":3,"featured_media":65770,"comment_status":"open","ping_status":"open","sticky":false,"template":"","format":"standard","meta":{"footnotes":""},"categories":[23,16,9150],"tags":[30447,30448,6315,30459,11389],"class_list":{"0":"post-65767","1":"post","2":"type-post","3":"status-publish","4":"format-standard","5":"has-post-thumbnail","7":"category-columna","8":"category-foto","9":"category-politica","10":"tag-caballazos-morenistas","11":"tag-abusos-de-claudia-sheinbaum","12":"tag-gato-de-barrio","13":"tag-las-campanas-que-no-son-campanas","14":"tag-maullidos-urbanos"},"wps_subtitle":"","_links":{"self":[{"href":"https:\/\/www.porlalibreedomex.com\/index.php?rest_route=\/wp\/v2\/posts\/65767","targetHints":{"allow":["GET"]}}],"collection":[{"href":"https:\/\/www.porlalibreedomex.com\/index.php?rest_route=\/wp\/v2\/posts"}],"about":[{"href":"https:\/\/www.porlalibreedomex.com\/index.php?rest_route=\/wp\/v2\/types\/post"}],"author":[{"embeddable":true,"href":"https:\/\/www.porlalibreedomex.com\/index.php?rest_route=\/wp\/v2\/users\/3"}],"replies":[{"embeddable":true,"href":"https:\/\/www.porlalibreedomex.com\/index.php?rest_route=%2Fwp%2Fv2%2Fcomments&post=65767"}],"version-history":[{"count":2,"href":"https:\/\/www.porlalibreedomex.com\/index.php?rest_route=\/wp\/v2\/posts\/65767\/revisions"}],"predecessor-version":[{"id":65771,"href":"https:\/\/www.porlalibreedomex.com\/index.php?rest_route=\/wp\/v2\/posts\/65767\/revisions\/65771"}],"wp:featuredmedia":[{"embeddable":true,"href":"https:\/\/www.porlalibreedomex.com\/index.php?rest_route=\/wp\/v2\/media\/65770"}],"wp:attachment":[{"href":"https:\/\/www.porlalibreedomex.com\/index.php?rest_route=%2Fwp%2Fv2%2Fmedia&parent=65767"}],"wp:term":[{"taxonomy":"category","embeddable":true,"href":"https:\/\/www.porlalibreedomex.com\/index.php?rest_route=%2Fwp%2Fv2%2Fcategories&post=65767"},{"taxonomy":"post_tag","embeddable":true,"href":"https:\/\/www.porlalibreedomex.com\/index.php?rest_route=%2Fwp%2Fv2%2Ftags&post=65767"}],"curies":[{"name":"wp","href":"https:\/\/api.w.org\/{rel}","templated":true}]}}