{"id":64898,"date":"2023-06-01T04:02:43","date_gmt":"2023-06-01T09:02:43","guid":{"rendered":"https:\/\/www.porlalibreedomex.com\/?p=64898"},"modified":"2023-06-02T04:05:59","modified_gmt":"2023-06-02T09:05:59","slug":"fortalece-uaemex-seguridad-vial-con-cebraton-2023","status":"publish","type":"post","link":"https:\/\/www.porlalibreedomex.com\/?p=64898","title":{"rendered":"Fortalece UAEM\u00e9x seguridad vial con CEBRAT\u00d3N 2023\u00a0"},"content":{"rendered":"<p>&nbsp;<\/p>\n<ul>\n<li><strong><em>14 pasos peatonales fueron pintados en CU, con dise\u00f1os creativos y coloridos como parte de la convocatoria Cebrat\u00f3n 2023, que busca generar conciencia vial entre la comunidad universitaria.\u00a0<\/em><\/strong><\/li>\n<\/ul>\n<p><strong>Toluca, M\u00e9xico, 1 de junio de 2023. <\/strong>Con dise\u00f1os creativos y coloridos que expresan los valores de la Universidad Aut\u00f3noma del Estado de M\u00e9xico (UAEM\u00e9x) y temas vinculados a la sustentabilidad desde una \u00f3ptica juvenil y art\u00edstica, los 14 pasos peatonales de Ciudad Universitaria que conforman el Cebrat\u00f3n 2023, fueron inaugurados por el rector Carlos Eduardo Barrera D\u00edaz.<\/p>\n<p>Cebrat\u00f3n 2023 forma parte del Programa de Seguridad Vial y Movilidad que impulsa la UAEM\u00e9x, en la cual convoc\u00f3 al estudiantado a proponer <strong>dise\u00f1os para los pasos peatonales de Ciudad Universitaria, con la finalidad de hacerlos m\u00e1s visibles e innovadores, destacando la importancia del cuidado y la protecci\u00f3n de peatones, ciclistas, motociclistas y sociedad en general, impulsando la responsabilidad de los conductores al volante.\u00a0<\/strong><\/p>\n<figure id=\"attachment_64900\" aria-describedby=\"caption-attachment-64900\" style=\"width: 2560px\" class=\"wp-caption aligncenter\"><a href=\"https:\/\/www.porlalibreedomex.com\/wp-content\/uploads\/2023\/06\/El-Rector-Carlos-Eduardo-Barrera-Diaz-presente-en-el-CEBRATON-2023-efectuado-en-14-pasos-peatonales-en-C.U.-scaled.jpeg\"><img loading=\"lazy\" decoding=\"async\" class=\"size-full wp-image-64900\" src=\"https:\/\/www.porlalibreedomex.com\/wp-content\/uploads\/2023\/06\/El-Rector-Carlos-Eduardo-Barrera-Diaz-presente-en-el-CEBRATON-2023-efectuado-en-14-pasos-peatonales-en-C.U.-scaled.jpeg\" alt=\"\" width=\"2560\" height=\"1707\" srcset=\"https:\/\/www.porlalibreedomex.com\/wp-content\/uploads\/2023\/06\/El-Rector-Carlos-Eduardo-Barrera-Diaz-presente-en-el-CEBRATON-2023-efectuado-en-14-pasos-peatonales-en-C.U.-scaled.jpeg 2560w, https:\/\/www.porlalibreedomex.com\/wp-content\/uploads\/2023\/06\/El-Rector-Carlos-Eduardo-Barrera-Diaz-presente-en-el-CEBRATON-2023-efectuado-en-14-pasos-peatonales-en-C.U.-300x200.jpeg 300w\" sizes=\"auto, (max-width: 2560px) 100vw, 2560px\" \/><\/a><figcaption id=\"caption-attachment-64900\" class=\"wp-caption-text\">El Rector Carlos Eduardo Barrera D\u00edaz, presente en el CEBRATON 2023 efectuado en 14 pasos peatonales en C.U.<\/figcaption><\/figure>\n<p>Al respecto, la secretaria de Administraci\u00f3n de la UAEM\u00e9x, Er\u00e9ndira Fierro Moreno, detall\u00f3 que el estudiantado particip\u00f3 el s\u00e1bado 27 y domingo 28 de mayo en el pintado de las cebras con temas vinculados a la sustentabilidad y valores universitarios,\u00a0con el prop\u00f3sito generar conciencia vial entre la comunidad.<\/p>\n<p>\u201cNuestra Universidad, con la finalidad de contribuir al logro de nuevas y mejores formas de existencia y convivencia humana, adem\u00e1s de generar y extender el conocimiento universal, ha realizado diversas acciones, una de las cuales corresponde a la implementaci\u00f3n del Programa de Seguridad Vial y Movilidad, que privilegia, entre otras cosas, la seguridad de peatones y ciclistas\u201d, indic\u00f3.<\/p>\n<p>Por su parte, el coordinador del Cebrat\u00f3n 2023 y acad\u00e9mico de la Facultad de Arquitectura y Dise\u00f1o de la UAEM\u00e9x, Gabriel Medina Peralta, expuso que la primera causa de muerte en ni\u00f1as y ni\u00f1os es el atropellamiento; mientras que j\u00f3venes de niveles medio superior y superior son el sector m\u00e1s involucrado en siniestros viales; asimismo, refiri\u00f3 que una de las principales causas de incapacidad no de nacimiento es un siniestro vial.<\/p>\n<p><a href=\"https:\/\/www.porlalibreedomex.com\/wp-content\/uploads\/2023\/06\/Alumno9s-de-la-UAEMex-desplegaron-su-creatividad-para-hacer-mas-llamativos-los-Pasos-Cebra-scaled.jpeg\"><img loading=\"lazy\" decoding=\"async\" class=\"aligncenter size-full wp-image-64901\" src=\"https:\/\/www.porlalibreedomex.com\/wp-content\/uploads\/2023\/06\/Alumno9s-de-la-UAEMex-desplegaron-su-creatividad-para-hacer-mas-llamativos-los-Pasos-Cebra-scaled.jpeg\" alt=\"\" width=\"2560\" height=\"1707\" srcset=\"https:\/\/www.porlalibreedomex.com\/wp-content\/uploads\/2023\/06\/Alumno9s-de-la-UAEMex-desplegaron-su-creatividad-para-hacer-mas-llamativos-los-Pasos-Cebra-scaled.jpeg 2560w, https:\/\/www.porlalibreedomex.com\/wp-content\/uploads\/2023\/06\/Alumno9s-de-la-UAEMex-desplegaron-su-creatividad-para-hacer-mas-llamativos-los-Pasos-Cebra-300x200.jpeg 300w\" sizes=\"auto, (max-width: 2560px) 100vw, 2560px\" \/><\/a><\/p>\n<p>\u201cCiudad Universitaria que es nuestra prueba modelo o nuestro piloto es fundamental, desde hace un a\u00f1o tenemos carril compartido, ampliaci\u00f3n de banqueta y el objetivo es hacer de esta Ciudad Universitaria un lugar seguro, requerimos ser buenos conductores, requerimos reeducarnos en esa materia y Ciudad Universitaria es esa oportunidad de reeducarnos\u201d, dijo.<\/p>\n<p>En su oportunidad, el director de la Facultad de Contadur\u00eda y Administraci\u00f3n -espacio donde fue inaugurado el Cebrat\u00f3n 2023-, Juan Carlos Montes de Oca L\u00f3pez, indic\u00f3 que la inauguraci\u00f3n de los 14 pasos peatonales de Ciudad Universitaria tiene como objetivo cumplir con el Programa de Seguridad Vial y Movilidad de la UAEM\u00e9x; adem\u00e1s, representa una muestra del talento, creatividad y entusiasmo de quienes forman parte de la comunidad universitaria.<\/p>\n<p>Como parte de la inauguraci\u00f3n, el estudiantado que particip\u00f3 en el dise\u00f1o y pinta de las cebras peatonales recibi\u00f3 un reconocimiento por parte de las autoridades.<\/p>\n<p>Al acto acudieron, la directora general de Comunicaci\u00f3n Universitaria, Ginarely Valencia Alc\u00e1ntara, directores de espacios acad\u00e9micos y comunidad universitaria en general.<\/p>\n","protected":false},"excerpt":{"rendered":"<p>&nbsp; 14 pasos peatonales fueron pintados en CU, con dise\u00f1os creativos y coloridos como parte de la convocatoria Cebrat\u00f3n 2023, que busca generar conciencia vial entre la comunidad universitaria.\u00a0 Toluca, M\u00e9xico, 1 de junio de 2023. Con dise\u00f1os creativos y coloridos que expresan los valores de la Universidad Aut\u00f3noma del Estado de M\u00e9xico (UAEM\u00e9x) y [&hellip;]<\/p>\n","protected":false},"author":3,"featured_media":64902,"comment_status":"open","ping_status":"open","sticky":false,"template":"","format":"standard","meta":{"footnotes":""},"categories":[9157,16],"tags":[29974,29975,29973,29972],"class_list":{"0":"post-64898","1":"post","2":"type-post","3":"status-publish","4":"format-standard","5":"has-post-thumbnail","7":"category-edomex","8":"category-foto","9":"tag-creativos-disenos-para-cebras","10":"tag-mayor-seguridad-a-peatones","11":"tag-pasos-peatonales-de-c-u","12":"tag-realizan-cebraton-2023-en-la-uaemex"},"wps_subtitle":"","_links":{"self":[{"href":"https:\/\/www.porlalibreedomex.com\/index.php?rest_route=\/wp\/v2\/posts\/64898","targetHints":{"allow":["GET"]}}],"collection":[{"href":"https:\/\/www.porlalibreedomex.com\/index.php?rest_route=\/wp\/v2\/posts"}],"about":[{"href":"https:\/\/www.porlalibreedomex.com\/index.php?rest_route=\/wp\/v2\/types\/post"}],"author":[{"embeddable":true,"href":"https:\/\/www.porlalibreedomex.com\/index.php?rest_route=\/wp\/v2\/users\/3"}],"replies":[{"embeddable":true,"href":"https:\/\/www.porlalibreedomex.com\/index.php?rest_route=%2Fwp%2Fv2%2Fcomments&post=64898"}],"version-history":[{"count":1,"href":"https:\/\/www.porlalibreedomex.com\/index.php?rest_route=\/wp\/v2\/posts\/64898\/revisions"}],"predecessor-version":[{"id":64903,"href":"https:\/\/www.porlalibreedomex.com\/index.php?rest_route=\/wp\/v2\/posts\/64898\/revisions\/64903"}],"wp:featuredmedia":[{"embeddable":true,"href":"https:\/\/www.porlalibreedomex.com\/index.php?rest_route=\/wp\/v2\/media\/64902"}],"wp:attachment":[{"href":"https:\/\/www.porlalibreedomex.com\/index.php?rest_route=%2Fwp%2Fv2%2Fmedia&parent=64898"}],"wp:term":[{"taxonomy":"category","embeddable":true,"href":"https:\/\/www.porlalibreedomex.com\/index.php?rest_route=%2Fwp%2Fv2%2Fcategories&post=64898"},{"taxonomy":"post_tag","embeddable":true,"href":"https:\/\/www.porlalibreedomex.com\/index.php?rest_route=%2Fwp%2Fv2%2Ftags&post=64898"}],"curies":[{"name":"wp","href":"https:\/\/api.w.org\/{rel}","templated":true}]}}