{"id":64692,"date":"2023-05-14T02:51:46","date_gmt":"2023-05-14T07:51:46","guid":{"rendered":"https:\/\/www.porlalibreedomex.com\/?p=64692"},"modified":"2023-05-15T02:52:59","modified_gmt":"2023-05-15T07:52:59","slug":"arropa-texcoco-a-alejandra-del-moral","status":"publish","type":"post","link":"https:\/\/www.porlalibreedomex.com\/?p=64692","title":{"rendered":"ARROPA TEXCOCO A ALEJANDRA DEL MORAL"},"content":{"rendered":"<ul>\n<li><em><strong>Una multitud de banderas amarillas, azules, tricolores y de la comunidad LGBTIQ+, cobijaron en Texcoco a Alejandra Del Moral Vela<\/strong><\/em><\/li>\n<\/ul>\n<p><strong>Texcoco, Estado de M\u00e9xico, 13 de mayo de 2023.\u00a0<\/strong>Una multitud de banderas amarillas, azules, tricolores y de la comunidad LGBTIQ+, cobijaron en Texcoco a Alejandra Del Moral Vela, candidata de la coalici\u00f3n Va por el Estado de M\u00e9xico, quien asegur\u00f3 que no permitir\u00e1 que Morena destruya esta entidad.<\/p>\n<p>\u00abEl Estado de M\u00e9xico no se toca y vamos a usartodo lo que est\u00e1 en nuestras manos para defenderlo, no le vamos a permitir a Morena que venga y destruya esta casa que es de todas y de todos nosotros y desde aqu\u00ed, desde Texcoco, se los dejo claro, Morena no va a entrar al Estado de M\u00e9xico y vamos a ganar la entidad\u00bb, enfatiz\u00f3.<\/p>\n<figure id=\"attachment_64694\" aria-describedby=\"caption-attachment-64694\" style=\"width: 800px\" class=\"wp-caption aligncenter\"><a href=\"https:\/\/www.porlalibreedomex.com\/wp-content\/uploads\/2023\/05\/Texcoco-Mex.-Alejandra-del-Moral-Vela-recibe-el-respaldo-de-los-partidos-de-la-Coalicion-Va-por-el-Estado-de-Mexico-y-de-la-comunidad-LGBTT.jpeg\"><img loading=\"lazy\" decoding=\"async\" class=\"size-large wp-image-64694\" src=\"https:\/\/www.porlalibreedomex.com\/wp-content\/uploads\/2023\/05\/Texcoco-Mex.-Alejandra-del-Moral-Vela-recibe-el-respaldo-de-los-partidos-de-la-Coalicion-Va-por-el-Estado-de-Mexico-y-de-la-comunidad-LGBTT-1024x682.jpeg\" alt=\"\" width=\"800\" height=\"533\" srcset=\"https:\/\/www.porlalibreedomex.com\/wp-content\/uploads\/2023\/05\/Texcoco-Mex.-Alejandra-del-Moral-Vela-recibe-el-respaldo-de-los-partidos-de-la-Coalicion-Va-por-el-Estado-de-Mexico-y-de-la-comunidad-LGBTT-1024x682.jpeg 1024w, https:\/\/www.porlalibreedomex.com\/wp-content\/uploads\/2023\/05\/Texcoco-Mex.-Alejandra-del-Moral-Vela-recibe-el-respaldo-de-los-partidos-de-la-Coalicion-Va-por-el-Estado-de-Mexico-y-de-la-comunidad-LGBTT-300x200.jpeg 300w, https:\/\/www.porlalibreedomex.com\/wp-content\/uploads\/2023\/05\/Texcoco-Mex.-Alejandra-del-Moral-Vela-recibe-el-respaldo-de-los-partidos-de-la-Coalicion-Va-por-el-Estado-de-Mexico-y-de-la-comunidad-LGBTT-768x512.jpeg 768w, https:\/\/www.porlalibreedomex.com\/wp-content\/uploads\/2023\/05\/Texcoco-Mex.-Alejandra-del-Moral-Vela-recibe-el-respaldo-de-los-partidos-de-la-Coalicion-Va-por-el-Estado-de-Mexico-y-de-la-comunidad-LGBTT.jpeg 1280w\" sizes=\"auto, (max-width: 800px) 100vw, 800px\" \/><\/a><figcaption id=\"caption-attachment-64694\" class=\"wp-caption-text\">Texcoco, M\u00e9x. Alejandra del Moral Vela, recibe el respaldo de los partidos de la Coalici\u00f3n Va por el Estado de M\u00e9xico, y de la comunidad LGBTT+<\/figcaption><\/figure>\n<p>La exalcaldesa recalc\u00f3 que las y los mexiquenses somos el dique de defensa de la naci\u00f3n, no los dejaremos pasar porque no descansaremos un s\u00f3lo d\u00eda, nadie conoce mejor el territorio que nosotros.<\/p>\n<p>En un mar multicolor que la arrop\u00f3 en Texcoco, dijo que trabajar\u00e1 por mejorar la infraestructura vial para tener mejor conexi\u00f3n con los municipios de Ecatepec y La Paz adem\u00e1s de trabajar en los Centros Log\u00edsticos Industriales para que los trabajadores de la regi\u00f3n tengan oportunidades cerca de sus hogares.<\/p>\n<p>Acerca de la coordinaci\u00f3n y trabajo en equipo, dijo que requiere del apoyo de las y los mexiquenses porque no lo puedo hacer sola, \u00ables debo decir con toda sinceridad que soy una mujer franca, por eso les digo: yo no hago magia, hago pol\u00edticas p\u00fablicas que funcionen para la ciudadan\u00eda, la magia se da cuando todos nos involucramos con su gobierno y logramos hacer comunidad\u00bb.<\/p>\n<p><a href=\"https:\/\/www.porlalibreedomex.com\/wp-content\/uploads\/2023\/05\/Morena-no-va-a-entrar-al-Estado-de-Mexico-y-vamos-a-ganar-la-entidad-enfatizo-Alejandra-del-Moral-en-la-tierra-de-Delfina-Gomez..jpeg\"><img loading=\"lazy\" decoding=\"async\" class=\"aligncenter size-full wp-image-64695\" src=\"https:\/\/www.porlalibreedomex.com\/wp-content\/uploads\/2023\/05\/Morena-no-va-a-entrar-al-Estado-de-Mexico-y-vamos-a-ganar-la-entidad-enfatizo-Alejandra-del-Moral-en-la-tierra-de-Delfina-Gomez..jpeg\" alt=\"\" width=\"1280\" height=\"853\" srcset=\"https:\/\/www.porlalibreedomex.com\/wp-content\/uploads\/2023\/05\/Morena-no-va-a-entrar-al-Estado-de-Mexico-y-vamos-a-ganar-la-entidad-enfatizo-Alejandra-del-Moral-en-la-tierra-de-Delfina-Gomez..jpeg 1280w, https:\/\/www.porlalibreedomex.com\/wp-content\/uploads\/2023\/05\/Morena-no-va-a-entrar-al-Estado-de-Mexico-y-vamos-a-ganar-la-entidad-enfatizo-Alejandra-del-Moral-en-la-tierra-de-Delfina-Gomez.-300x200.jpeg 300w, https:\/\/www.porlalibreedomex.com\/wp-content\/uploads\/2023\/05\/Morena-no-va-a-entrar-al-Estado-de-Mexico-y-vamos-a-ganar-la-entidad-enfatizo-Alejandra-del-Moral-en-la-tierra-de-Delfina-Gomez.-1024x682.jpeg 1024w, https:\/\/www.porlalibreedomex.com\/wp-content\/uploads\/2023\/05\/Morena-no-va-a-entrar-al-Estado-de-Mexico-y-vamos-a-ganar-la-entidad-enfatizo-Alejandra-del-Moral-en-la-tierra-de-Delfina-Gomez.-768x512.jpeg 768w\" sizes=\"auto, (max-width: 1280px) 100vw, 1280px\" \/><\/a><\/p>\n<p>En el Estado de Mexico trabajaremos de la mano con la ciudadan\u00eda y lo har\u00e9 como un gobierno cercano para que le vaya bien a Texcoco y a toda la regi\u00f3n oriente del Estado, dijo Del Moral Vela, luego de asegurar que el pr\u00f3ximo 4 de junio ganar\u00e1 la elecci\u00f3n.<\/p>\n<p>En el acto de campa\u00f1a, la abanderada estuvo acompa\u00f1ada por Brasil Acosta, diputado federal; Agust\u00edn Barrera, l\u00edder del PRD mexiquense y Humberto Lepe, delegado del CEN del PRI.<\/p>\n","protected":false},"excerpt":{"rendered":"<p>Una multitud de banderas amarillas, azules, tricolores y de la comunidad LGBTIQ+, cobijaron en Texcoco a Alejandra Del Moral Vela Texcoco, Estado de M\u00e9xico, 13 de mayo de 2023.\u00a0Una multitud de banderas amarillas, azules, tricolores y de la comunidad LGBTIQ+, cobijaron en Texcoco a Alejandra Del Moral Vela, candidata de la coalici\u00f3n Va por el [&hellip;]<\/p>\n","protected":false},"author":3,"featured_media":64693,"comment_status":"open","ping_status":"open","sticky":false,"template":"","format":"standard","meta":{"footnotes":""},"categories":[16,9150],"tags":[29854,29853,29856,29855,27823],"class_list":{"0":"post-64692","1":"post","2":"type-post","3":"status-publish","4":"format-standard","5":"has-post-thumbnail","7":"category-foto","8":"category-politica","9":"tag-ale-del-moral-en-la-tierra-de-delfina","10":"tag-alejandra-del-moral-apoyo-texcoco","11":"tag-candidata-a-gobernadora-alejandra","12":"tag-comunidad-lgbtt-con-alejandra-del-moral","13":"tag-defender-al-estado-de-mexico"},"wps_subtitle":"El Estado de M\u00e9xico ser\u00e1 el primer dique para defender al pa\u00eds, sostuvo la candidata a Gobernadora Alejandra del Moral,del PAN, PRI, PRD y Nueva Alianza.","_links":{"self":[{"href":"https:\/\/www.porlalibreedomex.com\/index.php?rest_route=\/wp\/v2\/posts\/64692","targetHints":{"allow":["GET"]}}],"collection":[{"href":"https:\/\/www.porlalibreedomex.com\/index.php?rest_route=\/wp\/v2\/posts"}],"about":[{"href":"https:\/\/www.porlalibreedomex.com\/index.php?rest_route=\/wp\/v2\/types\/post"}],"author":[{"embeddable":true,"href":"https:\/\/www.porlalibreedomex.com\/index.php?rest_route=\/wp\/v2\/users\/3"}],"replies":[{"embeddable":true,"href":"https:\/\/www.porlalibreedomex.com\/index.php?rest_route=%2Fwp%2Fv2%2Fcomments&post=64692"}],"version-history":[{"count":1,"href":"https:\/\/www.porlalibreedomex.com\/index.php?rest_route=\/wp\/v2\/posts\/64692\/revisions"}],"predecessor-version":[{"id":64696,"href":"https:\/\/www.porlalibreedomex.com\/index.php?rest_route=\/wp\/v2\/posts\/64692\/revisions\/64696"}],"wp:featuredmedia":[{"embeddable":true,"href":"https:\/\/www.porlalibreedomex.com\/index.php?rest_route=\/wp\/v2\/media\/64693"}],"wp:attachment":[{"href":"https:\/\/www.porlalibreedomex.com\/index.php?rest_route=%2Fwp%2Fv2%2Fmedia&parent=64692"}],"wp:term":[{"taxonomy":"category","embeddable":true,"href":"https:\/\/www.porlalibreedomex.com\/index.php?rest_route=%2Fwp%2Fv2%2Fcategories&post=64692"},{"taxonomy":"post_tag","embeddable":true,"href":"https:\/\/www.porlalibreedomex.com\/index.php?rest_route=%2Fwp%2Fv2%2Ftags&post=64692"}],"curies":[{"name":"wp","href":"https:\/\/api.w.org\/{rel}","templated":true}]}}