{"id":64462,"date":"2023-04-24T02:38:02","date_gmt":"2023-04-24T07:38:02","guid":{"rendered":"https:\/\/www.porlalibreedomex.com\/?p=64462"},"modified":"2023-04-25T02:39:24","modified_gmt":"2023-04-25T07:39:24","slug":"la-uaemex-sede-del-primer-congreso-mexicano-de-arboricultura-y-dasonomia","status":"publish","type":"post","link":"https:\/\/www.porlalibreedomex.com\/?p=64462","title":{"rendered":"La UAEM\u00e9x, sede del Primer Congreso Mexicano de Arboricultura y Dasonom\u00eda\u00a0"},"content":{"rendered":"<ul>\n<li><strong><i><span lang=\"es\">El rector de la UAEM\u00e9x, Carlos Eduardo Barrera D\u00edaz, inaugur\u00f3 el Congreso que se desarrollar\u00e1 hasta el pr\u00f3ximo 29 de abril.<\/span><span lang=\"es\">\u00a0<\/span><\/i><\/strong><\/li>\n<li><strong><i><span lang=\"es\">Durante este ejercicio acad\u00e9mico se compartir\u00e1n experiencias y conocimiento en el campo de la arboricultura y la dasonom\u00eda.<\/span><span lang=\"es\">\u00a0<\/span><\/i><\/strong><b><span lang=\"es\">Toluca, M\u00e9xico, 24 de abril de 2023.<\/span><\/b><span lang=\"es\">\u00a0El acelerado proceso de urbanizaci\u00f3n en el pa\u00eds y en la entidad antepone el reto de ampliar las zonas verdes en las ciudades, espacios en los que los \u00e1rboles y bosques urbanos sean los protagonistas para mejorar la calidad de vida de los individuos, refiri\u00f3 el rector de la Universidad Aut\u00f3noma del Estado de M\u00e9xico (UAEM\u00e9x), Carlos Eduardo Barrera D\u00edaz, al inaugurar el Primer Congreso Mexicano de Arboricultura y Dasonom\u00eda, del cual esta casa de estudios es sede.<\/span><span lang=\"es\">\u00a0<\/span>\n<p><span lang=\"es\">El rector de la UAEM\u00e9x indic\u00f3 que este evento cient\u00edfico es una oportunidad para aportar nuevas ideas para enfrentar desaf\u00edos como la jerarquizaci\u00f3n de las especies arb\u00f3reas m\u00e1s adecuadas para cada regi\u00f3n, el combate de los agentes que afectan la salud de las zonas verdes y el mejor aprovechamiento de los espacios disponibles para crear pulmones urbanos.<\/span><span lang=\"es\">\u00a0<\/span><\/p>\n<p><span lang=\"es\">\u201cEste tipo de iniciativas son muy importantes, ya que se concentra, se comparte y se genera conocimiento multi e interdisciplinario sobre la funci\u00f3n de los \u00e1rboles urbanos y en el que se habr\u00e1 de debatir sobre los enormes beneficios que los espacios verdes proporcionan a los habitantes de las ciudades\u201d, dijo.<\/span><span lang=\"es\">\u00a0<\/span><br \/>\n<a href=\"https:\/\/www.porlalibreedomex.com\/wp-content\/uploads\/2023\/04\/El-Rector-Carlos-Eduardo-Barrera-al-inaugurar-el-Primer-Congreso-Mexicano-de-Arboricultura-y-Dasonomia.-1-scaled.jpeg\"><img loading=\"lazy\" decoding=\"async\" class=\"aligncenter size-full wp-image-64465\" src=\"https:\/\/www.porlalibreedomex.com\/wp-content\/uploads\/2023\/04\/El-Rector-Carlos-Eduardo-Barrera-al-inaugurar-el-Primer-Congreso-Mexicano-de-Arboricultura-y-Dasonomia.-1-scaled.jpeg\" alt=\"\" width=\"2560\" height=\"1707\" \/><\/a><br \/>\n<span lang=\"es\">El Primer Congreso Mexicano de Arboricultura y Dasonom\u00eda, en el que participa la UAEM\u00e9x, a trav\u00e9s de la Facultad de Ciencias Agr\u00edcolas, la Asociaci\u00f3n Mexicana de Arboricultura, A.C. e instancias gubernamentales, se desarrollar\u00e1 del 24 al 29 de abril y tiene como prop\u00f3sito la generaci\u00f3n de conocimiento e intercambio de experiencias para encontrar alternativas en el campo de la arboricultura que permitan una adecuada calidad de vida en las zonas urbanas.<\/span><span lang=\"es\">\u00a0<\/span><\/p>\n<p><span lang=\"es\">En tanto, el presidente de la Asociaci\u00f3n Mexicana de Arboricultura A.C, Juan Francisco Gonz\u00e1lez Castrej\u00f3n, agradeci\u00f3 el apoyo y el espacio que la UAEM\u00e9x otorga para la realizaci\u00f3n del Congreso y sobre todo, por formar profesionales en esta \u00e1rea del conocimiento.<\/span><span lang=\"es\">\u00a0<\/span><\/p>\n<p><span lang=\"es\">En su oportunidad, el director de la Facultad de Ciencias Agr\u00edcolas, Gaspar Estrada Campuzano, anunci\u00f3 que con el prop\u00f3sito de que la UAEM\u00e9x siga formando profesionistas debidamente capacitados en el rubro de la arboricultura, en meses pr\u00f3ximos abrir\u00e1 el Diplomado Superior en Arboricultura, sumando esfuerzos conjuntos con la Asociaci\u00f3n Mexicana de Arboricultura, A.C.<\/span><span lang=\"es\">\u00a0<\/span><\/p>\n<p><span lang=\"es\">Durante el acto inaugural fueron reconocidos, por su invaluable aportaci\u00f3n a la arboricultura mundial, el investigador del Instituto de Desarrollo Forestal de Toulouse, Francia, Cristophe Drenou; el presidente de la Asociaci\u00f3n Espa\u00f1ola de Arboricultura, Mariano S\u00e1nchez Garc\u00eda, as\u00ed como Josep Manel Fern\u00e1ndez L\u00f3pez;<\/span><span lang=\"es\">\u00a0\u00a0<\/span><span lang=\"es\">por su destacada aportaci\u00f3n a la investigaci\u00f3n forestal y arboricultura mexicana, David Cibri\u00e1n Tovar, y por su brillante trayectoria en la Asociaci\u00f3n Mexicana de Arboricultura, A.C., Diana Marchal Valencia.<\/span><span lang=\"es\">\u00a0<\/span><\/p>\n<div><span lang=\"es\">Al acto inaugural acudieron el presidente de la Asociaci\u00f3n Espa\u00f1ola de Arboricultura, Mariano S\u00e1nchez Garc\u00eda; el director general de Reforestemos M\u00e9xico, A.C., Ernesto Herrera Guerra; el gabinete universitario, comunidad de la Facultad de Ciencias Agr\u00edcolas, arboristas y ambientalistas.<\/span><span lang=\"es\">\u00a0<\/span><\/div>\n<\/li>\n<\/ul>\n","protected":false},"excerpt":{"rendered":"<p>El rector de la UAEM\u00e9x, Carlos Eduardo Barrera D\u00edaz, inaugur\u00f3 el Congreso que se desarrollar\u00e1 hasta el pr\u00f3ximo 29 de abril.\u00a0 Durante este ejercicio acad\u00e9mico se compartir\u00e1n experiencias y conocimiento en el campo de la arboricultura y la dasonom\u00eda.\u00a0Toluca, M\u00e9xico, 24 de abril de 2023.\u00a0El acelerado proceso de urbanizaci\u00f3n en el pa\u00eds y en la [&hellip;]<\/p>\n","protected":false},"author":3,"featured_media":64464,"comment_status":"open","ping_status":"open","sticky":false,"template":"","format":"standard","meta":{"footnotes":""},"categories":[9157,16,9207],"tags":[29718,29722,29720,23301,29721,29719],"class_list":{"0":"post-64462","1":"post","2":"type-post","3":"status-publish","4":"format-standard","5":"has-post-thumbnail","7":"category-edomex","8":"category-foto","9":"category-medio-ambiente","10":"tag-congreso-mexicano-de-arboricultura-y-dasonomia","11":"tag-ernesto-herrera-guerra","12":"tag-mariano-sanchez-garcia","13":"tag-rector-carlos-eduardo-barrera-diaz","14":"tag-reforestemos-mexico","15":"tag-uaemex-arboricultura-y-dasonomia"},"wps_subtitle":"","_links":{"self":[{"href":"https:\/\/www.porlalibreedomex.com\/index.php?rest_route=\/wp\/v2\/posts\/64462","targetHints":{"allow":["GET"]}}],"collection":[{"href":"https:\/\/www.porlalibreedomex.com\/index.php?rest_route=\/wp\/v2\/posts"}],"about":[{"href":"https:\/\/www.porlalibreedomex.com\/index.php?rest_route=\/wp\/v2\/types\/post"}],"author":[{"embeddable":true,"href":"https:\/\/www.porlalibreedomex.com\/index.php?rest_route=\/wp\/v2\/users\/3"}],"replies":[{"embeddable":true,"href":"https:\/\/www.porlalibreedomex.com\/index.php?rest_route=%2Fwp%2Fv2%2Fcomments&post=64462"}],"version-history":[{"count":3,"href":"https:\/\/www.porlalibreedomex.com\/index.php?rest_route=\/wp\/v2\/posts\/64462\/revisions"}],"predecessor-version":[{"id":64471,"href":"https:\/\/www.porlalibreedomex.com\/index.php?rest_route=\/wp\/v2\/posts\/64462\/revisions\/64471"}],"wp:featuredmedia":[{"embeddable":true,"href":"https:\/\/www.porlalibreedomex.com\/index.php?rest_route=\/wp\/v2\/media\/64464"}],"wp:attachment":[{"href":"https:\/\/www.porlalibreedomex.com\/index.php?rest_route=%2Fwp%2Fv2%2Fmedia&parent=64462"}],"wp:term":[{"taxonomy":"category","embeddable":true,"href":"https:\/\/www.porlalibreedomex.com\/index.php?rest_route=%2Fwp%2Fv2%2Fcategories&post=64462"},{"taxonomy":"post_tag","embeddable":true,"href":"https:\/\/www.porlalibreedomex.com\/index.php?rest_route=%2Fwp%2Fv2%2Ftags&post=64462"}],"curies":[{"name":"wp","href":"https:\/\/api.w.org\/{rel}","templated":true}]}}