{"id":64392,"date":"2023-04-18T02:12:21","date_gmt":"2023-04-18T07:12:21","guid":{"rendered":"https:\/\/www.porlalibreedomex.com\/?p=64392"},"modified":"2023-04-19T02:13:13","modified_gmt":"2023-04-19T07:13:13","slug":"la-guardia-nacional-ajena-a-la-sedena-maullidos-urbanos","status":"publish","type":"post","link":"https:\/\/www.porlalibreedomex.com\/?p=64392","title":{"rendered":"La Guardia Nacional, ajena a la Sedena \/ Maullidos Urbanos"},"content":{"rendered":"<p>&nbsp;<\/p>\n<p><strong>Gato de Barrio \/<\/strong><\/p>\n<p align=\"right\"><strong><a href=\"mailto:gatodebarrio@yahoo.com.mx\" target=\"_blank\" rel=\"nofollow noopener\"><i>gatodebarrio@yahoo.com.mx \/<\/i><\/a><i><\/i><\/strong><\/p>\n<p><strong>C<\/strong>on ocho votos a favor y tres en contra \u2013de los ministros Loretta Ortiz, Arturo Zald\u00edvar y Yasm\u00edn Esquivel\u2013, la Suprema Corte de Justicia de la Naci\u00f3n (SCJN) invalid\u00f3 el traspaso operativo de la Guardia Nacional (GN) a la Secretar\u00eda de la Defensa Nacional (Sedena), al considerar que esa acci\u00f3n vulnera el car\u00e1cter civil que debe tener la Guardia Nacional.<\/p>\n<p>Esta decisi\u00f3n representa un rev\u00e9s a la estrategia de seguridad del presidente Andr\u00e9s Manuel L\u00f3pez Obrador ya que, incluso, en su conferencia ma\u00f1anera en Palacio Nacional consider\u00f3 que la corporaci\u00f3n que alent\u00f3 funciona muy bien, con 130 mil elementos y con 280 cuarteles en todo el pa\u00eds y llegar\u00e1 a 500 \u201cpara proteger a la gente\u201d.<\/p>\n<p>Y advirti\u00f3 que de llegar a manejarla \u201cun junior, un Garc\u00eda Luna, sin principios, sin profesionalismo, sin honestidad \u00bfEn qu\u00e9 va a terminar? Pues como termin\u00f3 la Polic\u00eda Federal\u201d.<\/p>\n<p>La decisi\u00f3n de la SCJN se adopt\u00f3 al considerar que traspasar la GN al control de la SEDENA, es violatorio del art\u00edculo 21 constitucional, al desfigurar el car\u00e1cter civil que deben tener las instituciones de seguridad p\u00fablica. \u201cLo mismo estar\u00eda diciendo si se le hubiera adscrito a la Secretar\u00eda de Cultura, a la Secretar\u00eda de Salud o la Secretar\u00eda de Bienestar, por ejemplo, tambi\u00e9n ser\u00eda inconstitucional\u201d, indic\u00f3 en su intervenci\u00f3n el magistrado ponente Alberto P\u00e9rez Day\u00e1n<\/p>\n<p>Por su parte Norma Luc\u00eda Pi\u00f1a Hern\u00e1ndez, presidenta de la SCJN, precis\u00f3 que el mandato del art\u00edculo 21 constitucional es claro al se\u00f1alar que \u201clas instituciones de seguridad p\u00fablica, incluyendo la Guardia Nacional, ser\u00e1n de car\u00e1cter civil, disciplinado y profesional\u201d.<\/p>\n<p>Consider\u00f3 como fundamental el optar por un entendimiento estricto y diferenciado de la seguridad nacional y de la seguridad p\u00fablica ciudadana, ya que las funciones de seguridad p\u00fablica o ciudadana son de competencia exclusiva de autoridades civiles y a las Fuerzas Armadas les corresponde una tarea distinta.<\/p>\n<p>Se puede anticipar que esta decisi\u00f3n inconformar\u00e1 al inquilino de Palacio Nacional, quien ver\u00e1 la forma c\u00f3mo defender\u00e1 a la GN, uno de sus proyectos centrales en materia de seguridad p\u00fablica, aunque la realidad ha demostrado que no ha funcionado de la mejor manera posible ya que, entre otros puntos, ha apostado m\u00e1s por la cantidad que la calidad.<\/p>\n<p>Ahora su futuro deber\u00e1 reconsiderarse al revisarse varios puntos, entre ellos el que a pesar de estar proyectado que sus integrantes deber\u00edan ser civiles, en realidad la mayor parte son elementos militares, as\u00ed como la reasignaci\u00f3n de funciones, recursos y la parte administrativa. Esperemos a ver c\u00f3mo reacciona el gobierno federal.<\/p>\n","protected":false},"excerpt":{"rendered":"<p>&nbsp; Gato de Barrio \/ gatodebarrio@yahoo.com.mx \/ Con ocho votos a favor y tres en contra \u2013de los ministros Loretta Ortiz, Arturo Zald\u00edvar y Yasm\u00edn Esquivel\u2013, la Suprema Corte de Justicia de la Naci\u00f3n (SCJN) invalid\u00f3 el traspaso operativo de la Guardia Nacional (GN) a la Secretar\u00eda de la Defensa Nacional (Sedena), al considerar que [&hellip;]<\/p>\n","protected":false},"author":3,"featured_media":34187,"comment_status":"open","ping_status":"open","sticky":false,"template":"","format":"standard","meta":{"footnotes":""},"categories":[23,16,9149],"tags":[6315,29682,29683,11389],"class_list":{"0":"post-64392","1":"post","2":"type-post","3":"status-publish","4":"format-standard","5":"has-post-thumbnail","7":"category-columna","8":"category-foto","9":"category-policiaca","10":"tag-gato-de-barrio","11":"tag-la-sedena-no-puede-absorber-a-la-guardia-nacional","12":"tag-la-suprema-corte-de-justicia-decidio","13":"tag-maullidos-urbanos"},"wps_subtitle":"","_links":{"self":[{"href":"https:\/\/www.porlalibreedomex.com\/index.php?rest_route=\/wp\/v2\/posts\/64392","targetHints":{"allow":["GET"]}}],"collection":[{"href":"https:\/\/www.porlalibreedomex.com\/index.php?rest_route=\/wp\/v2\/posts"}],"about":[{"href":"https:\/\/www.porlalibreedomex.com\/index.php?rest_route=\/wp\/v2\/types\/post"}],"author":[{"embeddable":true,"href":"https:\/\/www.porlalibreedomex.com\/index.php?rest_route=\/wp\/v2\/users\/3"}],"replies":[{"embeddable":true,"href":"https:\/\/www.porlalibreedomex.com\/index.php?rest_route=%2Fwp%2Fv2%2Fcomments&post=64392"}],"version-history":[{"count":1,"href":"https:\/\/www.porlalibreedomex.com\/index.php?rest_route=\/wp\/v2\/posts\/64392\/revisions"}],"predecessor-version":[{"id":64393,"href":"https:\/\/www.porlalibreedomex.com\/index.php?rest_route=\/wp\/v2\/posts\/64392\/revisions\/64393"}],"wp:featuredmedia":[{"embeddable":true,"href":"https:\/\/www.porlalibreedomex.com\/index.php?rest_route=\/wp\/v2\/media\/34187"}],"wp:attachment":[{"href":"https:\/\/www.porlalibreedomex.com\/index.php?rest_route=%2Fwp%2Fv2%2Fmedia&parent=64392"}],"wp:term":[{"taxonomy":"category","embeddable":true,"href":"https:\/\/www.porlalibreedomex.com\/index.php?rest_route=%2Fwp%2Fv2%2Fcategories&post=64392"},{"taxonomy":"post_tag","embeddable":true,"href":"https:\/\/www.porlalibreedomex.com\/index.php?rest_route=%2Fwp%2Fv2%2Ftags&post=64392"}],"curies":[{"name":"wp","href":"https:\/\/api.w.org\/{rel}","templated":true}]}}