{"id":64258,"date":"2023-04-05T16:25:50","date_gmt":"2023-04-05T21:25:50","guid":{"rendered":"https:\/\/www.porlalibreedomex.com\/?p=64258"},"modified":"2023-04-05T16:25:50","modified_gmt":"2023-04-05T21:25:50","slug":"exhorta-caem-a-mexiquenses-a-hacer-uso-responsable-del-agua-potable-en-vacaciones-de-semana-santa","status":"publish","type":"post","link":"https:\/\/www.porlalibreedomex.com\/?p=64258","title":{"rendered":"EXHORTA CAEM A MEXIQUENSES A HACER USO RESPONSABLE DEL AGUA POTABLE EN VACACIONES DE SEMANA SANTA"},"content":{"rendered":"<p>&nbsp;<\/p>\n<ul>\n<li><em><strong>Recomiendan acciones para ahorrar agua y evitar su desperdicio durante el periodo de descanso.<\/strong><\/em><\/li>\n<li><em><strong>Ofrece en sus redes sociales consejos, sugerencias y datos para ahorrar, reutilizar y administrar mejor el agua.<\/strong><\/em><\/li>\n<\/ul>\n<p>&nbsp;<\/p>\n<p><em><strong>Naucalpan, Estado de M\u00e9xico, 5 de abril de 2023.<\/strong> <\/em>La Comisi\u00f3n del Agua del Estado de M\u00e9xico (CAEM) invita a los mexiquenses a hacer uso responsable del agua potable y evitar su desperdicio en estas vacaciones de Semana Santa.<\/p>\n<p><a href=\"https:\/\/www.porlalibreedomex.com\/wp-content\/uploads\/2023\/04\/Ahorrar-agua-llama-la-CAEM.jpeg\"><img loading=\"lazy\" decoding=\"async\" class=\"aligncenter size-large wp-image-64259\" src=\"https:\/\/www.porlalibreedomex.com\/wp-content\/uploads\/2023\/04\/Ahorrar-agua-llama-la-CAEM-1024x682.jpeg\" alt=\"\" width=\"800\" height=\"533\" srcset=\"https:\/\/www.porlalibreedomex.com\/wp-content\/uploads\/2023\/04\/Ahorrar-agua-llama-la-CAEM-1024x682.jpeg 1024w, https:\/\/www.porlalibreedomex.com\/wp-content\/uploads\/2023\/04\/Ahorrar-agua-llama-la-CAEM-300x200.jpeg 300w, https:\/\/www.porlalibreedomex.com\/wp-content\/uploads\/2023\/04\/Ahorrar-agua-llama-la-CAEM-768x512.jpeg 768w, https:\/\/www.porlalibreedomex.com\/wp-content\/uploads\/2023\/04\/Ahorrar-agua-llama-la-CAEM-1536x1023.jpeg 1536w, https:\/\/www.porlalibreedomex.com\/wp-content\/uploads\/2023\/04\/Ahorrar-agua-llama-la-CAEM.jpeg 1600w\" sizes=\"auto, (max-width: 800px) 100vw, 800px\" \/><\/a><\/p>\n<p>Adem\u00e1s, recomend\u00f3 llevar a cabo acciones sencillas en el hogar como tomar ba\u00f1os cortos, evitar el uso de mangueras para lavar patios y autom\u00f3viles, detectar y reparar fugas en su instalaci\u00f3n hidr\u00e1ulica y cerrar bien las llaves para evitar que goteen, reutilizar el agua de la lavadora para labores dom\u00e9sticas, entre otras.<\/p>\n<p>En el sitio web y redes sociales de la CAEM, Instagram, Facebook, Twitter y Youtube, se pueden encontrar sugerencias, consejos y datos para ahorrar, reutilizar y administrar mejor el agua en los hogares, con el prop\u00f3sito de contribuir a que haya m\u00e1s litros de agua para el futuro.<\/p>\n<div style=\"width: 696px;\" class=\"wp-video\"><video class=\"wp-video-shortcode\" id=\"video-64258-1\" width=\"696\" height=\"391\" preload=\"metadata\" controls=\"controls\"><source type=\"video\/mp4\" src=\"https:\/\/www.porlalibreedomex.com\/wp-content\/uploads\/2023\/04\/LLAMA-LA-COMISION-DEL-AGUA-DEL-ESTADO-DE-MEXICO-A-USARLA-RACIONALMENTE.mp4?_=1\" \/><a href=\"https:\/\/www.porlalibreedomex.com\/wp-content\/uploads\/2023\/04\/LLAMA-LA-COMISION-DEL-AGUA-DEL-ESTADO-DE-MEXICO-A-USARLA-RACIONALMENTE.mp4\">https:\/\/www.porlalibreedomex.com\/wp-content\/uploads\/2023\/04\/LLAMA-LA-COMISION-DEL-AGUA-DEL-ESTADO-DE-MEXICO-A-USARLA-RACIONALMENTE.mp4<\/a><\/video><\/div>\n","protected":false},"excerpt":{"rendered":"<p>&nbsp; Recomiendan acciones para ahorrar agua y evitar su desperdicio durante el periodo de descanso. Ofrece en sus redes sociales consejos, sugerencias y datos para ahorrar, reutilizar y administrar mejor el agua. &nbsp; Naucalpan, Estado de M\u00e9xico, 5 de abril de 2023. La Comisi\u00f3n del Agua del Estado de M\u00e9xico (CAEM) invita a los mexiquenses [&hellip;]<\/p>\n","protected":false},"author":3,"featured_media":64260,"comment_status":"open","ping_status":"open","sticky":false,"template":"","format":"standard","meta":{"footnotes":""},"categories":[9157,16,9207],"tags":[29610,11161,29612,29611],"class_list":{"0":"post-64258","1":"post","2":"type-post","3":"status-publish","4":"format-standard","5":"has-post-thumbnail","7":"category-edomex","8":"category-foto","9":"category-medio-ambiente","10":"tag-ahorar-agua-en-vacaciones","11":"tag-comision-del-agua-del-estado-de-mexico","12":"tag-reutilizar-el-agua","13":"tag-uso-racional-del-agua-en-semana-santa"},"wps_subtitle":"","_links":{"self":[{"href":"https:\/\/www.porlalibreedomex.com\/index.php?rest_route=\/wp\/v2\/posts\/64258","targetHints":{"allow":["GET"]}}],"collection":[{"href":"https:\/\/www.porlalibreedomex.com\/index.php?rest_route=\/wp\/v2\/posts"}],"about":[{"href":"https:\/\/www.porlalibreedomex.com\/index.php?rest_route=\/wp\/v2\/types\/post"}],"author":[{"embeddable":true,"href":"https:\/\/www.porlalibreedomex.com\/index.php?rest_route=\/wp\/v2\/users\/3"}],"replies":[{"embeddable":true,"href":"https:\/\/www.porlalibreedomex.com\/index.php?rest_route=%2Fwp%2Fv2%2Fcomments&post=64258"}],"version-history":[{"count":1,"href":"https:\/\/www.porlalibreedomex.com\/index.php?rest_route=\/wp\/v2\/posts\/64258\/revisions"}],"predecessor-version":[{"id":64262,"href":"https:\/\/www.porlalibreedomex.com\/index.php?rest_route=\/wp\/v2\/posts\/64258\/revisions\/64262"}],"wp:featuredmedia":[{"embeddable":true,"href":"https:\/\/www.porlalibreedomex.com\/index.php?rest_route=\/wp\/v2\/media\/64260"}],"wp:attachment":[{"href":"https:\/\/www.porlalibreedomex.com\/index.php?rest_route=%2Fwp%2Fv2%2Fmedia&parent=64258"}],"wp:term":[{"taxonomy":"category","embeddable":true,"href":"https:\/\/www.porlalibreedomex.com\/index.php?rest_route=%2Fwp%2Fv2%2Fcategories&post=64258"},{"taxonomy":"post_tag","embeddable":true,"href":"https:\/\/www.porlalibreedomex.com\/index.php?rest_route=%2Fwp%2Fv2%2Ftags&post=64258"}],"curies":[{"name":"wp","href":"https:\/\/api.w.org\/{rel}","templated":true}]}}