{"id":64197,"date":"2023-03-26T02:01:52","date_gmt":"2023-03-26T08:01:52","guid":{"rendered":"https:\/\/www.porlalibreedomex.com\/?p=64197"},"modified":"2023-03-27T02:03:22","modified_gmt":"2023-03-27T08:03:22","slug":"preparan-primera-jornada-electoral-2023-en-los-los-20-centros-penitenciarios-y-de-reinsercion-social-mexiquenses","status":"publish","type":"post","link":"https:\/\/www.porlalibreedomex.com\/?p=64197","title":{"rendered":"PREPARAN PRIMERA JORNADA ELECTORAL 2023 EN LOS LOS 20 CENTROS PENITENCIARIOS Y DE REINSERCI\u00d3N SOCIAL MEXIQUENSES"},"content":{"rendered":"<p>&nbsp;<\/p>\n<p>\u2022 <em><strong>Es la primera vez que se realizar\u00e1 en un estado de la Rep\u00fablica mexicana una jornada electoral con poblaci\u00f3n penitenciaria en situaci\u00f3n de procesados.<\/strong><\/em><br \/>\n<em><strong>\u2022 Contemplan participaci\u00f3n de 6 mil 890 Personas Privadas de la Libertad, quienes podr\u00e1n formar parte de este ejercicio.<\/strong><\/em><\/p>\n<p><strong>Toluca, Estado de M\u00e9xico, 26 de marzo de 2023.<\/strong> A trav\u00e9s de la Secretar\u00eda de Seguridad, el Gobierno del Estado de M\u00e9xico llevar\u00e1 a cabo la primera jornada electoral en la que participar\u00e1n Personas Privadas de la Libertad (PPL) de los 20 Centros de Penitenciarios y de Reinserci\u00f3n Social (CPRS) del territorio estatal, siendo la primera entidad en el pa\u00eds en registrar un hecho de esta magnitud.<\/p>\n<p>El Sistema Penitenciario cuenta con un estimado de 9 mil 850 PPL en calidad de procesados, mismos que son susceptibles de derecho al voto tal y como lo marcan las autoridades electorales.<\/p>\n<p>Sin embargo, con base en el Acuerdo del Consejo General del Instituto Nacional Electoral por el que se Aprueban los Lineamientos, Modelo de Operaci\u00f3n y Documentaci\u00f3n Electoral para la Organizaci\u00f3n de la Prueba Piloto del Voto de las Personas en Prisi\u00f3n Preventiva, esta tasa se redujo a 6 mil 890 internos e internas.<\/p>\n<p>Lo anterior, entre otras cuestiones, debido a que algunas PPL no cumpl\u00edan los requisitos entre los que se encuentran estar inscritos en la Lista Nominal de electores en territorio nacional con domicilio en el Estado de M\u00e9xico, en tanto, que algunas no manifestaron su intenci\u00f3n de registrarse en este ejercicio.<\/p>\n<p><a href=\"https:\/\/www.porlalibreedomex.com\/wp-content\/uploads\/2023\/03\/Prepara-el-Gobierno-del-Estado-de-Mexico-la-jornada-de-votacion-que-se-hara-desde-el-interior-de-los-centros-de-Prevencion-y-Readaptacion-Social..jpeg\"><img loading=\"lazy\" decoding=\"async\" class=\"aligncenter size-large wp-image-64198\" src=\"https:\/\/www.porlalibreedomex.com\/wp-content\/uploads\/2023\/03\/Prepara-el-Gobierno-del-Estado-de-Mexico-la-jornada-de-votacion-que-se-hara-desde-el-interior-de-los-centros-de-Prevencion-y-Readaptacion-Social.-1024x595.jpeg\" alt=\"\" width=\"800\" height=\"465\" srcset=\"https:\/\/www.porlalibreedomex.com\/wp-content\/uploads\/2023\/03\/Prepara-el-Gobierno-del-Estado-de-Mexico-la-jornada-de-votacion-que-se-hara-desde-el-interior-de-los-centros-de-Prevencion-y-Readaptacion-Social.-1024x595.jpeg 1024w, https:\/\/www.porlalibreedomex.com\/wp-content\/uploads\/2023\/03\/Prepara-el-Gobierno-del-Estado-de-Mexico-la-jornada-de-votacion-que-se-hara-desde-el-interior-de-los-centros-de-Prevencion-y-Readaptacion-Social.-300x174.jpeg 300w, https:\/\/www.porlalibreedomex.com\/wp-content\/uploads\/2023\/03\/Prepara-el-Gobierno-del-Estado-de-Mexico-la-jornada-de-votacion-que-se-hara-desde-el-interior-de-los-centros-de-Prevencion-y-Readaptacion-Social.-768x446.jpeg 768w, https:\/\/www.porlalibreedomex.com\/wp-content\/uploads\/2023\/03\/Prepara-el-Gobierno-del-Estado-de-Mexico-la-jornada-de-votacion-que-se-hara-desde-el-interior-de-los-centros-de-Prevencion-y-Readaptacion-Social..jpeg 1058w\" sizes=\"auto, (max-width: 800px) 100vw, 800px\" \/><\/a><\/p>\n<p>De com\u00fan acuerdo con los representantes electorales, se establecieron espacios para que puedan instalarse las casillas, para la votaci\u00f3n anticipada a efectuarse del 15 al 19 de mayo, tomando en consideraci\u00f3n que fueran sitios abiertos, de f\u00e1cil acceso, adem\u00e1s de que posibiliten una adecuada supervisi\u00f3n para asemejarse lo m\u00e1s que se pueda a una jornada en el exterior, a fin de brindar certeza jur\u00eddica y transparencia sobre la base de lo que demanda la ley y la ciudadan\u00eda.<\/p>\n<p>Este proceso fue gestado por el Poder Judicial de la Federaci\u00f3n, quien en 2019 inst\u00f3 a las autoridades electorales federales y estatales a establecer una serie de proyectos prueba para garantizar el ejercicio del derecho al voto a las PPL, que se encuentran bajo la medida de prisi\u00f3n preventiva oficiosa, debido a que sus derechos pol\u00edticos y civiles no han sido cancelados sino \u00fanicamente limitados.<\/p>\n<p>Aunado a lo anterior, es vital la corresponsabilidad en relaci\u00f3n de salvaguardar los ciclos de la informaci\u00f3n, al contribuir en la protecci\u00f3n de datos y garantizar que se use para lo que est\u00e1 destinado: el derecho al voto.<\/p>\n<p>Los partidos pol\u00edticos y coaliciones electorales har\u00e1n llegar a los Centros Penitenciaros material impreso de candidatos y propuestas; una vez definida la lista nominal, las PPL que participen tendr\u00e1n acceso a los debates en las distintas \u00e1reas comunes que comparten al interior de los CPRS.<\/p>\n<p>La paqueter\u00eda electoral que dispone la autoridad ser\u00e1 entregada a las PPL de forma individual y personalizada, con los nombres de cada persona que result\u00f3 procedente y aprobada para la Lista Nominal final, conteniendo las plataformas electorales, en donde ejercer\u00e1n su derecho al voto de manera libre y secreta.<\/p>\n<p>En este proceso no habr\u00e1 acceso a urnas, el voto emitido ser\u00e1 entregado en sobre cerrado a las y los funcionarios de casilla, los que, posteriormente, se llevar\u00e1n a las juntas locales electorales del municipio donde est\u00e9 ubicado el Centro Penitenciario, brindando acompa\u00f1amiento a la seguridad en el trayecto de dicha paqueter\u00eda como lo disponen las normas.<\/p>\n<p><a href=\"https:\/\/www.porlalibreedomex.com\/wp-content\/uploads\/2023\/03\/Por-primera-vez-en-una-Entidad-Federativa-los-internos-procesados-podran-votar-para-les-elecciones-de-junio-de-2023.jpeg\"><img loading=\"lazy\" decoding=\"async\" class=\"aligncenter size-large wp-image-64200\" src=\"https:\/\/www.porlalibreedomex.com\/wp-content\/uploads\/2023\/03\/Por-primera-vez-en-una-Entidad-Federativa-los-internos-procesados-podran-votar-para-les-elecciones-de-junio-de-2023-1024x575.jpeg\" alt=\"\" width=\"800\" height=\"449\" srcset=\"https:\/\/www.porlalibreedomex.com\/wp-content\/uploads\/2023\/03\/Por-primera-vez-en-una-Entidad-Federativa-los-internos-procesados-podran-votar-para-les-elecciones-de-junio-de-2023-1024x575.jpeg 1024w, https:\/\/www.porlalibreedomex.com\/wp-content\/uploads\/2023\/03\/Por-primera-vez-en-una-Entidad-Federativa-los-internos-procesados-podran-votar-para-les-elecciones-de-junio-de-2023-300x169.jpeg 300w, https:\/\/www.porlalibreedomex.com\/wp-content\/uploads\/2023\/03\/Por-primera-vez-en-una-Entidad-Federativa-los-internos-procesados-podran-votar-para-les-elecciones-de-junio-de-2023-768x431.jpeg 768w, https:\/\/www.porlalibreedomex.com\/wp-content\/uploads\/2023\/03\/Por-primera-vez-en-una-Entidad-Federativa-los-internos-procesados-podran-votar-para-les-elecciones-de-junio-de-2023.jpeg 1125w\" sizes=\"auto, (max-width: 800px) 100vw, 800px\" \/><\/a><\/p>\n<p>\u201cEs la primera vez que se va a llevar a cabo en un estado de la Rep\u00fablica, no hay un referente anterior en donde se lleve a cabo en todos los Centros Penitenciarios, en donde exista poblaci\u00f3n penitenciaria con estas caracter\u00edsticas jur\u00eddicas, es la primera vez que se toma en cuenta a toda la poblaci\u00f3n penitenciaria que se encuentra en esta condici\u00f3n; nosotros estamos seguros y queremos que as\u00ed sea, que esto marque un referente en lo que tiene que ver con la vida penitenciaria\u201d, indic\u00f3 el Subsecretario de Control Penitenciario, Jacobo Olaf Rodr\u00edguez Garc\u00eda.<\/p>\n<p>Los requisitos para el ingreso a los CPRS por parte de representantes de casilla y de partido, se generaron en funci\u00f3n de lineamientos de procedencia que marca la autoridad electoral; sin embargo, la Secretar\u00eda de Seguridad sugiri\u00f3 que se integrara la regla de no estar ligado a alguna PPL del CPRS correspondiente, para garantizar el orden y la seguridad del ejercicio.<\/p>\n<p>\u201cPara nosotros es muy importante que en el Estado de M\u00e9xico tenga un buen destino este ejercicio, porque es la primera vez que se va a llevar a cabo de manera amplia y eso significa que tenemos un sistema penitenciario robusto, que tenemos un sistema penitenciario con gobierno, esto significa que tenemos un sistema penitenciario eficiente, que hay orden, que hay disciplina y que por consecuencia podemos llevar a cabo estos ejercicios, \u00e9ste y otros tantos m\u00e1s que garanticen derechos y una efectiva reinserci\u00f3n social en todos nuestros Centros Penitenciaros\u201d, dijo el Subsecretario.<\/p>\n<p>Arlenn N., quien se encuentra recluida en el CPRS de Santiaguito indic\u00f3 que para ella es de suma importancia que se haga valer su voto para poder elegir al representante que gobernar\u00e1 su Estado.<\/p>\n<p>\u201cSiento que estoy tomada en cuenta, entonces me siento bien con esa decisi\u00f3n ya que me pueden dar la oportunidad de votar\u00bb, dijo.<\/p>\n<p>En tanto, Pablo N., PPL del CPRS de Tenango del Valle, agradeci\u00f3 la oportunidad de poder participar en este ejercicio, as\u00ed como la informaci\u00f3n que se les ha proporcionado respecto al tema.<\/p>\n<p>\u201cNos hicieron la invitaci\u00f3n, hasta eso, agradecemos mucho que nos hayan tomado en cuenta y es algo importante para nosotros los mexicanos, entonces me inscrib\u00ed para poder votar en las siguientes elecciones\u00bb, expres\u00f3.<\/p>\n<p>Por su parte Flor N., tambi\u00e9n del CPRS de Santiaguito, indic\u00f3 que \u201cse me hace muy padre poder dar voz a\u00fan estando en este lugar, pues en lo que se define nuestra situaci\u00f3n jur\u00eddica podemos tener esa voz y voto para poder tener esa participaci\u00f3n; es algo padre que nos tomen en cuenta, que no perdamos nuestros derechos que a\u00fan tenemos\u201d.<\/p>\n<p>La Secretar\u00eda de Seguridad del Estado de M\u00e9xico recuerda que los tel\u00e9fonos 089 Denuncia An\u00f3nima y 911 N\u00famero de Emergencias trabajan las 24 horas del d\u00eda, adem\u00e1s de que est\u00e1n disponibles a la ciudadan\u00eda el contacto a trav\u00e9s de las redes sociales, Facebook @SS.Edomex y Twitter @SS_Edomex.<\/p>\n","protected":false},"excerpt":{"rendered":"<p>&nbsp; \u2022 Es la primera vez que se realizar\u00e1 en un estado de la Rep\u00fablica mexicana una jornada electoral con poblaci\u00f3n penitenciaria en situaci\u00f3n de procesados. \u2022 Contemplan participaci\u00f3n de 6 mil 890 Personas Privadas de la Libertad, quienes podr\u00e1n formar parte de este ejercicio. Toluca, Estado de M\u00e9xico, 26 de marzo de 2023. A [&hellip;]<\/p>\n","protected":false},"author":3,"featured_media":64199,"comment_status":"open","ping_status":"open","sticky":false,"template":"","format":"standard","meta":{"footnotes":""},"categories":[9157,16],"tags":[29580,10948,29581],"class_list":{"0":"post-64197","1":"post","2":"type-post","3":"status-publish","4":"format-standard","5":"has-post-thumbnail","7":"category-edomex","8":"category-foto","9":"tag-prueba-piloto-del-voto-de-internos","10":"tag-secretaria-de-seguridad-edomex","11":"tag-votar-desde-la-carcel"},"wps_subtitle":"Podr\u00e1n votar desde el iterior del Cereso casi 10 internos que a\u00fan est\u00e1n en calidad de Procesados ","_links":{"self":[{"href":"https:\/\/www.porlalibreedomex.com\/index.php?rest_route=\/wp\/v2\/posts\/64197","targetHints":{"allow":["GET"]}}],"collection":[{"href":"https:\/\/www.porlalibreedomex.com\/index.php?rest_route=\/wp\/v2\/posts"}],"about":[{"href":"https:\/\/www.porlalibreedomex.com\/index.php?rest_route=\/wp\/v2\/types\/post"}],"author":[{"embeddable":true,"href":"https:\/\/www.porlalibreedomex.com\/index.php?rest_route=\/wp\/v2\/users\/3"}],"replies":[{"embeddable":true,"href":"https:\/\/www.porlalibreedomex.com\/index.php?rest_route=%2Fwp%2Fv2%2Fcomments&post=64197"}],"version-history":[{"count":1,"href":"https:\/\/www.porlalibreedomex.com\/index.php?rest_route=\/wp\/v2\/posts\/64197\/revisions"}],"predecessor-version":[{"id":64201,"href":"https:\/\/www.porlalibreedomex.com\/index.php?rest_route=\/wp\/v2\/posts\/64197\/revisions\/64201"}],"wp:featuredmedia":[{"embeddable":true,"href":"https:\/\/www.porlalibreedomex.com\/index.php?rest_route=\/wp\/v2\/media\/64199"}],"wp:attachment":[{"href":"https:\/\/www.porlalibreedomex.com\/index.php?rest_route=%2Fwp%2Fv2%2Fmedia&parent=64197"}],"wp:term":[{"taxonomy":"category","embeddable":true,"href":"https:\/\/www.porlalibreedomex.com\/index.php?rest_route=%2Fwp%2Fv2%2Fcategories&post=64197"},{"taxonomy":"post_tag","embeddable":true,"href":"https:\/\/www.porlalibreedomex.com\/index.php?rest_route=%2Fwp%2Fv2%2Ftags&post=64197"}],"curies":[{"name":"wp","href":"https:\/\/api.w.org\/{rel}","templated":true}]}}