{"id":64166,"date":"2023-03-24T00:44:55","date_gmt":"2023-03-24T06:44:55","guid":{"rendered":"https:\/\/www.porlalibreedomex.com\/?p=64166"},"modified":"2023-03-25T00:47:04","modified_gmt":"2023-03-25T06:47:04","slug":"fallece-policia-de-metepec-en-cumplimiento-de-su-deber","status":"publish","type":"post","link":"https:\/\/www.porlalibreedomex.com\/?p=64166","title":{"rendered":"FALLECE POLIC\u00cdA DE METEPEC EN CUMPLIMIENTO DE SU DEBER"},"content":{"rendered":"<p><strong>Viernes 24 de marzo de 2013.-<\/strong> Esta ma\u00f1ana alrededor de las 4:50 horas, elementos del Grupo T\u00e1ctico de la Direcci\u00f3n de Seguridad P\u00fablica de Metepec, acudieron al llamado ciudadano para evitar el robo a una ferreter\u00eda en avenida Gobernadores esquina San Diego de los Padres en Infonavit San Francisco.<\/p>\n<p>Elementos de la corporaci\u00f3n al dar respuesta inmediata fueron recibidos a balazos. De forma valiente se enfrentaron\u00a0 al delincuente.<\/p>\n<div style=\"width: 696px;\" class=\"wp-video\"><video class=\"wp-video-shortcode\" id=\"video-64166-1\" width=\"696\" height=\"394\" preload=\"metadata\" controls=\"controls\"><source type=\"video\/mp4\" src=\"https:\/\/www.porlalibreedomex.com\/wp-content\/uploads\/2023\/03\/El-Comisario-de-la-Policia-Municipal-de-Metepec-Jesus-Ramirez-Manzur-informa-de-lo-sucedido..mp4?_=1\" \/><a href=\"https:\/\/www.porlalibreedomex.com\/wp-content\/uploads\/2023\/03\/El-Comisario-de-la-Policia-Municipal-de-Metepec-Jesus-Ramirez-Manzur-informa-de-lo-sucedido..mp4\">https:\/\/www.porlalibreedomex.com\/wp-content\/uploads\/2023\/03\/El-Comisario-de-la-Policia-Municipal-de-Metepec-Jesus-Ramirez-Manzur-informa-de-lo-sucedido..mp4<\/a><\/video><\/div>\n<p>Tras el itercambio de disparon con el malhechor, result\u00f3 muerto un elemento y otro m\u00e1s herido quien fue trasladado para su atenci\u00f3n m\u00e9dica.<\/p>\n<p>El delincuente tambi\u00e9n recibi\u00f3 impacto mortal de arma de fuego.<\/p>\n<p>Personal de la Fiscalia General de Justicia del Estado de M\u00e9xico lleg\u00f3 momento despu\u00e9s para el levantamiento de evidencias e inicio de investigaci\u00f3n.<\/p>\n<figure id=\"attachment_64167\" aria-describedby=\"caption-attachment-64167\" style=\"width: 1600px\" class=\"wp-caption aligncenter\"><a href=\"https:\/\/www.porlalibreedomex.com\/wp-content\/uploads\/2023\/03\/Policias-municipales-de-Metepec-se-enfrentaron-a-un-ladron-sorprendido-en-flagrancia-y-lamentablemente-fallecio-un-elemento-pero-tambien-el-ratero..jpeg\"><img loading=\"lazy\" decoding=\"async\" class=\"size-full wp-image-64167\" src=\"https:\/\/www.porlalibreedomex.com\/wp-content\/uploads\/2023\/03\/Policias-municipales-de-Metepec-se-enfrentaron-a-un-ladron-sorprendido-en-flagrancia-y-lamentablemente-fallecio-un-elemento-pero-tambien-el-ratero..jpeg\" alt=\"\" width=\"1600\" height=\"900\" srcset=\"https:\/\/www.porlalibreedomex.com\/wp-content\/uploads\/2023\/03\/Policias-municipales-de-Metepec-se-enfrentaron-a-un-ladron-sorprendido-en-flagrancia-y-lamentablemente-fallecio-un-elemento-pero-tambien-el-ratero..jpeg 1600w, https:\/\/www.porlalibreedomex.com\/wp-content\/uploads\/2023\/03\/Policias-municipales-de-Metepec-se-enfrentaron-a-un-ladron-sorprendido-en-flagrancia-y-lamentablemente-fallecio-un-elemento-pero-tambien-el-ratero.-300x169.jpeg 300w, https:\/\/www.porlalibreedomex.com\/wp-content\/uploads\/2023\/03\/Policias-municipales-de-Metepec-se-enfrentaron-a-un-ladron-sorprendido-en-flagrancia-y-lamentablemente-fallecio-un-elemento-pero-tambien-el-ratero.-1024x576.jpeg 1024w, https:\/\/www.porlalibreedomex.com\/wp-content\/uploads\/2023\/03\/Policias-municipales-de-Metepec-se-enfrentaron-a-un-ladron-sorprendido-en-flagrancia-y-lamentablemente-fallecio-un-elemento-pero-tambien-el-ratero.-768x432.jpeg 768w, https:\/\/www.porlalibreedomex.com\/wp-content\/uploads\/2023\/03\/Policias-municipales-de-Metepec-se-enfrentaron-a-un-ladron-sorprendido-en-flagrancia-y-lamentablemente-fallecio-un-elemento-pero-tambien-el-ratero.-1536x864.jpeg 1536w\" sizes=\"auto, (max-width: 1600px) 100vw, 1600px\" \/><\/a><figcaption id=\"caption-attachment-64167\" class=\"wp-caption-text\">Polic\u00edas municipales de Metepec se enfrentaron a un ladr\u00f3n sorprendido en flagrancia y lamentablemente falleci\u00f3 un elemento, pero tambi\u00e9n el ratero.<\/figcaption><\/figure>\n<p><a href=\"https:\/\/www.porlalibreedomex.com\/wp-content\/uploads\/2023\/03\/Habra-homenaje-al-policia-de-Metepec-caido-en-cumplimiento-de-su-deber..jpeg\"><img loading=\"lazy\" decoding=\"async\" class=\"aligncenter size-large wp-image-64170\" src=\"https:\/\/www.porlalibreedomex.com\/wp-content\/uploads\/2023\/03\/Habra-homenaje-al-policia-de-Metepec-caido-en-cumplimiento-de-su-deber.-1024x1024.jpeg\" alt=\"\" width=\"800\" height=\"800\" srcset=\"https:\/\/www.porlalibreedomex.com\/wp-content\/uploads\/2023\/03\/Habra-homenaje-al-policia-de-Metepec-caido-en-cumplimiento-de-su-deber.-1024x1024.jpeg 1024w, https:\/\/www.porlalibreedomex.com\/wp-content\/uploads\/2023\/03\/Habra-homenaje-al-policia-de-Metepec-caido-en-cumplimiento-de-su-deber.-300x300.jpeg 300w, https:\/\/www.porlalibreedomex.com\/wp-content\/uploads\/2023\/03\/Habra-homenaje-al-policia-de-Metepec-caido-en-cumplimiento-de-su-deber.-150x150.jpeg 150w, https:\/\/www.porlalibreedomex.com\/wp-content\/uploads\/2023\/03\/Habra-homenaje-al-policia-de-Metepec-caido-en-cumplimiento-de-su-deber.-768x768.jpeg 768w, https:\/\/www.porlalibreedomex.com\/wp-content\/uploads\/2023\/03\/Habra-homenaje-al-policia-de-Metepec-caido-en-cumplimiento-de-su-deber.-1536x1536.jpeg 1536w, https:\/\/www.porlalibreedomex.com\/wp-content\/uploads\/2023\/03\/Habra-homenaje-al-policia-de-Metepec-caido-en-cumplimiento-de-su-deber..jpeg 1600w\" sizes=\"auto, (max-width: 800px) 100vw, 800px\" \/><\/a><\/p>\n<p>Ma\u00f1ana s\u00e1bado por la ma\u00f1ana se rendir\u00e1n honores al elemento fallecido, y se montar\u00e1 guardia de cuerpo presente en la Plaza\u00a0 Ju\u00e1rez del centro de Metepec, a la cual acudir\u00e1n las autoridades encabezadas por el Presidente Municipal, Fernando Flores Fern\u00e1ndez, as\u00ed como elementos de la corporaci\u00f3n encabezados por el Comisario Jes\u00fas Alberto Ram\u00edrez Manzur.<\/p>\n","protected":false},"excerpt":{"rendered":"<p>Viernes 24 de marzo de 2013.- Esta ma\u00f1ana alrededor de las 4:50 horas, elementos del Grupo T\u00e1ctico de la Direcci\u00f3n de Seguridad P\u00fablica de Metepec, acudieron al llamado ciudadano para evitar el robo a una ferreter\u00eda en avenida Gobernadores esquina San Diego de los Padres en Infonavit San Francisco. Elementos de la corporaci\u00f3n al dar [&hellip;]<\/p>\n","protected":false},"author":3,"featured_media":64168,"comment_status":"open","ping_status":"open","sticky":false,"template":"","format":"standard","meta":{"footnotes":""},"categories":[16,13786,9149],"tags":[29559,29561,29562,29560,26599],"class_list":{"0":"post-64166","1":"post","2":"type-post","3":"status-publish","4":"format-standard","5":"has-post-thumbnail","7":"category-foto","8":"category-gobierno","9":"category-policiaca","10":"tag-cae-policia-de-metepec-en-balacera","11":"tag-caido-en-cumplimiento-del-deber","12":"tag-comisario-jesus-ramirez-manzur","13":"tag-elemento-de-la-policia-municipal-de-metepec","14":"tag-presidente-municipal-fernando-flores"},"wps_subtitle":"Acudieron elementos de la Corporaci\u00f3n para evitar un rodo a una ferreter\u00eda, y fueron recibidos a balazos.","_links":{"self":[{"href":"https:\/\/www.porlalibreedomex.com\/index.php?rest_route=\/wp\/v2\/posts\/64166","targetHints":{"allow":["GET"]}}],"collection":[{"href":"https:\/\/www.porlalibreedomex.com\/index.php?rest_route=\/wp\/v2\/posts"}],"about":[{"href":"https:\/\/www.porlalibreedomex.com\/index.php?rest_route=\/wp\/v2\/types\/post"}],"author":[{"embeddable":true,"href":"https:\/\/www.porlalibreedomex.com\/index.php?rest_route=\/wp\/v2\/users\/3"}],"replies":[{"embeddable":true,"href":"https:\/\/www.porlalibreedomex.com\/index.php?rest_route=%2Fwp%2Fv2%2Fcomments&post=64166"}],"version-history":[{"count":1,"href":"https:\/\/www.porlalibreedomex.com\/index.php?rest_route=\/wp\/v2\/posts\/64166\/revisions"}],"predecessor-version":[{"id":64171,"href":"https:\/\/www.porlalibreedomex.com\/index.php?rest_route=\/wp\/v2\/posts\/64166\/revisions\/64171"}],"wp:featuredmedia":[{"embeddable":true,"href":"https:\/\/www.porlalibreedomex.com\/index.php?rest_route=\/wp\/v2\/media\/64168"}],"wp:attachment":[{"href":"https:\/\/www.porlalibreedomex.com\/index.php?rest_route=%2Fwp%2Fv2%2Fmedia&parent=64166"}],"wp:term":[{"taxonomy":"category","embeddable":true,"href":"https:\/\/www.porlalibreedomex.com\/index.php?rest_route=%2Fwp%2Fv2%2Fcategories&post=64166"},{"taxonomy":"post_tag","embeddable":true,"href":"https:\/\/www.porlalibreedomex.com\/index.php?rest_route=%2Fwp%2Fv2%2Ftags&post=64166"}],"curies":[{"name":"wp","href":"https:\/\/api.w.org\/{rel}","templated":true}]}}