{"id":62978,"date":"2022-12-18T01:07:22","date_gmt":"2022-12-18T07:07:22","guid":{"rendered":"https:\/\/www.porlalibreedomex.com\/?p=62978"},"modified":"2022-12-19T01:08:05","modified_gmt":"2022-12-19T07:08:05","slug":"alebrijes-en-cuadratines-violencia-desatada","status":"publish","type":"post","link":"https:\/\/www.porlalibreedomex.com\/?p=62978","title":{"rendered":"Alebrijes en Cuadratines \/ Violencia desatada"},"content":{"rendered":"<div dir=\"ltr\">\n<div>\n<p>&nbsp;<\/p>\n<p><strong>Adri\u00e1n Chavarr\u00eda Espinosa \/<\/strong><\/p>\n<p align=\"right\"><strong><a href=\"mailto:ache57@yahoo.com.mx\" target=\"_blank\" rel=\"nofollow noopener\"><i>ache57@yahoo.com.mx \/<\/i><\/a><i><\/i><\/strong><\/p>\n<p><strong>L<\/strong>a reciente agresi\u00f3n a tiros hacia el periodista Ciro G\u00f3mez Leyva no solamente debe verse desde la perspectiva de un ataque hacia un comunicador, quien se ha manifestado como un constante y destacado cr\u00edtico de las diferentes autoridades, en particular del actual presidente Andr\u00e9s Manuel L\u00f3pez Obrador.<\/p>\n<p>Entre las diversas perspectivas por las cuales podr\u00eda analizarse este hecho, dos destacan. Por un lado, el creciente nivel de violencia de parte del crimen organizado hacia diversas autoridades y, por el otro, el constante ataque del gobierno federal a comunicadores que de diversas formas han expresado su desacuerdo con las autoridades federales, quienes los ven m\u00e1s como enemigos que como cr\u00edticos o adversarios.<\/p>\n<p>En el primer caso el es evidente que las acciones del crimen organizado han escalado a niveles nunca visto antes, incluso podr\u00edan considerarse como un reto para todas las autoridades. Veamos hechos recientes que se han mantenido impunes a pesar de existir no solo sospechosos sino presuntos responsables con nombres definidos.<\/p>\n<p>En un recuento de casos se tienen el asesinato de dos sacerdotes jesuitas y un gu\u00eda de turistas en una iglesia de la comunidad de Cerocahui, en CHihuahuam cometido por Jes\u00fas Noriel Portillo Herrera, alias \u201cEl Chueco\u201d, identificado como el jefe de la c\u00e9lula \u2018Los Salazar\u2019 del C\u00e1rtel de Sinaloa; a quien se le atribuyen muchos y diversos il\u00edcitos.<\/p>\n<p>El 5 de octubre, Jos\u00e9 Alfredo Hurtado, \u201cEl Fresa\u201d, presunto l\u00edder de La Familia Michoacana, perpetr\u00f3 junto con Jhony \u2018N\u2019, alias \u2018El Pez\u2019, la masacre en San Miguel Totolapan,<\/p>\n<p>Guerrero, con un saldo de 20 muertos, entre ellos el alcalde Conrado Mendoza, y su padre.<\/p>\n<p>El 10 de diciembre unas 50 camionetas rotuladas con las letras \u201cFM\u201d \u2013de la Familia Michoacana\u2013, irrumpieron en la comunidad de El Durazno, en Coyuca de Catal\u00e1n, Tierra Caliente de Guerrero, m\u00e1s de cien sicarios encapuchados y equipados con fusiles AK-47 y R-15, asesinaron a siete pobladores, entre ellos un ni\u00f1o de 11 a\u00f1os. Las autoridades tardaron m\u00e1s de 24 horas en llegar al lugar de los hechos para empezar a investigar.<\/p>\n<p>Pero no son solamente el incremento en el nivel de los hechos violentos, tambi\u00e9n ya son agresiones contra altos mandos de las fuerzas armadas, como el asesinato del general Jos\u00e9 Silvestre Urz\u00faa Padilla, coordinador de la Guardia Nacional en Zacatecas, durante una emboscada sucedida el 24 de noviembre del 2021 durante una emboscada organizada por miembros de la delincuencia organizada.<\/p>\n<p>Mas recientemente, en una situaci\u00f3n no aclarada, se habl\u00f3 del presunto secuestro y asesinato del coronel del Ej\u00e9rcito Mexicano Jos\u00e9 Isidro Grimaldo Mu\u00f1oz, secuestrado la tarde del 13 de martes en el estado de Jalisco. Informes filtrados a medios locales por la Secretar\u00eda de la Defensa Nacional reportan que el militar estuvo a cargo del cuerpo especial \u201cDragones Urbanos\u201d en Tamaulipas, y que se dirig\u00eda a Zacatecas cuando \u201cdesapareci\u00f3\u201d. De confirmarse este hecho ser\u00eda algo grave por el nivel del militar.<\/p>\n<p>Se ratifica que la estrategia de seguridad p\u00fablica, de \u201cabrazos, no balazos\u201d, no responde a las necesidades de la sociedad y muy probablemente seguir\u00e1, pero de no frenarse el avance de la delincuencia, muy probablemente sus siguientes blancos ser\u00edan personalidades p\u00fablicas y pol\u00edticas de alto nivel, como son funcionarios, jueces, periodistas, artistas, deportistas y toda figura p\u00fablica. Esperemos que cuando reaccionen las autoridades no sea demasiado tarde.<\/p>\n<p>El otro aspecto por analizar en el aspecto de G\u00f3mez Leyva es el constante ataque desde las conferencias ma\u00f1aneras presidenciales en Palacio Nacional a quienes m\u00e1s que adversarios considerados enemigos, siendo los blancos m\u00e1s usuales desde pol\u00edticos, empresarios, \u201cintelectuales org\u00e1nicos\u201d hasta comunicadores, entre otros, pero sus constantes objetivos han sido Felipe Calder\u00f3n Nieto y Genaro Garc\u00eda Luna.<\/p>\n<p>En el caso de los periodistas L\u00f3pez Obrador ha endurecido sus expresiones. Tan solo el 14 de diciembre se le \u201cocurri\u00f3\u201d decir que escuchar los servicios informativos de Ciro G\u00f3mez Leyva, Carlos Loret de Mola o Sergio Sarmiento \u201ces hasta da\u00f1ino para la salud. O esa, si los escucha uno mucho, hasta le puede salir a uno un tumor en el cerebro.\u201d<\/p>\n<p>Por supuesto, quiz\u00e1 para quienes no coinciden con sus puntos de vista result\u00f3 ser un mal chiste, pero no puede descartarse que para muchos de sus fieles seguidores haya sido m\u00e1s que una ocurrencia sino la indicaci\u00f3n de que deber\u00edan de adoptar alguna medida para \u201cevitar la propagaci\u00f3n de ese mal\u201d y, para ello, no les importar\u00eda agredir a uno de esos \u201cadversarios\u201d.<\/p>\n<p>Ante ello y a fin de congraciarse con quienes integran el autollamado Gobierno de la 4\u00aa Transformaci\u00f3n, no se puede descartar que algunas personas se hayan organizado para cometer el atentado contra G\u00f3mez Leyva, el cual afortunadamente fracaso.<\/p>\n<p>Ante estos hechos representantes del gremio period\u00edstico y pol\u00edtico han demandado al presidente y a sus seguidores terminar con ese tipo de ataques verbales que \u00fanicamente provocan es incrementar la polarizaci\u00f3n social, lo cual de ninguna forma resulta positivo.<\/p>\n<p>Si bien lo expuesto son ideas del porqu\u00e9 sucedi\u00f3 la agresi\u00f3n al periodista, pero de ninguna forma deben descartarse. Para ello es necesario que las autoridades investiguen y aclaren todo lo sucedido y sancionar a los responsables.<\/p>\n<p>Pero, aunque se llegue a la verdad eso no significar\u00eda que se debe mantener vigente la pol\u00edtica contra los grupos criminales, como tampoco mantener el foro de las ma\u00f1aneras como el sitio para atacar a los \u201cadversarios\u201d, lo cual sin duda no beneficia de ninguna manera para tener una sociedad sino unida, al menos no confrontada.<\/p>\n<\/div>\n<\/div>\n<div><\/div>\n","protected":false},"excerpt":{"rendered":"<p>&nbsp; Adri\u00e1n Chavarr\u00eda Espinosa \/ ache57@yahoo.com.mx \/ La reciente agresi\u00f3n a tiros hacia el periodista Ciro G\u00f3mez Leyva no solamente debe verse desde la perspectiva de un ataque hacia un comunicador, quien se ha manifestado como un constante y destacado cr\u00edtico de las diferentes autoridades, en particular del actual presidente Andr\u00e9s Manuel L\u00f3pez Obrador. Entre [&hellip;]<\/p>\n","protected":false},"author":3,"featured_media":62979,"comment_status":"open","ping_status":"open","sticky":false,"template":"","format":"standard","meta":{"footnotes":""},"categories":[23,16,9149],"tags":[23495,261,28933],"class_list":["post-62978","post","type-post","status-publish","format-standard","has-post-thumbnail","category-columna","category-foto","category-policiaca","tag-abrazos-no-balazos","tag-alebrijes-en-cuadratines","tag-violencia-desatada"],"wps_subtitle":"In\u00fatil y sospecjhosa pol\u00edotica de \"Abrazos, no balazos\"","_links":{"self":[{"href":"https:\/\/www.porlalibreedomex.com\/index.php?rest_route=\/wp\/v2\/posts\/62978","targetHints":{"allow":["GET"]}}],"collection":[{"href":"https:\/\/www.porlalibreedomex.com\/index.php?rest_route=\/wp\/v2\/posts"}],"about":[{"href":"https:\/\/www.porlalibreedomex.com\/index.php?rest_route=\/wp\/v2\/types\/post"}],"author":[{"embeddable":true,"href":"https:\/\/www.porlalibreedomex.com\/index.php?rest_route=\/wp\/v2\/users\/3"}],"replies":[{"embeddable":true,"href":"https:\/\/www.porlalibreedomex.com\/index.php?rest_route=%2Fwp%2Fv2%2Fcomments&post=62978"}],"version-history":[{"count":1,"href":"https:\/\/www.porlalibreedomex.com\/index.php?rest_route=\/wp\/v2\/posts\/62978\/revisions"}],"predecessor-version":[{"id":62980,"href":"https:\/\/www.porlalibreedomex.com\/index.php?rest_route=\/wp\/v2\/posts\/62978\/revisions\/62980"}],"wp:featuredmedia":[{"embeddable":true,"href":"https:\/\/www.porlalibreedomex.com\/index.php?rest_route=\/wp\/v2\/media\/62979"}],"wp:attachment":[{"href":"https:\/\/www.porlalibreedomex.com\/index.php?rest_route=%2Fwp%2Fv2%2Fmedia&parent=62978"}],"wp:term":[{"taxonomy":"category","embeddable":true,"href":"https:\/\/www.porlalibreedomex.com\/index.php?rest_route=%2Fwp%2Fv2%2Fcategories&post=62978"},{"taxonomy":"post_tag","embeddable":true,"href":"https:\/\/www.porlalibreedomex.com\/index.php?rest_route=%2Fwp%2Fv2%2Ftags&post=62978"}],"curies":[{"name":"wp","href":"https:\/\/api.w.org\/{rel}","templated":true}]}}